{"id":145614,"date":"2025-09-29T03:59:07","date_gmt":"2025-09-29T03:59:07","guid":{"rendered":"https:\/\/www.europesays.com\/es\/145614\/"},"modified":"2025-09-29T03:59:07","modified_gmt":"2025-09-29T03:59:07","slug":"el-sorprendente-anuncio-de-supervivientes-all-stars-sobre-su-futuro-para-relanzar-sus-audiencias","status":"publish","type":"post","link":"https:\/\/www.europesays.com\/es\/145614\/","title":{"rendered":"El sorprendente anuncio de &#8216;Supervivientes All Stars&#8217; sobre su futuro para \u00bfrelanzar sus audiencias?"},"content":{"rendered":"<p>Noticia de impacto la que sacudir\u00e1 la convivencia durante los pr\u00f3ximos d\u00edas en &#8216;<a href=\"https:\/\/eltelevisero.huffingtonpost.es\/2025\/09\/la-pista-de-la-novia-de-ivan-gonzalez-que-apunta-a-la-fecha-de-la-final-de-supervivientes-all-stars\/\" rel=\"nofollow noopener\" target=\"_blank\">Supervivientes All Stars<\/a>&#8216;. Sandra Barneda se ha encargado de comunicar a los espectadores la llegada de un rostro conocido a los Cayos Cochinos. Lo ha hecho durante la emisi\u00f3n de la entrega dominical cuando la presentadora se ha dirigido a los espectadores y a todos los presentes en plat\u00f3. Con su atenci\u00f3n captada, la moderadora del debate ha asegurado tener todo un \u00abnotici\u00f3n\u00bb entre manos. <\/p>\n<p>Poco ha tardado Sandra Barneda en dar a conocer la noticia anunciada: \u00ab<strong>Alguien llega a Honduras<\/strong>\u00ab. La presentadora no se ha quedado ah\u00ed, sino que ha puesto fecha para actualizar las novedades que prepara la organizaci\u00f3n del reality. \u00ab<strong>El martes os decimos quien. Bueno, sobre todo, qui\u00e9n y para qu\u00e9 y por qu\u00e9 y cu\u00e1ndo. El d\u00f3nde lo sab\u00e9is: a Honduras<\/strong>\u00ab, han sido las palabras empleadas por la catalana. <\/p>\n<p>Por tanto, ser\u00e1 Jorge Javier el encargado de anunciar todos los detalles sobre la visita que &#8216;Supervivientes All Stars&#8217; prepara. <a href=\"https:\/\/eltelevisero.huffingtonpost.es\/2025\/09\/elena-rodriguez-alza-la-voz-tras-salir-de-supervivientes-y-cuestiona-la-actuacion-de-jorge-javier-se-juega-con\/\" rel=\"nofollow noopener\" target=\"_blank\">El comunicador catal\u00e1n<\/a> lo har\u00e1 durante la emisi\u00f3n de la versi\u00f3n &#8216;Tierra de Nadie&#8217;. Hasta entonces, se desconoce si se trata de la visita de un rostro famoso o si comienzan las tradicionales visitas semanales. Tampoco se sabe si dichas visitas ser\u00e1n de car\u00e1cter espor\u00e1dico o, si por el contrario, se sumar\u00e1n a la convivencia para as\u00ed crear tramas con las que enganchar a un mayor n\u00famero de espectadores. <\/p>\n<p>La audiencia registrada por &#8216;Supervivientes All Stars&#8217;: posible motivo del cambio<\/p>\n<p>Aunque la organizaci\u00f3n del reality no ha dado m\u00e1s informaci\u00f3n, es necesario remarcar la causa por la que se ha podido apostar por esta f\u00f3rmula: un mecanismo para recuperar audiencia. Esto es debido a que el reality no est\u00e1 registrando los datos esperados para un espacio del calibre de &#8216;Supervivientes All Stars&#8217;.<\/p>\n<p>Cabe recordar que la pasada edici\u00f3n de &#8216;Supervivientes&#8217; cosech\u00f3 una audiencia media de 1.473.000 espectadores y un elevado 21,7% de cuota de pantalla en sus galas semanales. Unos datos muy alejados de la versi\u00f3n actual en la que el espacio de supervivencia se ha dejado cinco puntos puesto que, de media, acumula menos de un mill\u00f3n de espectadores y un 16,1% de share.<\/p>\n","protected":false},"excerpt":{"rendered":"Noticia de impacto la que sacudir\u00e1 la convivencia durante los pr\u00f3ximos d\u00edas en &#8216;Supervivientes All Stars&#8216;. Sandra Barneda&hellip;\n","protected":false},"author":2,"featured_media":145615,"comment_status":"","ping_status":"","sticky":false,"template":"","format":"standard","meta":{"footnotes":""},"categories":[171],"tags":[146,147,25,24,23,214],"class_list":{"0":"post-145614","1":"post","2":"type-post","3":"status-publish","4":"format-standard","5":"has-post-thumbnail","7":"category-tv","8":"tag-entertainment","9":"tag-entretenimiento","10":"tag-es","11":"tag-espana","12":"tag-spain","13":"tag-tv"},"share_on_mastodon":{"url":"","error":""},"_links":{"self":[{"href":"https:\/\/www.europesays.com\/es\/wp-json\/wp\/v2\/posts\/145614","targetHints":{"allow":["GET"]}}],"collection":[{"href":"https:\/\/www.europesays.com\/es\/wp-json\/wp\/v2\/posts"}],"about":[{"href":"https:\/\/www.europesays.com\/es\/wp-json\/wp\/v2\/types\/post"}],"author":[{"embeddable":true,"href":"https:\/\/www.europesays.com\/es\/wp-json\/wp\/v2\/users\/2"}],"replies":[{"embeddable":true,"href":"https:\/\/www.europesays.com\/es\/wp-json\/wp\/v2\/comments?post=145614"}],"version-history":[{"count":0,"href":"https:\/\/www.europesays.com\/es\/wp-json\/wp\/v2\/posts\/145614\/revisions"}],"wp:featuredmedia":[{"embeddable":true,"href":"https:\/\/www.europesays.com\/es\/wp-json\/wp\/v2\/media\/145615"}],"wp:attachment":[{"href":"https:\/\/www.europesays.com\/es\/wp-json\/wp\/v2\/media?parent=145614"}],"wp:term":[{"taxonomy":"category","embeddable":true,"href":"https:\/\/www.europesays.com\/es\/wp-json\/wp\/v2\/categories?post=145614"},{"taxonomy":"post_tag","embeddable":true,"href":"https:\/\/www.europesays.com\/es\/wp-json\/wp\/v2\/tags?post=145614"}],"curies":[{"name":"wp","href":"https:\/\/api.w.org\/{rel}","templated":true}]}}