{"id":145618,"date":"2025-09-29T04:01:07","date_gmt":"2025-09-29T04:01:07","guid":{"rendered":"https:\/\/www.europesays.com\/es\/145618\/"},"modified":"2025-09-29T04:01:07","modified_gmt":"2025-09-29T04:01:07","slug":"alli-el-silencio-es-tan-grande-que-oyes-tu-propia-sangre","status":"publish","type":"post","link":"https:\/\/www.europesays.com\/es\/145618\/","title":{"rendered":"\u201cAll\u00ed el silencio es tan grande que oyes tu propia sangre\u201d"},"content":{"rendered":"<p>Belleza que duele<\/p>\n<p class=\"module-text\">Salt\u00f3 mundialmente a la fama en el 2005 cuando le dieron un Oscar por su emotivo documental El viaje del emperador, sobre la vida de esos ping\u00fcinos ant\u00e1rticos. En el 2007, lanz\u00f3 su segunda pel\u00edcula: Una amistad inolvidable, que narra la relaci\u00f3n de un zorro salvaje y una ni\u00f1a . En el 2019, fund\u00f3 Icebreaker Studios con la ambici\u00f3n de reconectar a la humanidad y la naturaleza a trav\u00e9s de la maravilla y la emoci\u00f3n. Y eso es lo que propone en su exposici\u00f3n Antarctica experience (C\u00fapula Arenas), un viaje inmersivo al polo Sur, donde ha pasado m\u00e1s de tres a\u00f1os y donde entendi\u00f3 lo extremadamente fr\u00e1giles que somos. \u201cLa naturaleza all\u00ed es de una belleza abrumadora, y genera un efecto similar al que sienten los astronautas al ver la Tierra desde el espacio: the overview effect, la conciencia sobre la necesidad de proteger nuestro planeta\u201d.<\/p>\n<p data-gtm-element-container=\"modulo-texto-link\" class=\"paragraph\"><strong>Ha pasado de la ciencia al arte.<\/strong><\/p>\n<p data-gtm-element-container=\"modulo-texto-link\" class=\"paragraph\">De la ciencia aprend\u00ed a mirar la naturaleza. De la naturaleza recib\u00ed la emoci\u00f3n. Y con el cine aprend\u00ed el lenguaje para compartir esa emoci\u00f3n.<\/p>\n<p data-gtm-element-container=\"modulo-texto-link\" class=\"paragraph\"><strong>\u00bfSu forma de mirar el mundo ha cambiado en estos 30 a\u00f1os de oficio?<\/strong><\/p>\n<p data-gtm-element-container=\"modulo-texto-link\" class=\"paragraph\">Se ha vuelto m\u00e1s contemplativa y emocionada. Mi parte racional y cient\u00edfica ve que el mundo se degrada a una velocidad que da miedo y me pregunto c\u00f3mo puedo transmitir ese mensaje para que importe.<\/p>\n<p data-gtm-element-container=\"modulo-texto-link\" class=\"paragraph\"><strong>\u00bfC\u00f3mo establecer una relaci\u00f3n entre los humanos y la naturaleza?<\/strong><\/p>\n<p data-gtm-element-container=\"modulo-texto-link\" class=\"paragraph\">Es simple: somos hijos de la naturaleza. Llevamos cientos de miles de a\u00f1os evolucionando en un mundo donde aprendimos a estar vivos, a predecir, a sentir, a tener instinto, pero desde hace apenas dos o tres generaciones nos convertimos en ciudadanos urbanos.<\/p>\n<p data-gtm-element-container=\"modulo-texto-link\" class=\"paragraph\"><strong>\u00bfYa no entendemos la naturaleza?<\/strong><\/p>\n<p data-gtm-element-container=\"modulo-texto-link\" class=\"paragraph\">No, pero estamos equipados para ello, solo hay que aceptar salir de lo racional y volver al instinto y a la emoci\u00f3n. La naturaleza es lo m\u00e1s f\u00e1cil de sentir, basta con estar.<\/p>\n<p data-gtm-element-container=\"modulo-texto-link\" class=\"paragraph\"><strong>Usted es hijo de la tierra.<\/strong><\/p>\n<p data-gtm-element-container=\"modulo-texto-link\" class=\"paragraph\">S\u00ed, vengo de familia campesina. Ese enraizamiento es un patrimonio que reivindico.<\/p>\n<p data-gtm-element-container=\"modulo-texto-link\" class=\"paragraph\"><strong>\u00bfQu\u00e9 experiencias le marcaron?<\/strong><\/p>\n<p data-gtm-element-container=\"modulo-texto-link\" class=\"paragraph\">Mi abuelo me sentaba en sus rodillas y me mostraba im\u00e1genes de animales. He pasado mi vida intentando satisfacer la curiosidad que \u00e9l me despert\u00f3.<\/p>\n<p data-gtm-element-container=\"modulo-texto-link\" class=\"paragraph\"><strong>\u00bfRecuerda su primera vez en la Ant\u00e1r\u00adtida?<\/strong><\/p>\n<p data-gtm-element-container=\"modulo-texto-link\" class=\"paragraph\">Ten\u00eda 24 a\u00f1os. Fue un choque est\u00e9tico y emocional. Catorce meses en una isla conviviendo 30 personas, con tormentas, ballenas y ping\u00fcinos. Me educaron personas de la generaci\u00f3n pionera, los que construyeron las bases ant\u00e1rticas, aut\u00e9nticos aventureros.<\/p>\n<p data-gtm-element-container=\"modulo-texto-link\" class=\"paragraph\"><strong>\u00bfQu\u00e9 entendi\u00f3?<\/strong><\/p>\n<p data-gtm-element-container=\"modulo-texto-link\" class=\"paragraph\">La cotidianidad de la muerte. Recuerdo caminar en pleno invierno sobre la banquisa, viendo a los polluelos de ping\u00fcino morir porque sus padres no pod\u00edan alimentarlos. Cada gesto cuenta, cada movimiento es clave para sobrevivir. Entiendes tu propia fragilidad.<\/p>\n<p data-gtm-element-container=\"modulo-texto-link\" class=\"paragraph\"><strong>En invierno, si no se agrupan, mueren.<\/strong><\/p>\n<p data-gtm-element-container=\"modulo-texto-link\" class=\"paragraph\">Han renunciado a la propiedad para sobrevivir. El bien com\u00fan es vital. Una hermosa met\u00e1fora de la humanidad.<\/p>\n<p data-gtm-element-container=\"modulo-texto-link\" class=\"paragraph\"><strong>\u00bfAlguna lecci\u00f3n inolvidable?<\/strong><\/p>\n<p data-gtm-element-container=\"modulo-texto-link\" class=\"paragraph\">En las islas subant\u00e1rticas una familia de orcas cazaba en la playa. Un d\u00eda me acerqu\u00e9 demasiado a un elefante marino para filmar. La orca detuvo su ataque y me mir\u00f3. Sent\u00ed que me dec\u00eda: \u201cEres un imb\u00e9cil imprudente\u201d. Vi inteligencia en esa mirada, y eso me marc\u00f3.<\/p>\n<p data-gtm-element-container=\"modulo-texto-link\" class=\"paragraph\"><strong>\u00bfExiste la capacidad de comunicaci\u00f3n con los otros animales?<\/strong><\/p>\n<p data-gtm-element-container=\"modulo-texto-link\" class=\"paragraph\">Quien convive con ellos lo sabe. Hay un lenguaje instintivo. Necesitamos la naturaleza para estar mentalmente sanos. Cuando nace un beb\u00e9 no le damos una m\u00e1quina, le damos un peluche.<\/p>\n<p data-gtm-element-container=\"modulo-texto-link\" class=\"paragraph\"><strong>Por ahora.<\/strong><\/p>\n<p data-gtm-element-container=\"modulo-texto-link\" class=\"paragraph\">Los ni\u00f1os est\u00e1n conectados porque a\u00fan no han entrado en la racionalidad. Est\u00e1n descubriendo qui\u00e9nes son cuando los apartamos de ese mundo, y quedan incompletos.<\/p>\n<p data-gtm-element-container=\"modulo-texto-link\" class=\"paragraph\"><strong>Usted vive en \u00e9l. \u00bfQu\u00e9 me pierdo?<\/strong><\/p>\n<p data-gtm-element-container=\"modulo-texto-link\" class=\"paragraph\">Hoy sal\u00ed de casa. La luna a\u00fan estaba en el cielo. Hab\u00eda llovido. Hac\u00eda fr\u00edo. Me cruc\u00e9 con un peque\u00f1o ant\u00edlope, nos miramos y pens\u00e9: soy un privilegiado. \u00bfQui\u00e9n puede so\u00f1ar con la IA si puede recoger sus propias verduras?<\/p>\n<p data-gtm-element-container=\"modulo-texto-link\" class=\"paragraph\"><strong>\u00bfY si tuvi\u00e9ramos conciencia de especie como el ping\u00fcino emperador?<\/strong><\/p>\n<p data-gtm-element-container=\"modulo-texto-link\" class=\"paragraph\">Podr\u00edamos decir: hay conflictos, vale. Hay religiones distintas, de acuerdo. Pero colectivamente todos necesitamos lo mismo: agua, aire, alimento, amor. Eso podr\u00eda ser un consenso. No es utop\u00eda. Se puede.<\/p>\n<p data-gtm-element-container=\"modulo-texto-link\" class=\"paragraph\"><strong>\u00bfQu\u00e9 vio en los ojos del emperador?<\/strong><\/p>\n<p data-gtm-element-container=\"modulo-texto-link\" class=\"paragraph\">Familiaridad. Caminas solo por la banquisa. Ves una silueta: \u00bfes un compa\u00f1ero? Es un ping\u00fcino. Viene hacia ti, te mira, intenta seducirte. Y como no nos temen, la relaci\u00f3n es de paz. Eso crea una conexi\u00f3n inesperada. Te reconcilian con lo salvaje.<\/p>\n<p data-gtm-element-container=\"modulo-texto-link\" class=\"paragraph\"><strong>\u00bfQu\u00e9 aprendi\u00f3 del hielo?<\/strong><\/p>\n<p data-gtm-element-container=\"modulo-texto-link\" class=\"paragraph\">El silencio. Un silencio tan grande que oyes tu propia sangre. Y las dimensiones: el paisaje blanco se funde con el cielo&#8230; Eso crea adicci\u00f3n, a pesar del fr\u00edo y del aislamiento.<\/p>\n<p data-gtm-element-container=\"modulo-texto-link\" class=\"paragraph\"><strong>\u00bfCu\u00e1l es el mayor error humano frente al mundo natural?<\/strong><\/p>\n<p data-gtm-element-container=\"modulo-texto-link\" class=\"paragraph\">Querer controlarlo. Hay un proverbio que dice: si quieres dominar la naturaleza, obed\u00e9cela. Deber\u00edamos observarla, comprenderla y adaptarnos. Pero solo la consumimos.<\/p>\n<p data-gtm-element-container=\"modulo-texto-link\" class=\"paragraph\"><strong>\u00bfA\u00fan hay esperanza?<\/strong><\/p>\n<p data-gtm-element-container=\"modulo-texto-link\" class=\"paragraph\">Por supuesto. Nacemos con esperanza. Ayer mi hija me dec\u00eda: \u201cYo ya no creo\u201d. Y le respond\u00ed: \u201cAlguien te ha convencido de que no hay esperanza. Recup\u00e9rala. Vuelve a so\u00f1ar\u201d.<\/p>\n<p data-gtm-element-container=\"modulo-texto-link\" class=\"paragraph\"><strong>\u00bfLa \u00faltima vez que llor\u00f3 ante un paisaje?<\/strong><\/p>\n<p data-gtm-element-container=\"modulo-texto-link\" class=\"paragraph\">Hace demasiado. Una de las m\u00e1s bellas piezas que he le\u00eddo es el C\u00e1ntico de las criaturas de san Francisco de As\u00eds, por la gratitud que expresa hacia el sol, la luna, el viento, el aire, las nubes, el cielo sereno, un estado de \u00e1nimo que hay que alimentar.<\/p>\n","protected":false},"excerpt":{"rendered":"Belleza que duele Salt\u00f3 mundialmente a la fama en el 2005 cuando le dieron un Oscar por su&hellip;\n","protected":false},"author":2,"featured_media":145619,"comment_status":"","ping_status":"","sticky":false,"template":"","format":"standard","meta":{"footnotes":""},"categories":[169],"tags":[177,146,147,25,24,176,175,23],"class_list":{"0":"post-145618","1":"post","2":"type-post","3":"status-publish","4":"format-standard","5":"has-post-thumbnail","7":"category-cine","8":"tag-cine","9":"tag-entertainment","10":"tag-entretenimiento","11":"tag-es","12":"tag-espana","13":"tag-film","14":"tag-movies","15":"tag-spain"},"share_on_mastodon":{"url":"","error":""},"_links":{"self":[{"href":"https:\/\/www.europesays.com\/es\/wp-json\/wp\/v2\/posts\/145618","targetHints":{"allow":["GET"]}}],"collection":[{"href":"https:\/\/www.europesays.com\/es\/wp-json\/wp\/v2\/posts"}],"about":[{"href":"https:\/\/www.europesays.com\/es\/wp-json\/wp\/v2\/types\/post"}],"author":[{"embeddable":true,"href":"https:\/\/www.europesays.com\/es\/wp-json\/wp\/v2\/users\/2"}],"replies":[{"embeddable":true,"href":"https:\/\/www.europesays.com\/es\/wp-json\/wp\/v2\/comments?post=145618"}],"version-history":[{"count":0,"href":"https:\/\/www.europesays.com\/es\/wp-json\/wp\/v2\/posts\/145618\/revisions"}],"wp:featuredmedia":[{"embeddable":true,"href":"https:\/\/www.europesays.com\/es\/wp-json\/wp\/v2\/media\/145619"}],"wp:attachment":[{"href":"https:\/\/www.europesays.com\/es\/wp-json\/wp\/v2\/media?parent=145618"}],"wp:term":[{"taxonomy":"category","embeddable":true,"href":"https:\/\/www.europesays.com\/es\/wp-json\/wp\/v2\/categories?post=145618"},{"taxonomy":"post_tag","embeddable":true,"href":"https:\/\/www.europesays.com\/es\/wp-json\/wp\/v2\/tags?post=145618"}],"curies":[{"name":"wp","href":"https:\/\/api.w.org\/{rel}","templated":true}]}}