{"id":145630,"date":"2025-09-29T04:07:12","date_gmt":"2025-09-29T04:07:12","guid":{"rendered":"https:\/\/www.europesays.com\/es\/145630\/"},"modified":"2025-09-29T04:07:12","modified_gmt":"2025-09-29T04:07:12","slug":"los-ultras-presionan-a-netanyahu-para-continuar-la-ofensiva-en-gaza-mientras-trump-alimenta-las-expectativas-de-un-alto-el-fuego-internacional","status":"publish","type":"post","link":"https:\/\/www.europesays.com\/es\/145630\/","title":{"rendered":"Los ultras presionan a Netanyahu para continuar la ofensiva en Gaza mientras Trump alimenta las expectativas de un alto el fuego | Internacional"},"content":{"rendered":"<p class=\"\"><a href=\"https:\/\/elpais.com\/internacional\/2025-09-26\/trump-promueve-un-plan-para-frenar-la-masacre-en-gaza-y-crear-un-gobierno-transitorio-liderado-por-tony-blair.html\" target=\"_self\" rel=\"nofollow noopener\" title=\"https:\/\/elpais.com\/internacional\/2025-09-26\/trump-promueve-un-plan-para-frenar-la-masacre-en-gaza-y-crear-un-gobierno-transitorio-liderado-por-tony-blair.html\">La propuesta de paz para Gaza que Donald Trump<\/a> discutir\u00e1 este lunes en la Casa Blanca con el primer ministro israel\u00ed ha colocado a Benjam\u00edn Netanyahu ante un dilema. El de elegir entre aprobar el plan e incumplir la exigencia de sus socios ultras de Gobierno de que prosiga con la invasi\u00f3n y arrase la Franja, o bien rechazar la propuesta del presidente de Estados Unidos y dejar en evidencia a un Trump que lleva d\u00edas dando por hecho que la tregua se har\u00e1 realidad. Este domingo, el republicano aliment\u00f3 de nuevo las expectativas de un alto el fuego en el martirizado enclave palestino, donde ya se ha superado el umbral de 66.000 muertos en ataques israel\u00edes. <\/p>\n<p class=\"\">Con su habitual gusto por las may\u00fasculas a modo de grito impreso, <a href=\"https:\/\/elpais.com\/internacional\/2025-09-28\/trump-alimenta-las-expectativas-de-un-alto-el-fuego-en-gaza-la-vispera-de-su-reunion-con-netanyahu.html\" target=\"_self\" rel=\"nofollow noopener\" title=\"https:\/\/elpais.com\/internacional\/2025-09-28\/trump-alimenta-las-expectativas-de-un-alto-el-fuego-en-gaza-la-vispera-de-su-reunion-con-netanyahu.html\">Trump public\u00f3 un mensaje en su red social Truth<\/a> donde, de nuevo, dio por hecho ese alto el fuego que la extrema derecha nacionalista y religiosa israel\u00ed no ve con buenos ojos: \u201cTenemos una oportunidad real de ALGO GRANDE EN ORIENTE PR\u00d3XIMO. TODOS A BORDO PARA ALGO ESPECIAL, POR PRIMERA VEZ. \u00a1\u00a1\u00a1LO LOGRAREMOS!!!\u201d, escribi\u00f3 el presidente. <\/p>\n<p class=\"\">Menos de 24 horas antes de que Netanyahu atraviese este lunes el umbral de la Casa Blanca, ni Israel ni Ham\u00e1s\u2014 que asegur\u00f3 este domingo no haber recibido una copia del documento\u2014, se hab\u00edan comprometido a rubricarlo. Fuentes pr\u00f3ximas al primer ministro, citadas por la emisora p\u00fablica Kan, s\u00ed aseguraron que la \u201cmayor\u00eda de la propuesta\u201d de Trump es \u201caceptable\u201d y que se podr\u00eda alcanzar un acuerdo. <\/p>\n<p class=\"\">De la reuni\u00f3n bilateral de este lunes, la cuarta que los dos mandatarios mantendr\u00e1n desde la vuelta al poder de Trump en enero, se espera no solo que se concrete un posible alto el fuego en Gaza, sino tambi\u00e9n que Netanyahu precise la respuesta oficial de Israel a <a href=\"https:\/\/elpais.com\/internacional\/2025-09-22\/francia-reconoce-en-la-onu-el-estado-palestino-pese-a-la-presion-de-israel.html\" target=\"_self\" rel=\"nofollow noopener\" title=\"https:\/\/elpais.com\/internacional\/2025-09-22\/francia-reconoce-en-la-onu-el-estado-palestino-pese-a-la-presion-de-israel.html\">la oleada de reconocimientos del Estado de Palestina<\/a>, que se escenific\u00f3 la semana pasada en la Asamblea General de la ONU. <\/p>\n<p class=\"\">Seg\u00fan numerosas fuentes, esa respuesta israel\u00ed podr\u00eda ser el anuncio de la anexi\u00f3n oficial, en flagrante violaci\u00f3n del derecho internacional, de buena parte de Cisjordania, territorio palestino ocupado por Israel desde 1967, al igual que Gaza y Jerusal\u00e9n Este. El viernes, Trump desautoriz\u00f3 esa decisi\u00f3n: \u201cNo permitir\u00e9 que Israel se anexione Cisjordania\u2026 ya ha sido suficiente. Es hora de parar ahora\u201d, dijo.<\/p>\n<p class=\"\">Esa declaraci\u00f3n del republicano y el horizonte de una posible tregua en Gaza han provocado un toque a rebato de los socios ultras del Gobierno de Netanyahu. Son los mismos que tienen en sus manos la continuidad de una coalici\u00f3n que podr\u00eda caer si la abandonan y le retiran su apoyo parlamentario. Tambi\u00e9n son quienes han marcado la v\u00eda a seguir al primer ministro<a href=\"https:\/\/elpais.com\/internacional\/2025-05-25\/netanyahu-impulsa-en-gaza-la-agenda-mas-radical-de-la-extrema-derecha-israeli.html\" target=\"_self\" rel=\"nofollow noopener\" title=\"https:\/\/elpais.com\/internacional\/2025-05-25\/netanyahu-impulsa-en-gaza-la-agenda-mas-radical-de-la-extrema-derecha-israeli.html\"> desde el inicio de la invasi\u00f3n del territorio palestino<\/a>, en octubre de 2023. <\/p>\n<p class=\"\">Este fin de semana, los ministros de Seguridad Nacional, Itamar Ben Gvir, y Finanzas, Bezalel Smotrich, amenazaron de forma apenas velada a Netanyahu si acepta el alto el fuego y acaba con la ofensiva en Gaza. Ambos ministros le conminaron tambi\u00e9n a hacer oficial la anexi\u00f3n de Cisjordania \u2014sin mencionar la negativa del presidente de EE UU\u2014 y a rechazar la posibilidad de un Estado palestino, a la que alude uno de los 21 apartados de la propuesta de Washington.<\/p>\n<p class=\"\"><a href=\"https:\/\/elpais.com\/internacional\/2025-08-17\/violencia-sin-limites-en-cisjordania-fue-muy-facil-matar-a-mi-hermano.html\" target=\"_self\" rel=\"nofollow noopener\" title=\"https:\/\/elpais.com\/internacional\/2025-08-17\/violencia-sin-limites-en-cisjordania-fue-muy-facil-matar-a-mi-hermano.html\">El movimiento radical de colonos al que Ben Gvir y Smotrich dan voz y voto<\/a> en las instituciones se sum\u00f3 luego a las presiones de estos dos ministros. El Consejo Yesha \u2014una organizaci\u00f3n paraestatal de alcaldes y representantes de los ilegales asentamientos israel\u00edes en Cisjordania\u2014 envi\u00f3 a Washington este s\u00e1bado una delegaci\u00f3n \u201cde urgencia\u201d, seg\u00fan un comunicado de la organizaci\u00f3n. Los colonos tienen previsto reunirse con Netanyahu este lunes, antes de su encuentro con Trump, para \u201cgarantizar que impulse con todas sus fuerzas la soberan\u00eda [la anexi\u00f3n de Cisjordania]\u201d, declar\u00f3 a The Jerusalem Post uno de ellos, Omer Rahamim.<\/p>\n<p class=\"\">Los dos ministros ultras hab\u00edan felicitado el viernes a Netanyahu por su discurso en la Asamblea General de ONU \u2014<a href=\"https:\/\/elpais.com\/videos\/2025-09-26\/la-mayoria-de-paises-abandonan-la-asamblea-general-de-la-onu-a-la-llegada-de-netanyahu.html\" target=\"_self\" rel=\"nofollow noopener\" title=\"https:\/\/elpais.com\/videos\/2025-09-26\/la-mayoria-de-paises-abandonan-la-asamblea-general-de-la-onu-a-la-llegada-de-netanyahu.html\">casi vac\u00eda en protesta por la ofensiva en Gaza<\/a>\u2014, en la que <a href=\"https:\/\/elpais.com\/internacional\/2025-09-26\/netanyahu-niega-la-hambruna-en-gaza-en-una-asamblea-de-la-onu-casi-vacia-como-protesta-por-la-masacre.html\" target=\"_self\" rel=\"nofollow noopener\" title=\"https:\/\/elpais.com\/internacional\/2025-09-26\/netanyahu-niega-la-hambruna-en-gaza-en-una-asamblea-de-la-onu-casi-vacia-como-protesta-por-la-masacre.html\">equipar\u00f3 un Estado palestino con un \u201csuicidio nacional\u201d<\/a>, que prometi\u00f3 no permitir. <\/p>\n<p><img decoding=\"auto\" class=\"_re lazyload a_m-h\" height=\"277\"  width=\"414\"  src=\"https:\/\/www.europesays.com\/es\/wp-content\/uploads\/2025\/09\/GHMFP4UH3VBVJJRRWBJ3CSDXVE.JPG\" loading=\"lazy\"\/>La sala plenaria de la Asamblea General de la ONU, casi vac\u00eda durante la intervenci\u00f3n de Benjam\u00edn Netanyahu, el pasado viernes.Kylie Cooper (REUTERS)<\/p>\n<p class=\"\">Seg\u00fan el Canal 12 israel\u00ed, Smotrich ha planteado tres exigencias a Netanyahu para avalar el plan de Trump: que se descarte la participaci\u00f3n de la Autoridad Nacional Palestina en el gobierno de Gaza y en el de Cisjordania; que Ham\u00e1s sea desmantelada y que Israel se anexione zonas de Cisjordania. <\/p>\n<p class=\"\">Este domingo, el comentarista pol\u00edtico israel\u00ed Ben Caspit ironizaba en el diario Maariv sobre la decisi\u00f3n de Netanyahu de colocar altavoces en Gaza el pasado viernes para obligar a sus habitantes a escuchar su intervenci\u00f3n en la ONU. El s\u00e1bado, dec\u00eda Caspit, \u201cfue el turno del d\u00fao Smotrich y Ben Gvir de colocar potentes altavoces cerca de Netanyahu y lanzar a todo volumen una amenaza expl\u00edcita: la aplicaci\u00f3n del plan de Trump, tal y como se ha informado en los \u00faltimos d\u00edas, supondr\u00e1 el fin del Gobierno\u201d.<\/p>\n<p>Presiones sobre Trump<\/p>\n<p class=\"\">Trump, por su parte, tambi\u00e9n afronta presiones respecto a Gaza. Por un lado, la creciente indignaci\u00f3n global y de los pa\u00edses occidentales contra un aliado israel\u00ed cada vez m\u00e1s inc\u00f3modo \u2014y d\u00edscolo a ojos de un presidente estadounidense que no tolera el disenso\u2014 a cuenta de lo que ya <a href=\"https:\/\/elpais.com\/internacional\/2025-09-16\/una-comision-de-la-onu-acusa-a-israel-de-genocidio-en-gaza.html\" target=\"_self\" rel=\"nofollow noopener\" title=\"https:\/\/elpais.com\/internacional\/2025-09-16\/una-comision-de-la-onu-acusa-a-israel-de-genocidio-en-gaza.html\">incluso una comisi\u00f3n independiente de la ONU <\/a>define como un genocidio en Gaza. <\/p>\n<p class=\"\">El rechazo expresado por el republicano a una hipot\u00e9tica anexi\u00f3n de Cisjordania entra adem\u00e1s en plena contradicci\u00f3n con la postura que defiende, por ejemplo, <a href=\"https:\/\/elpais.com\/internacional\/2025-01-21\/trump-deroga-las-sanciones-a-colonos-violentos-de-israel-y-se-muestra-pesimista-sobre-el-alto-el-fuego-en-gaza.html\" rel=\"nofollow noopener\" target=\"_blank\">su embajador en Israel, Mike Huckabee, un cristiano evang\u00e9lico que niega la existencia de Cisjordania<\/a>, a la que se refiere con los nombres oficiales del Estado jud\u00edo: Judea y Samaria. Trump puede verse entre la espada y la pared de la amplia comunidad de votantes evang\u00e9licos, que apoyan la \u201cmisi\u00f3n\u201d b\u00edblica de Israel en Palestina, y de los intereses del poderoso lobby jud\u00edo estadounidense.<\/p>\n<p class=\"\">Por otro lado, el republicano encara la presi\u00f3n de importantes aliados en Oriente Pr\u00f3ximo, como Emiratos \u00c1rabes Unidos (EAU), que han advertido a su Administraci\u00f3n y al Gobierno israel\u00ed de que una hipot\u00e9tica anexi\u00f3n de Cisjordania da\u00f1ar\u00eda profundamente el tratado de paz entre EAU e Israel, sancionado gracias a los Acuerdos de Abraham en 2020. Esos pactos \u2014que Trump no renuncia a ampliar a la gran potencia sun\u00ed, Arabia Saud\u00ed\u2014 son vistos por el presidente como el mayor \u00e9xito de la pol\u00edtica exterior de su primer mandato. <\/p>\n<p class=\"\">Antes de desautorizar la anexi\u00f3n a Israel de Cisjordania, Trump hab\u00eda dado garant\u00edas de ello en privado a l\u00edderes \u00e1rabes y musulmanes, <a href=\"https:\/\/elpais.com\/internacional\/2025-09-28\/el-america-first-de-trump-coloniza-la-onu.html\" target=\"_self\" rel=\"nofollow noopener\" title=\"https:\/\/elpais.com\/internacional\/2025-09-28\/el-america-first-de-trump-coloniza-la-onu.html\">con los que se reuni\u00f3 en los m\u00e1rgenes de la cita de la ONU<\/a> el martes. <\/p>\n<p class=\"\">En realidad, los 21 puntos que recoge la \u00faltima propuesta de Washington para el enclave palestino no difieren en sus elementos centrales de propuestas anteriores, como la que permiti\u00f3 la tregua de enero, que Israel rompi\u00f3 en marzo para no tener que acabar con la ofensiva. <\/p>\n<p class=\"\">Se trata de un alto el fuego permanente; la liberaci\u00f3n de los 48 rehenes israel\u00edes -solo una veintena siguen vivos-; la retirada gradual de Israel del territorio; y un plan de posguerra que incluya un mecanismo de gobierno transitorio sin Ham\u00e1s, apoyado por la ONU, hasta que una Autoridad Palestina reformada sea considerada capaz de asumir el Gobierno de la Franja. Esa participaci\u00f3n se interpreta como una concesi\u00f3n a los aliados \u00e1rabes de Trump. Tambi\u00e9n la menci\u00f3n a un futuro Estado palestino. <\/p>\n<p class=\"\">Apruebe el plan o no, Israel tiene una larga historia de incumplimientos de acuerdos, compromisos y resoluciones de la ONU desde su creaci\u00f3n en 1948. Aceptar un alto el fuego que luego se puede romper, como ya hizo en marzo; tolerar la menci\u00f3n a un Estado palestino al que se niega de plano e incluso irritar a\u00fan m\u00e1s a Trump al anunciar la anexi\u00f3n de Cisjordania podr\u00eda no ser inasumible para Netanyahu. <\/p>\n<p class=\"\">Tampoco lo ser\u00eda renunciar a ese anuncio o posponerlo, arriesg\u00e1ndose as\u00ed a contrariar a sus socios ultras de Gobierno. Sobre todo porque, si bien los ministros ultras y los colonos reclaman un marchamo de oficialidad, sobre el terreno la anexi\u00f3n de hecho de Cisjordania avanza sin freno. En agosto, la coalici\u00f3n de Netanyahu con la derecha ultranacionalista y formaciones ultraortodoxas <a href=\"https:\/\/elpais.com\/internacional\/2025-09-23\/la-estrategica-colonia-en-cisjordania-con-la-que-netanyahu-busca-hacer-imposible-un-estado-palestino.html\" target=\"_self\" rel=\"nofollow noopener\" title=\"https:\/\/elpais.com\/internacional\/2025-09-23\/la-estrategica-colonia-en-cisjordania-con-la-que-netanyahu-busca-hacer-imposible-un-estado-palestino.html\">aprob\u00f3 el E1, un asentamiento jud\u00edo que parte Cisjordania en dos.<\/a> Ese proyecto convierte en pr\u00e1cticamente imposible un futuro Estado palestino que tenga de Estado algo m\u00e1s que el nombre.<\/p>\n","protected":false},"excerpt":{"rendered":"La propuesta de paz para Gaza que Donald Trump discutir\u00e1 este lunes en la Casa Blanca con el&hellip;\n","protected":false},"author":2,"featured_media":145631,"comment_status":"","ping_status":"","sticky":false,"template":"","format":"standard","meta":{"footnotes":""},"categories":[42],"tags":[13241,17,18,68,70,71,72,13,14,73,69,75,11,61,62,63,64,74,19,20,9,10,15,16,77,76,12,21,22,65,66,67],"class_list":{"0":"post-145630","1":"post","2":"type-post","3":"status-publish","4":"format-standard","5":"has-post-thumbnail","7":"category-internacional","8":"tag-benjamin-netanyahu","9":"tag-breaking-news","10":"tag-breakingnews","11":"tag-conflicto-arabe-israeli","12":"tag-conflictos","13":"tag-conflictos-armados","14":"tag-conflictos-internacionales","15":"tag-featured-news","16":"tag-featurednews","17":"tag-franja-gaza","18":"tag-guerra","19":"tag-hamas","20":"tag-headlines","21":"tag-internacional","22":"tag-international","23":"tag-international-news","24":"tag-internationalnews","25":"tag-israel","26":"tag-latest-news","27":"tag-latestnews","28":"tag-news","29":"tag-noticias","30":"tag-noticias-destacadas","31":"tag-noticiasdestacadas","32":"tag-oriente-proximo","33":"tag-palestina","34":"tag-titulares","35":"tag-ultimas-noticias","36":"tag-ultimasnoticias","37":"tag-world","38":"tag-world-news","39":"tag-worldnews"},"share_on_mastodon":{"url":"","error":""},"_links":{"self":[{"href":"https:\/\/www.europesays.com\/es\/wp-json\/wp\/v2\/posts\/145630","targetHints":{"allow":["GET"]}}],"collection":[{"href":"https:\/\/www.europesays.com\/es\/wp-json\/wp\/v2\/posts"}],"about":[{"href":"https:\/\/www.europesays.com\/es\/wp-json\/wp\/v2\/types\/post"}],"author":[{"embeddable":true,"href":"https:\/\/www.europesays.com\/es\/wp-json\/wp\/v2\/users\/2"}],"replies":[{"embeddable":true,"href":"https:\/\/www.europesays.com\/es\/wp-json\/wp\/v2\/comments?post=145630"}],"version-history":[{"count":0,"href":"https:\/\/www.europesays.com\/es\/wp-json\/wp\/v2\/posts\/145630\/revisions"}],"wp:featuredmedia":[{"embeddable":true,"href":"https:\/\/www.europesays.com\/es\/wp-json\/wp\/v2\/media\/145631"}],"wp:attachment":[{"href":"https:\/\/www.europesays.com\/es\/wp-json\/wp\/v2\/media?parent=145630"}],"wp:term":[{"taxonomy":"category","embeddable":true,"href":"https:\/\/www.europesays.com\/es\/wp-json\/wp\/v2\/categories?post=145630"},{"taxonomy":"post_tag","embeddable":true,"href":"https:\/\/www.europesays.com\/es\/wp-json\/wp\/v2\/tags?post=145630"}],"curies":[{"name":"wp","href":"https:\/\/api.w.org\/{rel}","templated":true}]}}