{"id":145634,"date":"2025-09-29T04:09:21","date_gmt":"2025-09-29T04:09:21","guid":{"rendered":"https:\/\/www.europesays.com\/es\/145634\/"},"modified":"2025-09-29T04:09:21","modified_gmt":"2025-09-29T04:09:21","slug":"real-madrid-confirma-salida-de-gustavo-ayon","status":"publish","type":"post","link":"https:\/\/www.europesays.com\/es\/145634\/","title":{"rendered":"Real Madrid confirma salida de Gustavo Ay\u00f3n"},"content":{"rendered":"<p>28  de  sep, 2025, 16:10 ET<\/p>\n<p><strong>Valencia Basket derrot\u00f3 a Real Madrid por 94-98<\/strong> y se proclam\u00f3 por segunda vez en su historia campe\u00f3n de la Supercopa tras llevarse una vibrante final este domingo en M\u00e1laga por su intensidad y m\u00e1xima igualdad en la que destacaron el base internacional espa\u00f1ol Sergio De Larrea, autor de 21 puntos y nombrado mejor jugador del torneo, y el escolta estadounidense Kameron Taylor, que anot\u00f3 17.<\/p>\n<p>Los de Pedro Mart\u00ednez frustraron el segundo t\u00edtulo de Scariolo co Real Madrid, que jugaba su octava final de Supercopa consecutiva y buscaba el und\u00e9cima corona en este torneo, mientras que el Valencia logr\u00f3 levantar el segundo trofeo de Supercopa por ser m\u00e1s decisivo en los instantes de mayor tensi\u00f3n.<\/p>\n<p>Los 21 puntos de valoraci\u00f3n tanto de Taylor como de De Larrea se llevaron los focos, pero el cuadro naranja hizo un torneo complet\u00edsimo que evidencia el ilusionante proyecto que apunta m\u00e1s alto este a\u00f1o, en coincidencia con la inauguraci\u00f3n de su nuevo pabell\u00f3n, el Roig Arena.<\/p>\n<p>Scariolo decidi\u00f3 el descarte de Chima Okeke y la entrada del ala-p\u00edvot canadiense Trey Lyles, que debut\u00f3 con buenos minutos sobre el parqu\u00e9. En Valencia, lleg\u00f3 a tiempo el p\u00edvot Neal Sako, aunque sin olvidar las importantes bajas de Jean Montero, Xabi L\u00f3pez-Arostegui y Yankuba Sima, entre otros.<\/p>\n<p>La igualdad fue patente desde el comienzo. Se empez\u00f3 a ver a dos equipos muy concentrados en la anotaci\u00f3n, por dentro y por fuera, y con una intensidad defensiva alt\u00edsima.<\/p>\n<p>Un robo con canasta de Sergio De Larrea, que ya en el Eurobasket demostr\u00f3 que no es promesa, sino una realidad, puso a Valencia por delante tras varios minutos al rebufo y pidi\u00f3 tiempo muerto Scariolo para el reajuste.<\/p>\n<p>Minutos despu\u00e9s, misma situaci\u00f3n: charla de Sergio Scariolo pizarra en mano cuando Valencia reinaba en la final por 34-40 a cuatro minutos del descanso. De nuevo, como ocurri\u00f3 en la semifinal ante La Laguna Tenerife, el Real Madrid hab\u00eda dado un baj\u00f3n en el segundo cuarto.<\/p>\n<p>Valencia atacaba con mucho sentido y manten\u00eda la batalla del rebote de manera muy pareja, algo fundamental para superar a los blancos. El domino de los rechaces de canasta fue el gran pilar del Madrid en su espesa semifinal.<\/p>\n<p>Un triple de Llull parec\u00eda frenar la ca\u00edda, pero el Valencia segu\u00eda mandando y estuvo muy fino en el \u00faltimo tramo justamente anterior al descanso, con un nivel de acierto sensacional de Omari Moore (44-51, min 20).<\/p>\n<p>El factor Mario Hezonja, m\u00e1ximo anotador de los suyos con 19 d\u00edgitos, apareci\u00f3 cuando m\u00e1s lo necesitaba el conjunto madridista, y en el ecuador del tercer cuarto, de nuevo el Madrid ganaba 59-55 gracias a la punter\u00eda del alero croata y la mejora colectiva de los suyos.<\/p>\n<p>El Valencia, en problemas por primera vez en esta final, tuvo que parar el partido con 64-58 en contra. Pedro Mart\u00ednez dict\u00f3 desde el banquillo, De Larrea y Jaime Pradilla ejecutaron en pista y el partido en un pu\u00f1o otra vez (69-69), con m\u00e1s de medio Carpena animando al bando valencianista.<\/p>\n<p>En la tensi\u00f3n de los \u00faltimos minutos, se impuso el contacto bajo aro. Un dos m\u00e1s uno detr\u00e1s de otro, defensas al l\u00edmite, presi\u00f3n para los \u00e1rbitros y un resultado muy ajustado.<\/p>\n<p>Edy Tavares, con cinco faltas, acab\u00f3 descalificado a 3:02 del final cuando ganaba de cinco puntos el equipo taronja, que gestion\u00f3 bien la concentraci\u00f3n, se benefici\u00f3 de los errores en tiros clave del Real Madrid y de los tiros libres por bonus y se alz\u00f3 con el primer t\u00edtulo de la temporada.<\/p>\n<p><strong>Ficha t\u00e9cnica:<\/strong><\/p>\n<p>94- Real Madrid (27+17+25+25): Feliz (7), Hezonja (19), Abalde (3), <strong>Deck (11)<\/strong>, Tavares (7) -quinteto inicial- Lyles (9), Kramer (5), Deck (11), Garuba (3), Fernando (0), Procida (3), Llull (9), <strong>Campazzo (18).<\/strong><\/p>\n<p>98- Valencia Basket (24+27+18+29): De Larrea (21), Taylor (17), Moore (10), Reuvers (12), Pradilla (9) -quinteto inicial- Puerto (10), Costello (2), Sako (6), Thompson (9), Iroegbu (2).<\/p>\n","protected":false},"excerpt":{"rendered":"28 de sep, 2025, 16:10 ET Valencia Basket derrot\u00f3 a Real Madrid por 94-98 y se proclam\u00f3 por&hellip;\n","protected":false},"author":2,"featured_media":145635,"comment_status":"","ping_status":"","sticky":false,"template":"","format":"standard","meta":{"footnotes":""},"categories":[5],"tags":[17,18,25,24,13,14,11,19,20,9,10,15,16,23,12,21,22],"class_list":{"0":"post-145634","1":"post","2":"type-post","3":"status-publish","4":"format-standard","5":"has-post-thumbnail","7":"category-titulares","8":"tag-breaking-news","9":"tag-breakingnews","10":"tag-es","11":"tag-espana","12":"tag-featured-news","13":"tag-featurednews","14":"tag-headlines","15":"tag-latest-news","16":"tag-latestnews","17":"tag-news","18":"tag-noticias","19":"tag-noticias-destacadas","20":"tag-noticiasdestacadas","21":"tag-spain","22":"tag-titulares","23":"tag-ultimas-noticias","24":"tag-ultimasnoticias"},"share_on_mastodon":{"url":"","error":""},"_links":{"self":[{"href":"https:\/\/www.europesays.com\/es\/wp-json\/wp\/v2\/posts\/145634","targetHints":{"allow":["GET"]}}],"collection":[{"href":"https:\/\/www.europesays.com\/es\/wp-json\/wp\/v2\/posts"}],"about":[{"href":"https:\/\/www.europesays.com\/es\/wp-json\/wp\/v2\/types\/post"}],"author":[{"embeddable":true,"href":"https:\/\/www.europesays.com\/es\/wp-json\/wp\/v2\/users\/2"}],"replies":[{"embeddable":true,"href":"https:\/\/www.europesays.com\/es\/wp-json\/wp\/v2\/comments?post=145634"}],"version-history":[{"count":0,"href":"https:\/\/www.europesays.com\/es\/wp-json\/wp\/v2\/posts\/145634\/revisions"}],"wp:featuredmedia":[{"embeddable":true,"href":"https:\/\/www.europesays.com\/es\/wp-json\/wp\/v2\/media\/145635"}],"wp:attachment":[{"href":"https:\/\/www.europesays.com\/es\/wp-json\/wp\/v2\/media?parent=145634"}],"wp:term":[{"taxonomy":"category","embeddable":true,"href":"https:\/\/www.europesays.com\/es\/wp-json\/wp\/v2\/categories?post=145634"},{"taxonomy":"post_tag","embeddable":true,"href":"https:\/\/www.europesays.com\/es\/wp-json\/wp\/v2\/tags?post=145634"}],"curies":[{"name":"wp","href":"https:\/\/api.w.org\/{rel}","templated":true}]}}