{"id":145675,"date":"2025-09-29T04:42:14","date_gmt":"2025-09-29T04:42:14","guid":{"rendered":"https:\/\/www.europesays.com\/es\/145675\/"},"modified":"2025-09-29T04:42:14","modified_gmt":"2025-09-29T04:42:14","slug":"lucia-ponti-19-sobre-los-veranos-con-su-abuela-sophia-loren","status":"publish","type":"post","link":"https:\/\/www.europesays.com\/es\/145675\/","title":{"rendered":"Lucia Ponti (19), sobre los veranos con su abuela Sophia Loren"},"content":{"rendered":"<p data-journey-content=\"true\" data-node-id=\"2\" class=\"css-6wxqfj emevuu60\">Sophia Loren (Roma, 1934) ha dedicado su vida al cine y a su familia. A sus 91 a\u00f1os ha demostrado ser una trabajadora incansable con la pasi\u00f3n de una artista que, a lo largo de los a\u00f1os, ha acumulado experiencias valiosas y complejas. Lo mismo puede decirse de su historia personal: <strong data-node-id=\"2.1\">su relaci\u00f3n con Carlo Ponti, el productor con el que comparti\u00f3 m\u00e1s de medio siglo<\/strong>, estuvo llena de altibajos, pero tambi\u00e9n cre\u00f3 la familia que hoy mantiene vivo su legado.<\/p>\n<p data-journey-content=\"true\" data-node-id=\"3\" class=\"css-6wxqfj emevuu60\">Y es que el gen art\u00edstico no se ha quedado solo en Sophia Loren, sino que ahora sus nietos han sabido presumir y aprender de sus padres. Su hijo <strong data-node-id=\"3.1\">Edoardo Ponti es un reconocido director y guionista<\/strong>, de hecho, film\u00f3 la que hasta el momento ha sido la \u00faltima pel\u00edcula de Sophia Loren para Netflix <a href=\"https:\/\/www.elle.com\/es\/living\/ocio-cultura\/a34445150\/la-vida-por-delante-pelicula-netflix-estreno-trailer-sophia-loren\/\" data-vars-ga-outbound-link=\"https:\/\/www.elle.com\/es\/living\/ocio-cultura\/a34445150\/la-vida-por-delante-pelicula-netflix-estreno-trailer-sophia-loren\/\" data-vars-ga-ux-element=\"Hyperlink\" data-vars-ga-call-to-action=\"\u2018La vida por delante\u2019\" data-node-id=\"3.3\" class=\"body-link css-103hk4r emevuu60\" rel=\"nofollow noopener\" target=\"_blank\">\u2018La vida por delante\u2019<\/a>, con un gran \u00e9xito tanto del p\u00fablico como de la industria. <\/p>\n<p><img draggable=\"true\" alt=\"&lt;p&gt;el productor de cine italiano carlo ponti hizo su entrada en el festival con su esposa, la estrella de cine soph\u00eda loren en 1966.&lt;\/p&gt;\" title=\"Sophia Loren y Carlo Ponti\" loading=\"lazy\" width=\"678\" height=\"1024\" decoding=\"async\" data-nimg=\"1\" style=\"color:transparent;width:100%;height:auto;\"   src=\"https:\/\/www.europesays.com\/es\/wp-content\/uploads\/2025\/09\/original-rejas-iconicas-de-cannes-sophia-loren-y-carlo-ponti-12796880-1-esl-es-sophia-loren-y-carlo-.jpeg\" class=\"css-0 e1g79fud0\"\/><a target=\"_blank\" rel=\"noopener nofollow\" data-theme-key=\"base-link\" href=\"https:\/\/pinterest.com\/pin\/create\/button\/?url=https:\/\/www.elle.com\/es\/living\/ocio-cultura\/a65970002\/lucia-ponti-nieta-sophia-loren-veranos\/&amp;description=- ElleSpain&amp;media=https:\/\/hips.hearstapps.com\/ellees.h-cdn.co\/assets\/15\/37\/original\/original-rejas-iconicas-de-cannes-sophia-loren-y-carlo-ponti-12796880-1-esl-es-sophia-loren-y-carlo-ponti-jpg.jpg?resize=1600:*\" class=\"pinterest css-on9hn5 e1c1bym14\"><img decoding=\"async\" data-dynamic-svg=\"true\" src=\"https:\/\/www.elle.com\/_assets\/design-tokens\/fre\/static\/icons\/social\/pinterest.e8cf655.svg?primary=%2523ffffff\" loading=\"lazy\" data-testid=\"dynamic-svg-base\" height=\"auto\" width=\"auto\" alt=\"pinterest\" class=\"css-4lml0h e1mlxuuw1\"\/><\/a>Getty Images<\/p>\n<p>Sophia Loren y Carlo Ponti<\/p>\n<p> <strong data-node-id=\"6.0\">Las ra\u00edces son las ra\u00edces<\/strong><\/p>\n<p data-journey-content=\"true\" data-node-id=\"7\" class=\"css-6wxqfj emevuu60\"> A pesar de que Sophia Loren no pas\u00f3 una infancia agradable, <strong data-node-id=\"7.1\">sumida en una pobreza extrema<\/strong> que se agrav\u00f3 tras la Segunda Guerra Mundial, nunca ha roto la relaci\u00f3n con sus ra\u00edces italianas. Ella misma recuerda la relaci\u00f3n que manten\u00eda con su abuela cuando viv\u00edan juntas en Italia y como todav\u00eda la tiene presente <a href=\"https:\/\/www.elle.com\/es\/living\/ocio-cultura\/a65184373\/sophia-loren-sobre-la-comida-italiana\/\" target=\"_blank\" data-vars-ga-outbound-link=\"https:\/\/www.elle.com\/es\/living\/ocio-cultura\/a65184373\/sophia-loren-sobre-la-comida-italiana\/\" data-vars-ga-ux-element=\"Hyperlink\" data-vars-ga-call-to-action=\"a trav\u00e9s de algunos de sus platos. \" data-node-id=\"7.3\" class=\"body-link css-103hk4r emevuu60\" rel=\"nofollow noopener\">a trav\u00e9s de algunos de sus platos. <\/a><\/p>\n<p data-journey-content=\"true\" data-node-id=\"9\" class=\"css-6wxqfj emevuu60\">De esta manera lo han entendido tambi\u00e9n los que han venido despu\u00e9s, entre ellos su nieta: Lucia Ponti. Hija de Edoardo (1973, en Ginebra, Suiza) y de la actriz estadounidense Sasha Alexander, Lucia ha vivido una vida bastante discreta para el lugar que le ha tocado. A\u00fan as\u00ed, no reniega de qui\u00e9n es y en cambio, halaga a Sophia Loren como estrella y en especial como abuela,<strong data-node-id=\"9.1\"> \u201cElla representa el amor y un consuelo inquebrantable\u201d<\/strong>, confes\u00f3 en una entrevista para Elle.<\/p>\n<p><img draggable=\"true\" alt=\"lucia ponti, nieta de sophia loren\" title=\"Lucia Ponti, nieta de Sophia Loren\" loading=\"lazy\" width=\"4380\" height=\"5840\" decoding=\"async\" data-nimg=\"1\" style=\"color:transparent;width:100%;height:auto;\"   src=\"https:\/\/www.europesays.com\/es\/wp-content\/uploads\/2025\/09\/lucia-ponti-elle-5-6879214bef096.jpg\" class=\"css-0 e1g79fud0\"\/><a target=\"_blank\" rel=\"noopener nofollow\" data-theme-key=\"base-link\" href=\"https:\/\/pinterest.com\/pin\/create\/button\/?url=https:\/\/www.elle.com\/es\/living\/ocio-cultura\/a65970002\/lucia-ponti-nieta-sophia-loren-veranos\/&amp;description=- ElleSpain&amp;media=https:\/\/hips.hearstapps.com\/hmg-prod\/images\/lucia-ponti-elle-5-6879214bef096.jpg?resize=1600:*\" class=\"pinterest css-on9hn5 e1c1bym14\"><img decoding=\"async\" data-dynamic-svg=\"true\" src=\"https:\/\/www.elle.com\/_assets\/design-tokens\/fre\/static\/icons\/social\/pinterest.e8cf655.svg?primary=%2523ffffff\" loading=\"lazy\" data-testid=\"dynamic-svg-base\" height=\"auto\" width=\"auto\" alt=\"pinterest\" class=\"css-4lml0h e1mlxuuw1\"\/><\/a><\/p>\n<p>DarioAranyo<\/p>\n<p><strong data-node-id=\"11.0\">La c\u00e1mara tras ella<\/strong><\/p>\n<p data-journey-content=\"true\" data-node-id=\"12\" class=\"css-6wxqfj emevuu60\">Con 19 a\u00f1os, Lucia Ponti todav\u00eda est\u00e1 dando los primeros pasos en el mundo de la moda que no parece que le sea extra\u00f1o, aunque le ilusione. A pesar de su corta edad, <strong data-node-id=\"12.1\">durante 14 a\u00f1os ha estado sobre los escenarios como bailarina<\/strong> de danza moderna y ahora comienza una nueva etapa en la universidad de Brown estudiando historia del arte y literatura, influenciada en parte por las tardes que ha disfrutado con su abuela en Ginebra \u2013donde vive desde hace d\u00e9cadas\u2013. <strong data-node-id=\"12.3\">\u00abSol\u00eda sacar una manta de picnic de rayas rojas, la estiraba y nos sent\u00e1bamos a leer\u00bb. <\/strong>En cuanto a sus intereses en libros, a\u00f1ad\u00eda, \u201cme gustan mucho las novelas roma\u0301nticas y tambie\u0301n de ficcio\u0301n. <strong data-node-id=\"12.5\">Uno de mis libros favoritos es <a href=\"https:\/\/www.amazon.es\/El-amor-F%C3%81BULA-Marguerite-Duras\/dp\/8483106159\/?tag=ellespain-21\" target=\"_blank\" rel=\"nofollow noopener\" data-vars-ga-outbound-link=\"https:\/\/www.amazon.es\/El-amor-F%C3%81BULA-Marguerite-Duras\/dp\/8483106159\/\" data-vars-ga-ux-element=\"Hyperlink\" data-vars-ga-call-to-action=\"&#039;El amor&#039;, de Marguerite Duras\u201d\" data-vars-ga-product-id=\"b6fd6ffa-fec6-4fb6-be29-c12e159e3bf2\" data-node-id=\"12.5.1\" data-href=\"https:\/\/www.amazon.es\/El-amor-F%C3%81BULA-Marguerite-Duras\/dp\/8483106159\/\" data-product-url=\"https:\/\/www.amazon.es\/El-amor-F%C3%81BULA-Marguerite-Duras\/dp\/8483106159\/\" data-affiliate=\"true\" data-affiliate-url=\"https:\/\/www.amazon.es\/El-amor-F%C3%81BULA-Marguerite-Duras\/dp\/8483106159\/?tag=ellespain-21\" data-affiliate-network=\"{&quot;site_id&quot;:&quot;5545cc0d-2c00-4ffe-8b27-aa070fd2db3c&quot;,&quot;metadata&quot;:{&quot;links&quot;:{&quot;default&quot;:&quot;https:\/\/www.amazon.es\/El-amor-F%C3%81BULA-Marguerite-Duras\/dp\/8483106159\/?tag=ellespain-21&quot;}},&quot;network&quot;:{&quot;name&quot;:&quot;Amazon&quot;},&quot;product_metadata&quot;:null,&quot;afflink_redirect&quot;:&quot;\/_p\/afflink\/yDtf\/amazon-s-el-amor-f-c3-81bula-marguerite-duras-dp-8483106159&quot;}\" data-vars-ga-product-price=\"0,00\u00a0$\" data-vars-ga-product-retailer-id=\"9fbc02ae-91c9-4639-b686-09efa4d80b4e\" data-vars-ga-link-treatment=\"(not set) | (not set)\" class=\"body-link product-links css-103hk4r e1aq0z090\">&#8216;El amor&#8217;, de Marguerite Duras\u201d<\/a>. <\/strong><\/p>\n<p><img decoding=\"async\" data-dynamic-svg=\"true\" src=\"https:\/\/www.elle.com\/_assets\/design-tokens\/elle\/static\/images\/logos\/lettermark.8631e88.svg?primary=%2523000\" loading=\"lazy\" data-testid=\"dynamic-svg-base\" height=\"100\" width=\"100\" alt=\"Lettermark\" class=\"css-7mevzh ev8dhu50\"\/><\/p>\n<p>Licenciada en Periodismo y Humanidades en la Universidad Carlos III de Madrid, con experiencia en prensa escrita en distintos medios digitales, y especializada en marketing y comunicaci\u00f3n. Le interesan las historias, ya sea en papel, en pantalla o en una buena conversaci\u00f3n. Siempre tiene un libro a mano, una pel\u00edcula pendiente y una playlist en reproducci\u00f3n. \u00a0\u00a0\u00a0\u00a0\u00a0<\/p>\n","protected":false},"excerpt":{"rendered":"Sophia Loren (Roma, 1934) ha dedicado su vida al cine y a su familia. A sus 91 a\u00f1os&hellip;\n","protected":false},"author":2,"featured_media":145676,"comment_status":"","ping_status":"","sticky":false,"template":"","format":"standard","meta":{"footnotes":""},"categories":[174],"tags":[1655,255,253,146,147,25,24,256,23],"class_list":{"0":"post-145675","1":"post","2":"type-post","3":"status-publish","4":"format-standard","5":"has-post-thumbnail","7":"category-famosos","8":"tag-afiliacion","9":"tag-celebrities","10":"tag-discover","11":"tag-entertainment","12":"tag-entretenimiento","13":"tag-es","14":"tag-espana","15":"tag-famosos","16":"tag-spain"},"share_on_mastodon":{"url":"","error":""},"_links":{"self":[{"href":"https:\/\/www.europesays.com\/es\/wp-json\/wp\/v2\/posts\/145675","targetHints":{"allow":["GET"]}}],"collection":[{"href":"https:\/\/www.europesays.com\/es\/wp-json\/wp\/v2\/posts"}],"about":[{"href":"https:\/\/www.europesays.com\/es\/wp-json\/wp\/v2\/types\/post"}],"author":[{"embeddable":true,"href":"https:\/\/www.europesays.com\/es\/wp-json\/wp\/v2\/users\/2"}],"replies":[{"embeddable":true,"href":"https:\/\/www.europesays.com\/es\/wp-json\/wp\/v2\/comments?post=145675"}],"version-history":[{"count":0,"href":"https:\/\/www.europesays.com\/es\/wp-json\/wp\/v2\/posts\/145675\/revisions"}],"wp:featuredmedia":[{"embeddable":true,"href":"https:\/\/www.europesays.com\/es\/wp-json\/wp\/v2\/media\/145676"}],"wp:attachment":[{"href":"https:\/\/www.europesays.com\/es\/wp-json\/wp\/v2\/media?parent=145675"}],"wp:term":[{"taxonomy":"category","embeddable":true,"href":"https:\/\/www.europesays.com\/es\/wp-json\/wp\/v2\/categories?post=145675"},{"taxonomy":"post_tag","embeddable":true,"href":"https:\/\/www.europesays.com\/es\/wp-json\/wp\/v2\/tags?post=145675"}],"curies":[{"name":"wp","href":"https:\/\/api.w.org\/{rel}","templated":true}]}}