{"id":145718,"date":"2025-09-29T05:16:10","date_gmt":"2025-09-29T05:16:10","guid":{"rendered":"https:\/\/www.europesays.com\/es\/145718\/"},"modified":"2025-09-29T05:16:10","modified_gmt":"2025-09-29T05:16:10","slug":"un-cientifico-es-rotundo-al-replicar-a-trump-por-sus-palabras-sobre-el-paracetamol-y-el-autismo","status":"publish","type":"post","link":"https:\/\/www.europesays.com\/es\/145718\/","title":{"rendered":"Un cient\u00edfico es rotundo al replicar a Trump por sus palabras sobre el paracetamol y el autismo"},"content":{"rendered":"<p>S\u00ed, Donald Trump lo ha dicho. El pasado lunes asegur\u00f3 que <a href=\"https:\/\/www.huffingtonpost.es\/life\/salud\/que-dice-ciencia-sobre-relacion-paracetamol-embarazo-autismo-administracion-trump-da.html\" rel=\"nofollow noopener\" target=\"_blank\">el consumo de paracetamol durante el embarazo podr\u00eda ser la causa del autismo<\/a>. El presidente de Estados Unidos dijo que en una comparecencia en la Casa Blanca que \u00abhay un rumor, no s\u00e9 si cierto o no, de que en Cuba no tienen Tylenol porque no tienen dinero y pr\u00e1cticamente no tienen autismo\u00bb.<\/p>\n<p>\u00abHay otras partes del mundo que <a href=\"https:\/\/www.huffingtonpost.es\/virales\/un-farmaceutico-da-dos-fechas-son-mas-suficientes-desmontar-palabras-trump-fin-debate.html\" rel=\"nofollow noopener\" target=\"_blank\">no tienen Tylenol y tampoco tienen autismo<\/a>, eso ya dice mucho\u00bb, ha razonado Trump, quien pidi\u00f3 a sus ciudadanos estadounidenses que limitaron el uso del medicamento durante la gestaci\u00f3n.<\/p>\n<p>Sus palabras han cruzado el charco hasta los estudios de la Cadena SER, en la que el <b>bioqu\u00edmico Pere Estupiny\u00e0<\/b>, en los micr\u00f3fonos de A vivir, ha desmentido esto junto al <b>cient\u00edfico Javier Sampredro.\u00a0<\/b><\/p>\n<p>\u00abParece un poquito casi por arte de magia, no en base emp\u00edrica, de<b> repente sale Trump, no s\u00e9 asesorado por qui\u00e9n<\/b>, diciendo que el paracetamol incrementa el riesgo de autismo en embarazadas&#8230; Es que para decir algo as\u00ed necesitas una base cient\u00edfica MUY s\u00f3lida\u00bb, ha expresado Estupiny\u00e0.<\/p>\n<p>Por otro lado, Sampredo ha expresado que \u00abla respuesta corta es que no, no causa autismo al tomarlo en el embarazo\u00bb. \u00abLo que me sigo preguntando es a qu\u00e9 viene la pol\u00edtica cient\u00edfica de Donald Trump,<b> su pol\u00edtica migratoria es f\u00e1cil de racionalizar, es racismo<\/b>\u00ab, ha a\u00f1adido.\u00a0<\/p>\n<p>\u00abPero esta pol\u00edtica cient\u00edfica<b> no se basa en un mal argumento, se basa en ning\u00fan argumento<\/b>, no se puede explicar por el deseo de hacer recortes, lo cual hemos visto 40 veces\u00bb, ha concluido.<\/p>\n","protected":false},"excerpt":{"rendered":"S\u00ed, Donald Trump lo ha dicho. El pasado lunes asegur\u00f3 que el consumo de paracetamol durante el embarazo&hellip;\n","protected":false},"author":2,"featured_media":145719,"comment_status":"","ping_status":"","sticky":false,"template":"","format":"standard","meta":{"footnotes":""},"categories":[42],"tags":[17,18,352,13,14,11,61,62,63,64,19,20,9,10,15,16,29511,12,21,22,65,66,67],"class_list":{"0":"post-145718","1":"post","2":"type-post","3":"status-publish","4":"format-standard","5":"has-post-thumbnail","7":"category-internacional","8":"tag-breaking-news","9":"tag-breakingnews","10":"tag-donald-trump","11":"tag-featured-news","12":"tag-featurednews","13":"tag-headlines","14":"tag-internacional","15":"tag-international","16":"tag-international-news","17":"tag-internationalnews","18":"tag-latest-news","19":"tag-latestnews","20":"tag-news","21":"tag-noticias","22":"tag-noticias-destacadas","23":"tag-noticiasdestacadas","24":"tag-paracetamol","25":"tag-titulares","26":"tag-ultimas-noticias","27":"tag-ultimasnoticias","28":"tag-world","29":"tag-world-news","30":"tag-worldnews"},"share_on_mastodon":{"url":"","error":""},"_links":{"self":[{"href":"https:\/\/www.europesays.com\/es\/wp-json\/wp\/v2\/posts\/145718","targetHints":{"allow":["GET"]}}],"collection":[{"href":"https:\/\/www.europesays.com\/es\/wp-json\/wp\/v2\/posts"}],"about":[{"href":"https:\/\/www.europesays.com\/es\/wp-json\/wp\/v2\/types\/post"}],"author":[{"embeddable":true,"href":"https:\/\/www.europesays.com\/es\/wp-json\/wp\/v2\/users\/2"}],"replies":[{"embeddable":true,"href":"https:\/\/www.europesays.com\/es\/wp-json\/wp\/v2\/comments?post=145718"}],"version-history":[{"count":0,"href":"https:\/\/www.europesays.com\/es\/wp-json\/wp\/v2\/posts\/145718\/revisions"}],"wp:featuredmedia":[{"embeddable":true,"href":"https:\/\/www.europesays.com\/es\/wp-json\/wp\/v2\/media\/145719"}],"wp:attachment":[{"href":"https:\/\/www.europesays.com\/es\/wp-json\/wp\/v2\/media?parent=145718"}],"wp:term":[{"taxonomy":"category","embeddable":true,"href":"https:\/\/www.europesays.com\/es\/wp-json\/wp\/v2\/categories?post=145718"},{"taxonomy":"post_tag","embeddable":true,"href":"https:\/\/www.europesays.com\/es\/wp-json\/wp\/v2\/tags?post=145718"}],"curies":[{"name":"wp","href":"https:\/\/api.w.org\/{rel}","templated":true}]}}