{"id":14572,"date":"2025-07-30T18:34:04","date_gmt":"2025-07-30T18:34:04","guid":{"rendered":"https:\/\/www.europesays.com\/es\/14572\/"},"modified":"2025-07-30T18:34:04","modified_gmt":"2025-07-30T18:34:04","slug":"quedan-fabulosos-en-foto-pero-en-la-vida-real-no-resultan-practicos-ni-funcionales","status":"publish","type":"post","link":"https:\/\/www.europesays.com\/es\/14572\/","title":{"rendered":"Quedan fabulosos en foto, pero en la vida real no resultan pr\u00e1cticos ni funcionales"},"content":{"rendered":"<p class=\"css-i9p093 emevuu60\">A menos que suelas recibir invitados de forma habitual, el comedor formal suele acabar sin uso. \u201cEs normalmente la estancia m\u00e1s cara de decorar bien&#8230; y la que menos se utiliza\u201d, comenta Nancy Davilman. \u201cMuchos clientes con hijos peque\u00f1os dicen que quieren \u2018un espacio de adultos\u2019, pero en la pr\u00e1ctica, rara vez salen de la cocina o del sal\u00f3n familiar para usarlo\u201d.<\/p>\n<p class=\"css-i9p093 emevuu60\">\u201cLos salones formales tambi\u00e9n est\u00e1n arriba en la lista\u201d, a\u00f1ade Olivia Botrie, de Dart Studio. \u201cEn muchas casas, acaban siendo espacios tipo museo donde solo se acumula polvo\u201d.<\/p>\n<p class=\"css-i9p093 emevuu60\">Te puede interesar: <a href=\"https:\/\/www.elledecor.com\/es\/decoracion\/a62114797\/ideas-como-decorar-un-salon-pequeno\/\" target=\"_blank\" data-vars-ga-outbound-link=\"https:\/\/www.elledecor.com\/es\/decoracion\/a62114797\/ideas-como-decorar-un-salon-pequeno\/\" data-vars-ga-ux-element=\"Hyperlink\" data-vars-ga-call-to-action=\"C\u00f3mo decorar un sal\u00f3n comedor peque\u00f1o y sacarle todo el partido, siguiendo los consejos y trucos de los interioristas expertos\" class=\"body-link css-15fjk10 emevuu60\" rel=\"nofollow noopener\">C\u00f3mo decorar un sal\u00f3n comedor peque\u00f1o y sacarle todo el partido, siguiendo los consejos y trucos de los interioristas expertos<\/a><\/p>\n","protected":false},"excerpt":{"rendered":"A menos que suelas recibir invitados de forma habitual, el comedor formal suele acabar sin uso. \u201cEs normalmente&hellip;\n","protected":false},"author":2,"featured_media":14573,"comment_status":"","ping_status":"","sticky":false,"template":"","format":"standard","meta":{"footnotes":""},"categories":[173],"tags":[229,233,231,230,232,253,234,146,147,25,24,254,23],"class_list":{"0":"post-14572","1":"post","2":"type-post","3":"status-publish","4":"format-standard","5":"has-post-thumbnail","7":"category-arte-y-diseno","8":"tag-arte","9":"tag-arte-y-diseno","10":"tag-arts","11":"tag-arts-and-design","12":"tag-design","13":"tag-discover","14":"tag-diseno","15":"tag-entertainment","16":"tag-entretenimiento","17":"tag-es","18":"tag-espana","19":"tag-sindicado","20":"tag-spain"},"share_on_mastodon":{"url":"","error":""},"_links":{"self":[{"href":"https:\/\/www.europesays.com\/es\/wp-json\/wp\/v2\/posts\/14572","targetHints":{"allow":["GET"]}}],"collection":[{"href":"https:\/\/www.europesays.com\/es\/wp-json\/wp\/v2\/posts"}],"about":[{"href":"https:\/\/www.europesays.com\/es\/wp-json\/wp\/v2\/types\/post"}],"author":[{"embeddable":true,"href":"https:\/\/www.europesays.com\/es\/wp-json\/wp\/v2\/users\/2"}],"replies":[{"embeddable":true,"href":"https:\/\/www.europesays.com\/es\/wp-json\/wp\/v2\/comments?post=14572"}],"version-history":[{"count":0,"href":"https:\/\/www.europesays.com\/es\/wp-json\/wp\/v2\/posts\/14572\/revisions"}],"wp:featuredmedia":[{"embeddable":true,"href":"https:\/\/www.europesays.com\/es\/wp-json\/wp\/v2\/media\/14573"}],"wp:attachment":[{"href":"https:\/\/www.europesays.com\/es\/wp-json\/wp\/v2\/media?parent=14572"}],"wp:term":[{"taxonomy":"category","embeddable":true,"href":"https:\/\/www.europesays.com\/es\/wp-json\/wp\/v2\/categories?post=14572"},{"taxonomy":"post_tag","embeddable":true,"href":"https:\/\/www.europesays.com\/es\/wp-json\/wp\/v2\/tags?post=14572"}],"curies":[{"name":"wp","href":"https:\/\/api.w.org\/{rel}","templated":true}]}}