{"id":145726,"date":"2025-09-29T05:25:06","date_gmt":"2025-09-29T05:25:06","guid":{"rendered":"https:\/\/www.europesays.com\/es\/145726\/"},"modified":"2025-09-29T05:25:06","modified_gmt":"2025-09-29T05:25:06","slug":"franco-colapinto-mas-cerca-de-asegurar-su-lugar-en-alpine-para-2026","status":"publish","type":"post","link":"https:\/\/www.europesays.com\/es\/145726\/","title":{"rendered":"Franco Colapinto, m\u00e1s cerca de asegurar su lugar en Alpine para 2026"},"content":{"rendered":"\n<p>      28 de septiembre 2025 &#8211; 11:49<\/p>\n<p class=\"ignore-parser\">Por ahora, Pierre Gasly tiene su continuidad asegurada tras firmar hasta 2028, pero la inc\u00f3gnita pasa por su futuro compa\u00f1ero.<\/p>\n<p>      <img loading=\"lazy\" decoding=\"async\" src=\"https:\/\/www.ambito.com\/css-custom\/239\/lazy.svg\" data-td-src-property=\"https:\/\/media.ambito.com\/p\/a7facce629600b4c12b125c9c1de42d3\/adjuntos\/239\/imagenes\/042\/737\/0042737097\/colapinto-serio.png\" class=\"detail-highlighted-multimedia__figure-img img-fluid\" alt=\"Franco Colapinto se ilusiona con seguir en la F\u00f3rmula 1\" width=\"655\" height=\"368\"\/>       <\/p>\n<p data-start=\"0\" data-end=\"532\"><strong> <a href=\"https:\/\/www.ambito.com\/deportes\/formula-1-briatore-revelo-quien-es-el-unico-rival-colapinto-alpine-2026-n6193417\" target=\"_blank\" rel=\"follow nofollow noopener\">Alpine, con Franco Colapinto como uno de sus pilotos<\/a>, <\/strong>encara la recta final del campeonato 2025 con un objetivo claro: <strong data-start=\"72\" data-end=\"108\">cerrar la temporada con dignidad<\/strong>, pese a que el rendimiento del <strong data-start=\"140\" data-end=\"148\">A525<\/strong> qued\u00f3 <strong data-start=\"155\" data-end=\"193\">muy por debajo de las expectativas<\/strong>. Mientras tanto, la estructura con sede en <strong data-start=\"237\" data-end=\"248\">Enstone<\/strong> ya centra sus esfuerzos en el <strong data-start=\"279\" data-end=\"296\">proyecto 2026<\/strong>, tanto en el desarrollo del nuevo monoplaza como en la definici\u00f3n de su <strong data-start=\"369\" data-end=\"394\">alineaci\u00f3n de pilotos<\/strong>.<\/p>\n<p> El contenido al que quiere acceder es exclusivo para suscriptores.<\/p>\n<p>   suscribirse   ya estoy suscripto  <\/p>\n<p>Por ahora, <strong data-start=\"409\" data-end=\"425\">Pierre Gasly<\/strong> tiene su continuidad asegurada tras firmar hasta <strong data-start=\"475\" data-end=\"483\">2028<\/strong>, pero la inc\u00f3gnita pasa por su futuro compa\u00f1ero.<\/p>\n<p>\t\t\tInformate m\u00e1s\t\t\t\t\t\t\t\t\t\t<a href=\"https:\/\/www.ambito.com\/deportes\/formula-1-la-sancion-alex-albon-chocar-franco-colapinto-baku-y-como-el-argentino-volvio-superar-gasly-n6193880\" target=\"\" title=\"\u00e1mbito.com | F\u00f3rmula 1: la sanci\u00f3n a Alex Albon por chocar a Franco Colapinto en Bak\u00fa y c\u00f3mo el argentino volvi\u00f3 a superar a Gasly\" alt=\"\u00e1mbito.com | F\u00f3rmula 1: la sanci\u00f3n a Alex Albon por chocar a Franco Colapinto en Bak\u00fa y c\u00f3mo el argentino volvi\u00f3 a superar a Gasly\" rel=\"noindex nofollow noreferrer noopener\"><br \/>\n\t\t\t\t\t\t\t\t\t\t\t<img loading=\"lazy\" decoding=\"async\" src=\"https:\/\/www.ambito.com\/css-custom\/239\/lazy.svg\" data-td-src-property=\"https:\/\/media.ambito.com\/p\/4001c4edf691b8652648c592ff249e06\/adjuntos\/239\/imagenes\/042\/738\/0042738249\/franco-colapinto-boxesjpg.jpg\" alt=\"El ex compa\u00f1ero de Franco Colapinto chc\u00f3 su monoplaza y recibi\u00b4+o una sanci\u00f3n correpondiente.\" title=\"El ex compa\u00f1ero de Franco Colapinto chc\u00f3 su monoplaza y recibi\u00b4+o una sanci\u00f3n correpondiente.\" width=\"93\" height=\"52\" class=\"news-article__figure-img figure-img img-fluid\"\/>\t\t<\/a>\t\t\t\t\t\t\t\t\t\t\t\t<a href=\"https:\/\/www.ambito.com\/deportes\/formula-1-briatore-revelo-quien-es-el-unico-rival-colapinto-alpine-2026-n6193417\" target=\"\" title=\"\u00e1mbito.com | F\u00f3rmula 1: Briatore revel\u00f3 qui\u00e9n es el \u00fanico rival de Colapinto por Alpine en 2026\" alt=\"\u00e1mbito.com | F\u00f3rmula 1: Briatore revel\u00f3 qui\u00e9n es el \u00fanico rival de Colapinto por Alpine en 2026\" rel=\"noindex nofollow noreferrer noopener\"><br \/>\n\t\t\t\t\t\t\t\t\t\t\t<img loading=\"lazy\" decoding=\"async\" src=\"https:\/\/www.ambito.com\/css-custom\/239\/lazy.svg\" data-td-src-property=\"https:\/\/media.ambito.com\/p\/19c071d55cf8d53455ba6778b0d5ba8c\/adjuntos\/239\/imagenes\/042\/746\/0042746889\/flavio-briatore-y-franco-colapinto.jpg\" alt=\"Franco Colapinto es uno de los candidatos a titular de Alpine para 2026 pero su falta de puntos y un rival interno impiden que se concrete su elecci\u00f3n.\u00a0\" title=\"Franco Colapinto es uno de los candidatos a titular de Alpine para 2026 pero su falta de puntos y un rival interno impiden que se concrete su elecci\u00f3n.\u00a0\" width=\"93\" height=\"52\" class=\"news-article__figure-img figure-img img-fluid\"\/>\t\t<\/a>\t\t\t\t\t\t <\/p>\n<p data-start=\"534\" data-end=\"1027\">En ese escenario, <strong data-start=\"552\" data-end=\"572\">Franco Colapinto<\/strong> logr\u00f3 consolidarse en las \u00faltimas competencias. El argentino, que viene mostrando una <strong data-start=\"659\" data-end=\"680\">notoria evoluci\u00f3n<\/strong> en su adaptaci\u00f3n al auto, logr\u00f3 acercarse en rendimiento a su coequipero franc\u00e9s. Esa progresi\u00f3n no pas\u00f3 inadvertida: en el <strong data-start=\"805\" data-end=\"825\">GP de Azerbaiy\u00e1n<\/strong>, se confirm\u00f3 que el joven de <strong data-start=\"855\" data-end=\"864\">Pilar<\/strong> es uno de los <strong data-start=\"879\" data-end=\"897\">dos candidatos<\/strong> con opciones reales de permanecer en la <strong data-start=\"938\" data-end=\"951\">F\u00f3rmula 1<\/strong> el pr\u00f3ximo a\u00f1o. El otro nombre en la lista es el del estonio <strong data-start=\"1013\" data-end=\"1026\">Paul Aron<\/strong>.<\/p>\n<p data-start=\"1029\" data-end=\"1322\">\u201c<strong data-start=\"1030\" data-end=\"1118\">Colapinto y Aron son los que est\u00e1n en carrera para ocupar el segundo asiento en 2026<\/strong>\u201d, declar\u00f3 <strong data-start=\"1129\" data-end=\"1148\">Flavio Briatore<\/strong>, asesor del equipo. Sin embargo, distintos medios europeos aseguran que <strong data-start=\"1221\" data-end=\"1263\">la n\u00f3mina de aspirantes fue m\u00e1s amplia<\/strong>, con otros pilotos evaluados en fases previas del proceso.<\/p>\n<p>  Jack Doohan, cada vez m\u00e1s lejos de Alpine <\/p>\n<p data-start=\"1371\" data-end=\"1810\">Uno de los que <strong data-start=\"1386\" data-end=\"1418\">parece haber perdido terreno<\/strong> es <strong data-start=\"1422\" data-end=\"1437\">Jack Doohan<\/strong>. El australiano inici\u00f3 el campeonato como piloto titular, pero fue reemplazado tras cinco carreras por <strong data-start=\"1541\" data-end=\"1554\">Colapinto<\/strong>. Desde entonces, pas\u00f3 al rol de <strong data-start=\"1587\" data-end=\"1598\">reserva<\/strong> y, con el correr de los meses, fue <strong data-start=\"1634\" data-end=\"1659\">cediendo protagonismo<\/strong> frente a <strong data-start=\"1669\" data-end=\"1677\">Aron<\/strong>, quien tom\u00f3 un papel clave en las pruebas <strong data-start=\"1720\" data-end=\"1727\">TPC<\/strong>, sesiones de <strong data-start=\"1741\" data-end=\"1754\">simulador<\/strong> y hasta gir\u00f3 en el <strong data-start=\"1774\" data-end=\"1798\">FP1 del GP de Italia<\/strong> con Alpine.<\/p>\n<p data-start=\"1812\" data-end=\"2130\">Aunque Doohan estuvo presente en <strong data-start=\"1845\" data-end=\"1853\">Bak\u00fa<\/strong>, todo indica que su <strong data-start=\"1874\" data-end=\"1907\">continuidad est\u00e1 comprometida<\/strong>. En redes sociales, el piloto de <strong data-start=\"1941\" data-end=\"1955\">Gold Coast<\/strong> dej\u00f3 entrever su situaci\u00f3n: <strong data-start=\"1984\" data-end=\"2042\">elimin\u00f3 de su biograf\u00eda toda referencia a la F\u00f3rmula 1<\/strong>, un gesto que alimenta los rumores sobre su <strong data-start=\"2087\" data-end=\"2105\">posible salida<\/strong> de la escuder\u00eda en 2026.<\/p>\n<p>jack-doohan_ piloto.jpg   <\/p>\n<p>  <img decoding=\"async\" src=\"https:\/\/www.europesays.com\/es\/wp-content\/uploads\/2025\/09\/jack-doohan_-pilotojpg.jpg\" alt=\"Aunque Doohan estuvo presente en Bak\u00fa, todo indica que su continuidad est\u00e1 comprometida.\" title=\"Aunque Doohan estuvo presente en Bak\u00fa, todo indica que su continuidad est\u00e1 comprometida.\" width=\"730\" height=\"410\" id=\"8071448-Libre-38579001_embed\" crossorigin=\"anonymous\" fetchpriority=\"high\" decode=\"async\"\/>  <\/p>\n<p> Aunque Doohan estuvo presente en Bak\u00fa, todo indica que su continuidad est\u00e1 comprometida.<\/p>\n<p>Dazn.<\/p>\n<p data-start=\"2132\" data-end=\"2410\" data-is-last-node=\"\" data-is-only-node=\"\"> Con un nuevo monoplaza en desarrollo y la necesidad de mejorar su rendimiento global, <strong data-start=\"2218\" data-end=\"2228\">Alpine<\/strong> deber\u00e1 tomar decisiones clave en los pr\u00f3ximos meses. Y, en ese tablero, <strong data-start=\"2301\" data-end=\"2321\">Franco Colapinto<\/strong> aparece cada vez m\u00e1s fuerte para asegurarse un lugar estable en la <strong data-start=\"2389\" data-end=\"2409\">m\u00e1xima categor\u00eda<\/strong>.<\/p>\n","protected":false},"excerpt":{"rendered":"28 de septiembre 2025 &#8211; 11:49 Por ahora, Pierre Gasly tiene su continuidad asegurada tras firmar hasta 2028,&hellip;\n","protected":false},"author":2,"featured_media":96844,"comment_status":"","ping_status":"","sticky":false,"template":"","format":"standard","meta":{"footnotes":""},"categories":[270],"tags":[168,25,24,306,271,272,23,167],"class_list":{"0":"post-145726","1":"post","2":"type-post","3":"status-publish","4":"format-standard","5":"has-post-thumbnail","7":"category-formula-1","8":"tag-deportes","9":"tag-es","10":"tag-espana","11":"tag-f1","12":"tag-formula-1","13":"tag-formula1","14":"tag-spain","15":"tag-sports"},"share_on_mastodon":{"url":"","error":""},"_links":{"self":[{"href":"https:\/\/www.europesays.com\/es\/wp-json\/wp\/v2\/posts\/145726","targetHints":{"allow":["GET"]}}],"collection":[{"href":"https:\/\/www.europesays.com\/es\/wp-json\/wp\/v2\/posts"}],"about":[{"href":"https:\/\/www.europesays.com\/es\/wp-json\/wp\/v2\/types\/post"}],"author":[{"embeddable":true,"href":"https:\/\/www.europesays.com\/es\/wp-json\/wp\/v2\/users\/2"}],"replies":[{"embeddable":true,"href":"https:\/\/www.europesays.com\/es\/wp-json\/wp\/v2\/comments?post=145726"}],"version-history":[{"count":0,"href":"https:\/\/www.europesays.com\/es\/wp-json\/wp\/v2\/posts\/145726\/revisions"}],"wp:featuredmedia":[{"embeddable":true,"href":"https:\/\/www.europesays.com\/es\/wp-json\/wp\/v2\/media\/96844"}],"wp:attachment":[{"href":"https:\/\/www.europesays.com\/es\/wp-json\/wp\/v2\/media?parent=145726"}],"wp:term":[{"taxonomy":"category","embeddable":true,"href":"https:\/\/www.europesays.com\/es\/wp-json\/wp\/v2\/categories?post=145726"},{"taxonomy":"post_tag","embeddable":true,"href":"https:\/\/www.europesays.com\/es\/wp-json\/wp\/v2\/tags?post=145726"}],"curies":[{"name":"wp","href":"https:\/\/api.w.org\/{rel}","templated":true}]}}