{"id":145729,"date":"2025-09-29T05:28:10","date_gmt":"2025-09-29T05:28:10","guid":{"rendered":"https:\/\/www.europesays.com\/es\/145729\/"},"modified":"2025-09-29T05:28:10","modified_gmt":"2025-09-29T05:28:10","slug":"como-fue-la-estricta-rutina-de-ejercicios-y-alimentacion-que-revitalizo-a-will-smith-a-los-57-anos","status":"publish","type":"post","link":"https:\/\/www.europesays.com\/es\/145729\/","title":{"rendered":"C\u00f3mo fue la estricta rutina de ejercicios y alimentaci\u00f3n que revitaliz\u00f3 a Will Smith a los 57 a\u00f1os"},"content":{"rendered":"<p><img alt=\"El entrenamiento de fuerza fue\" class=\"global-image\" decoding=\"async\" fetchpriority=\"high\" height=\"1440\" loading=\"eager\" src=\"https:\/\/www.europesays.com\/es\/wp-content\/uploads\/2025\/09\/WBNL6ICXXJFPFDFDH6YKKAVEME.jpg\" width=\"1920\"\/>El entrenamiento de fuerza fue un pilar clave en la recuperaci\u00f3n f\u00edsica de Will Smith a sus 57 a\u00f1os (Europa Press)<\/p>\n<p class=\"paragraph\"><a rel=\"noopener noreferrer nofollow\" href=\"https:\/\/www.infobae.com\/tag\/will-smith\/\" target=\"_blank\" title=\"https:\/\/www.infobae.com\/tag\/will-smith\/\"><b>Will Smith<\/b><\/a> <b>cumpli\u00f3 57 a\u00f1os<\/b> consolidado como uno de los rostros m\u00e1s reconocidos del <b>cine y la m\u00fasica internacionales<\/b>, as\u00ed como un ejemplo de superaci\u00f3n personal. <\/p>\n<p class=\"paragraph\">Su trayectoria, marcada por \u00e9xitos y desaf\u00edos internos, revela una capacidad inusual para transformarse tanto en lo f\u00edsico como en lo emocional. <\/p>\n<p class=\"paragraph\">El actor lleva una rigurosa rutina de <a rel=\"noopener noreferrer nofollow\" href=\"https:\/\/www.infobae.com\/tag\/entrenamiento\/\" target=\"_blank\" title=\"https:\/\/www.infobae.com\/tag\/entrenamiento\/\"><b>entrenamiento<\/b><\/a> y <b>control nutricional.<\/b><\/p>\n<p class=\"paragraph\">En 2021, Smith reconoci\u00f3 p\u00fablicamente, a trav\u00e9s de sus redes, que estaba en <b>\u201cla peor forma f\u00edsica de su vida\u201d<\/b>. La confesi\u00f3n sorprendi\u00f3 a seguidores acostumbrados a su imagen atl\u00e9tica, resultado de los papeles que interpret\u00f3. <\/p>\n<p class=\"paragraph\">Dos factores detonaron ese momento: el aumento de peso requerido para interpretar a Richard Williams en <b>\u201cRey Richard: Una familia ganadora\u201d<\/b> y las consecuencias del confinamiento durante la <a rel=\"noopener noreferrer nofollow\" href=\"https:\/\/www.infobae.com\/tag\/pandemia\/\" target=\"_blank\" title=\"https:\/\/www.infobae.com\/tag\/pandemia\/\"><b>pandemia<\/b><\/a>, periodo en el que descuid\u00f3 su alimentaci\u00f3n y sus rutinas, seg\u00fan cont\u00f3.<\/p>\n<p><img alt=\"El papel de una dieta\" class=\"global-image\" decoding=\"async\" fetchpriority=\"low\" height=\"2108\" loading=\"lazy\" src=\"https:\/\/www.europesays.com\/es\/wp-content\/uploads\/2025\/09\/HILDMSCBBNFGXH43BADXYQFJTY.jpg\" width=\"3164\"\/>El papel de una dieta personalizada y el d\u00e9ficit cal\u00f3rico marcaron la diferencia en el proceso de transformaci\u00f3n del actor (Lul\u00fa Urdapilleta \/ Ocesa)<\/p>\n<p class=\"paragraph\">Ante esta realidad, Smith emprendi\u00f3 un reto personal: <b>perder 9 kilogramos en veinte semanas<\/b> con el respaldo de entrenadores, nutricionistas y profesionales en <a rel=\"noopener noreferrer nofollow\" href=\"https:\/\/www.infobae.com\/tag\/salud-mental\/\" target=\"_blank\" title=\"https:\/\/www.infobae.com\/tag\/salud-mental\/\"><b>salud mental<\/b><\/a>. Su evoluci\u00f3n qued\u00f3 documentada en la serie \u201cBest Shape of My Life\u201d, donde se combin\u00f3 la superaci\u00f3n f\u00edsica con un ejercicio profundo de introspecci\u00f3n.<\/p>\n<p class=\"paragraph\">El actor opt\u00f3 por una rutina centrada en entrenamiento de fuerza, bajo la supervisi\u00f3n de <b>Aaron Ferguson<\/b>, experto en culturismo. Smith comenzaba sus ma\u00f1anas con sesiones de cardio, caminando o trotando al menos <b>10.000 pasos en ayunas<\/b> y aumentando la distancia progresivamente. <\/p>\n<p class=\"paragraph\">Esta estrategia permiti\u00f3 reactivar su metabolismo y potenciar la quema de grasa, con especial atenci\u00f3n en el abdomen. Respir\u00f3 confianza con el respaldo t\u00e9cnico de su equipo, logrando mantener la intensidad y la progresi\u00f3n semana a semana.<\/p>\n<p class=\"paragraph\">El plan se organiz\u00f3 en bloques por grupo muscular: lunes para el pecho, martes de hombros, mi\u00e9rcoles de espalda, jueves de brazos y viernes de piernas. Los fines de semana estaban reservados al descanso. Adem\u00e1s, cada jornada inclu\u00eda sesiones localizadas para fortalecer el abdomen, con repeticiones en m\u00e1quina y elevaciones de piernas en barra, reforzando la zona media.<\/p>\n<p class=\"paragraph\">Entrenamiento constante, progresi\u00f3n semanal y enfoque profesional marcaron la diferencia en su proceso de cambio.<\/p>\n<p><img alt=\"La familia Smith ha abordado\" class=\"global-image\" decoding=\"async\" fetchpriority=\"low\" height=\"4340\" loading=\"lazy\" src=\"https:\/\/www.europesays.com\/es\/wp-content\/uploads\/2025\/09\/CXSGVOWZAJI2PDBVMGSZITLBAY.jpg\" width=\"6510\"\/>La familia Smith ha abordado de manera p\u00fablica temas de salud mental como la ansiedad y la depresi\u00f3n (REUTERS\/Kyle Terada-Imagn Images)<\/p>\n<p class=\"paragraph\">La asesor\u00eda nutricional fue clave para alcanzar sus objetivos. Smith sigui\u00f3 una dieta con un d\u00e9ficit cal\u00f3rico diario de 500 calor\u00edas, estructurada por especialistas, en la que entre el <b>60% y el 70% de los alimentos eran de origen vegetal<\/b>. <\/p>\n<p class=\"paragraph\">El men\u00fa habitual consist\u00eda en desayunos de huevos y avena, almuerzos de pollo y br\u00f3coli, meriendas de licuados proteicos personalizados por su nutricionista y cenas con carne magra o pollo y batatas. <\/p>\n<p class=\"paragraph\">La pauta, ajustada seg\u00fan la respuesta f\u00edsica y las exigencias del entrenamiento, permiti\u00f3 una <b>p\u00e9rdida de peso sostenida sin afectar la vitalidad<\/b> ni la masa muscular, manteniendo la motivaci\u00f3n necesaria para completar el plan.<\/p>\n<p class=\"paragraph\">El proceso incluy\u00f3 desaf\u00edos f\u00edsicos y psicol\u00f3gicos de alto nivel. Uno de los hitos principales fue la <b>subida de los 186 pisos del Burj Khalifa, <\/b>en <b>Dub\u00e1i<\/b>, experiencia que evidenci\u00f3 el nivel de compromiso. Tambi\u00e9n integr\u00f3 actividades como el buceo, valoradas por su eficacia para aliviar el estr\u00e9s y fomentar relaciones sociales, lo que reafirm\u00f3 un enfoque integral m\u00e1s all\u00e1 de los l\u00edmites del gimnasio.<\/p>\n<p class=\"paragraph\">Smith demostr\u00f3 que alcanzar sus objetivos implicaba superar barreras f\u00edsicas, mentales y emocionales en cada etapa.<\/p>\n<p><img alt=\"La rutina diaria inclu\u00eda cardio\" class=\"global-image\" decoding=\"async\" fetchpriority=\"low\" height=\"2925\" loading=\"lazy\" src=\"https:\/\/www.europesays.com\/es\/wp-content\/uploads\/2025\/09\/XYOPMYKSLS4WHBXNPGTO3TCQVY.jpg\" width=\"4116\"\/>La rutina diaria inclu\u00eda cardio en ayunas y progresi\u00f3n semanal en la intensidad de los ejercicios (REUTERS\/Danny Moloshok)<\/p>\n<p class=\"paragraph\">La transformaci\u00f3n se hizo evidente en la mejora f\u00edsica mostrada por Smith tras las veinte semanas de entrenamiento. Aunque no revel\u00f3 p\u00fablicamente su peso final, los cambios fueron notables tanto en redes sociales como en producciones, como en el rodaje de <b>\u201cEmancipation\u201d<\/b>. <\/p>\n<p class=\"paragraph\">A los 55 a\u00f1os, lleg\u00f3 a declarar que pod\u00eda correr cinco kil\u00f3metros a 38 grados, prueba de la mejora en su resistencia y condici\u00f3n general. Las fotos junto a su equipo y los testimonios de sus colaboradores confirman una nueva vitalidad que recibi\u00f3 el reconocimiento tanto en su vida personal como profesional.<\/p>\n<p class=\"paragraph\">En paralelo al reto f\u00edsico, Smith enfrentaba una lucha interna lejos del ojo p\u00fablico. Detall\u00f3 episodios de ansiedad y depresi\u00f3n, que lo llevaron a cuestionar el sentido de su vida y a ver la imagen de seguridad que proyectaba como un mecanismo defensivo moldeado por la presi\u00f3n.<\/p>\n<p class=\"paragraph\">El aislamiento de la pandemia exacerb\u00f3 ese proceso, y sirvi\u00f3 al mismo tiempo como detonante para abordar sus conflictos internos con ayuda profesional y compartir su vivencia.<\/p>\n<p><img alt=\"La experiencia de subir los\" class=\"global-image\" decoding=\"async\" fetchpriority=\"low\" height=\"5042\" loading=\"lazy\" src=\"https:\/\/www.europesays.com\/es\/wp-content\/uploads\/2025\/09\/N6Q77RJKB6WJMLVPOEIS5YCPOM.jpg\" width=\"7573\"\/>La experiencia de subir los 186 pisos del Burj Khalifa represent\u00f3 un desaf\u00edo f\u00edsico y emocional en la vida del actor (REUTERS\/Daniel Cole)<\/p>\n<p class=\"paragraph\">Exponer la<b> <\/b><a rel=\"noopener noreferrer nofollow\" href=\"https:\/\/www.infobae.com\/tag\/vulnerabilidad-emocional\/\" target=\"_blank\" title=\"https:\/\/www.infobae.com\/tag\/vulnerabilidad-emocional\/\"><b>vulnerabilidad emocional<\/b><\/a> result\u00f3 un paso fundamental en su enfoque de vida y en el mensaje transmitido al p\u00fablico.<\/p>\n<p class=\"paragraph\">La salud mental se trat\u00f3 abiertamente en la familia Smith. <b>Jada Pinkett Smith<\/b> expres\u00f3 en p\u00fablico sus luchas con pensamientos suicidas. Su hija <b>Willow<\/b> relat\u00f3 episodios de ansiedad y autolesiones posteriores al \u00e9xito de su primer sencillo musical. <\/p>\n<p class=\"paragraph\">Lejos de ocultar estas experiencias, la familia decidi\u00f3 exponerlas en foros p\u00fablicos y en su plataforma Red Table Talk. En recientes entrevistas, Smith asegur\u00f3 que actualmente prioriza el autoconocimiento y el bienestar emocional, promoviendo el apoyo dentro de la familia para enfrentar los desaf\u00edos de la vida bajo el constante escrutinio medi\u00e1tico.<\/p>\n","protected":false},"excerpt":{"rendered":"El entrenamiento de fuerza fue un pilar clave en la recuperaci\u00f3n f\u00edsica de Will Smith a sus 57&hellip;\n","protected":false},"author":2,"featured_media":145730,"comment_status":"","ping_status":"","sticky":false,"template":"","format":"standard","meta":{"footnotes":""},"categories":[174],"tags":[255,146,147,25,24,256,44853,44854,7286,23,7287],"class_list":{"0":"post-145729","1":"post","2":"type-post","3":"status-publish","4":"format-standard","5":"has-post-thumbnail","7":"category-famosos","8":"tag-celebrities","9":"tag-entertainment","10":"tag-entretenimiento","11":"tag-es","12":"tag-espana","13":"tag-famosos","14":"tag-fmf","15":"tag-mnt","16":"tag-npstrans","17":"tag-spain","18":"tag-toppic"},"share_on_mastodon":{"url":"","error":""},"_links":{"self":[{"href":"https:\/\/www.europesays.com\/es\/wp-json\/wp\/v2\/posts\/145729","targetHints":{"allow":["GET"]}}],"collection":[{"href":"https:\/\/www.europesays.com\/es\/wp-json\/wp\/v2\/posts"}],"about":[{"href":"https:\/\/www.europesays.com\/es\/wp-json\/wp\/v2\/types\/post"}],"author":[{"embeddable":true,"href":"https:\/\/www.europesays.com\/es\/wp-json\/wp\/v2\/users\/2"}],"replies":[{"embeddable":true,"href":"https:\/\/www.europesays.com\/es\/wp-json\/wp\/v2\/comments?post=145729"}],"version-history":[{"count":0,"href":"https:\/\/www.europesays.com\/es\/wp-json\/wp\/v2\/posts\/145729\/revisions"}],"wp:featuredmedia":[{"embeddable":true,"href":"https:\/\/www.europesays.com\/es\/wp-json\/wp\/v2\/media\/145730"}],"wp:attachment":[{"href":"https:\/\/www.europesays.com\/es\/wp-json\/wp\/v2\/media?parent=145729"}],"wp:term":[{"taxonomy":"category","embeddable":true,"href":"https:\/\/www.europesays.com\/es\/wp-json\/wp\/v2\/categories?post=145729"},{"taxonomy":"post_tag","embeddable":true,"href":"https:\/\/www.europesays.com\/es\/wp-json\/wp\/v2\/tags?post=145729"}],"curies":[{"name":"wp","href":"https:\/\/api.w.org\/{rel}","templated":true}]}}