{"id":145733,"date":"2025-09-29T05:33:11","date_gmt":"2025-09-29T05:33:11","guid":{"rendered":"https:\/\/www.europesays.com\/es\/145733\/"},"modified":"2025-09-29T05:33:11","modified_gmt":"2025-09-29T05:33:11","slug":"disney-desvela-la-fecha-de-estreno-de-star-wars-the-mandalorian-y-grogu-la-pelicula-que-continua-la-historia-de-pedro-pascal-y-baby-yoda","status":"publish","type":"post","link":"https:\/\/www.europesays.com\/es\/145733\/","title":{"rendered":"Disney desvela la fecha de estreno de &#8216;Star Wars: The Mandalorian y Grogu&#8217;, la pel\u00edcula que contin\u00faa la historia de Pedro Pascal y &#8216;Baby Yoda&#8217;"},"content":{"rendered":"<p><img fetchpriority=\"high\" class=\"v-a-img\" src=\"https:\/\/www.europesays.com\/es\/wp-content\/uploads\/2025\/09\/TheMandalorian-kRU-U2303063549235qBD-1200x840@Las Provincias.jpg\" loading=\"eager\" decoding=\"async\" alt=\"Bai, Clang, Keeto y Grogu, en un fotograma de la pel\u00edcula'The Mandalorian and Grogu'.\"  width=\"1200\" height=\"840\"\/><\/p>\n<p>Bai, Clang, Keeto y Grogu, en un fotograma de la pel\u00edcula&#8217;The Mandalorian and Grogu&#8217;.          EFE\/Lucasfilm Ltd        <\/p>\n<p>La compa\u00f1\u00eda avanza las primeras im\u00e1genes del largometraje con Pedro Pascal y Sigourney Weaver como protagonistas<\/p>\n<p class=\"v-mdl-ath__p v-mdl-ath__p--6\">\nLunes, 29 de septiembre 2025, 00:47<\/p>\n<p class=\"v-p\">El universo de <a href=\"https:\/\/www.lasprovincias.es\/sociedad\/mundo-viral\/vuelta-origenes-star-wars-lucasfilm-confirma-reestreno-20250807150442-nt.html\" target=\"_blank\" title=\"www.lasprovincias.es\" data-voc-vtm-id=\"in-text-traffic\" data-mrf-link=\"www.lasprovincias.es\" rel=\"nofollow noopener\">Star Wars<\/a> regresa a <a href=\"https:\/\/www.lasprovincias.es\/culturas\/cine\/\" target=\"_blank\" title=\"www.lasprovincias.es\" data-voc-vtm-id=\"in-text-traffic\" data-mrf-link=\"www.lasprovincias.es\" rel=\"nofollow noopener\">la gran pantalla<\/a>. Disney ha revelado este lunes las primeras im\u00e1genes de &#8216;Star Wars: The Mandalorian y Grogu&#8217;, su nueva pel\u00edcula que contar\u00e1 con las aventuras de Din Djarin y &#8216;Baby Yoda&#8217;. <\/p>\n<p class=\"v-p\">En esta ocasi\u00f3n, <a href=\"https:\/\/www.lasprovincias.es\/culturas\/tv\/concurso-dobles-pedro-pascal-enloquece-redes-sociales-20250618005004-nt.html\" target=\"_blank\" title=\"www.lasprovincias.es\" data-voc-vtm-id=\"in-text-traffic\" data-mrf-link=\"www.lasprovincias.es\" rel=\"nofollow noopener\">Pedro Pascal<\/a> vuelve a ponerse en la piel del mandaloriano m\u00e1s temido de la galaxia, qui\u00e9n contar\u00e1 con la ayuda de su joven aprendiz Grogu.<\/p>\n<p class=\"v-p\">La pel\u00edcula arranca con una premisa de partida. Los se\u00f1ores de la guerra imperiales contin\u00faan dispersos por toda la galaxia tras la ca\u00edda del malvado imperio. Mientras tanto, la Nueva Rep\u00fablica recien creada lucha por mantener todo aquello que logr\u00f3 la Rebeli\u00f3n.<\/p>\n<p><a href=\"http:\/\/www.lasprovincias.es\/pantallas\/series\/series-estrenan-semana-20250917004329-ntrc.html#vtm_modulosEngag=mod-rel:culturas:noticia:1:cmp:2-not\" class=\"v-a-link\" title=\"Las series que se estrenan esta semana\" rel=\"nofollow noopener\" target=\"_blank\"><br \/>\n<img decoding=\"async\" loading=\"lazy\" class=\"v-a-img\" src=\"https:\/\/www.europesays.com\/es\/wp-content\/uploads\/2025\/09\/guinnes-kpmB--366x256@RC.jpg\" alt=\"Las series que se estrenan esta semana\"\/><br \/>\n<\/a><\/p>\n<p><a href=\"http:\/\/www.lasprovincias.es\/gente-estilo\/tom-holland-hospitalizado-tras-sufrir-accidente-rodaje-20250922122906-nt.html#vtm_modulosEngag=mod-rel:culturas:noticia:2:cmp:2-not\" class=\"v-a-link\" title=\"Tom Holland, hospitalizado tras sufrir un accidente durante el rodaje de la pr\u00f3xima entrega de Spider-Man\" rel=\"nofollow noopener\" target=\"_blank\"><br \/>\n<img decoding=\"async\" loading=\"lazy\" class=\"v-a-img\" src=\"https:\/\/www.europesays.com\/es\/wp-content\/uploads\/2025\/09\/tomholand-kYWG--366x256@Las Provincias.jpg\" alt=\"Tom Holland, hospitalizado tras sufrir un accidente durante el rodaje de la pr\u00f3xima entrega de Spider-Man\"\/><br \/>\n<\/a><\/p>\n<p class=\"v-p\">Adem\u00e1s de Pascal, la pel\u00edcula contar\u00e1 con Sigourney Weaver, Jonny Coyne y Jeremy Allen White en el reparto. Todos ellos trabajar\u00e1n bajo la direcci\u00f3n de Jon Favreau, que comparte la autor\u00eda del gui\u00f3n junto a Dave Filoni.<\/p>\n<p class=\"v-p\">As\u00edmismo, la coma\u00f1\u00eda tambi\u00e9n ha desvelado cu\u00e1l ser\u00e1 el momento en el que la pel\u00edcula se pueda disfrutar en los cines. Los espectadores podr\u00e1n disfrutar de las historiuas que envuelven a estos dos protagonistas el viernes 22 de mayo de 2026.<\/p>\n<p class=\"v-p\">Cabe destacar que la puesta en marcha de este proyecto no trae consigo novedades acerca de la serie de Disney+. Jon Favreau anunci\u00f3 a principios de 2023 que la temporada cuatro de &#8216;The Mandalorian&#8217; ya estaba escrita.<\/p>\n<p>Comenta<\/p>\n<p>Reporta un error<\/p>\n","protected":false},"excerpt":{"rendered":"Bai, Clang, Keeto y Grogu, en un fotograma de la pel\u00edcula&#8217;The Mandalorian and Grogu&#8217;. EFE\/Lucasfilm Ltd La compa\u00f1\u00eda&hellip;\n","protected":false},"author":2,"featured_media":145734,"comment_status":"","ping_status":"","sticky":false,"template":"","format":"standard","meta":{"footnotes":""},"categories":[169],"tags":[26414,177,10600,4083,1060,146,147,25,24,1055,1151,176,42326,448,17353,175,11584,1822,1257,23,7824,3498,26614,44855],"class_list":{"0":"post-145733","1":"post","2":"type-post","3":"status-publish","4":"format-standard","5":"has-post-thumbnail","7":"category-cine","8":"tag-baby","9":"tag-cine","10":"tag-continua","11":"tag-desvela","12":"tag-disney","13":"tag-entertainment","14":"tag-entretenimiento","15":"tag-es","16":"tag-espana","17":"tag-estreno","18":"tag-fecha","19":"tag-film","20":"tag-grogu","21":"tag-historia","22":"tag-mandalorian","23":"tag-movies","24":"tag-pascal","25":"tag-pedro","26":"tag-pelicula","27":"tag-spain","28":"tag-star","29":"tag-the","30":"tag-wars","31":"tag-yoda"},"share_on_mastodon":{"url":"","error":""},"_links":{"self":[{"href":"https:\/\/www.europesays.com\/es\/wp-json\/wp\/v2\/posts\/145733","targetHints":{"allow":["GET"]}}],"collection":[{"href":"https:\/\/www.europesays.com\/es\/wp-json\/wp\/v2\/posts"}],"about":[{"href":"https:\/\/www.europesays.com\/es\/wp-json\/wp\/v2\/types\/post"}],"author":[{"embeddable":true,"href":"https:\/\/www.europesays.com\/es\/wp-json\/wp\/v2\/users\/2"}],"replies":[{"embeddable":true,"href":"https:\/\/www.europesays.com\/es\/wp-json\/wp\/v2\/comments?post=145733"}],"version-history":[{"count":0,"href":"https:\/\/www.europesays.com\/es\/wp-json\/wp\/v2\/posts\/145733\/revisions"}],"wp:featuredmedia":[{"embeddable":true,"href":"https:\/\/www.europesays.com\/es\/wp-json\/wp\/v2\/media\/145734"}],"wp:attachment":[{"href":"https:\/\/www.europesays.com\/es\/wp-json\/wp\/v2\/media?parent=145733"}],"wp:term":[{"taxonomy":"category","embeddable":true,"href":"https:\/\/www.europesays.com\/es\/wp-json\/wp\/v2\/categories?post=145733"},{"taxonomy":"post_tag","embeddable":true,"href":"https:\/\/www.europesays.com\/es\/wp-json\/wp\/v2\/tags?post=145733"}],"curies":[{"name":"wp","href":"https:\/\/api.w.org\/{rel}","templated":true}]}}