{"id":145735,"date":"2025-09-29T05:34:09","date_gmt":"2025-09-29T05:34:09","guid":{"rendered":"https:\/\/www.europesays.com\/es\/145735\/"},"modified":"2025-09-29T05:34:09","modified_gmt":"2025-09-29T05:34:09","slug":"marc-marquez-culmina-su-resurreccion-y-vuelve-a-ser-campeon-de-motogp-el-pais-expres","status":"publish","type":"post","link":"https:\/\/www.europesays.com\/es\/145735\/","title":{"rendered":"Marc M\u00e1rquez culmina su resurrecci\u00f3n y vuelve a ser campe\u00f3n de MotoGP | El PA\u00cdS Expr\u00e9s"},"content":{"rendered":"<p><img fetchpriority=\"high\" decoding=\"auto\" class=\"_re  a_m-h\" height=\"414\"  width=\"414\"  src=\"https:\/\/www.europesays.com\/es\/wp-content\/uploads\/2025\/09\/5H4WMSYPDFHCXKNPIBAMBHXCGM.jpg\" loading=\"eager\"\/>(Foto de ARCHIVO)&#13;<br \/>\nMARQUEZ Marc (spa), Ducati Lenovo Team, Ducati Desmosedici GP25, portrait celebrates his world champion title during the 2025 MotoGP Motul Grand Prix of Japan on the Twin Ring Motegi Circuit from September 26 to 28, At Motegi, Japan &#8211; Photo Studio Milagro \/ DPPI&#13;<br \/>\nAFP7 &#13;<br \/>\n06\/10\/2024 ONLY FOR USE IN SPAINFoto: AFP7 v\u00eda Europa Press<\/p>\n<p class=\"\">Marc M\u00e1rquez cruz\u00f3 la meta de Jap\u00f3n en segunda posici\u00f3n, suficiente para consumar la mayor redenci\u00f3n del motociclismo: seis a\u00f1os despu\u00e9s volvi\u00f3 a la cima y se proclam\u00f3 campe\u00f3n del mundo de MotoGP por s\u00e9ptima vez.<\/p>\n<p class=\"\"><b>La temporada del renacimiento: <\/b><\/p>\n<ul>\n<li>Arranc\u00f3 con cuatro victorias seguidas en Tailandia y Argentina.<\/li>\n<li>Despu\u00e9s llegaron las ca\u00eddas en Austin y Jerez, que le obligaron a contener la ambici\u00f3n y aprender a correr de otro modo. <\/li>\n<li>De ah\u00ed en adelante, el dominio fue incontestable: con 11 victorias en 17 grandes premios, gestion\u00f3 la recta final sin necesidad de forzar m\u00e1s de la cuenta.<\/li>\n<\/ul>\n<p class=\"\"><b>M\u00e1s all\u00e1 del palmar\u00e9s.<\/b> M\u00e1rquez iguala a Valentino Rossi con siete coronas en MotoGP y eleva a nueve su palmar\u00e9s mundialista. Tras la fractura del h\u00famero en 2020, cuatro operaciones y su salida de Honda, parec\u00eda imposible verlo de nuevo en la cima.<\/p>\n<p class=\"\">\u00a9Foto: AFP7 v\u00eda Europa Press<\/p>\n<p class=\"\"><a href=\"https:\/\/elpais.com\/deportes\/motociclismo\/2025-09-28\/marc-marquez-culmina-su-epopeya-y-es-de-nuevo-campeon-del-mundo-de-motogp.html\" target=\"_self\" rel=\"nofollow noopener\" title=\"https:\/\/elpais.com\/deportes\/motociclismo\/2025-09-28\/marc-marquez-culmina-su-epopeya-y-es-de-nuevo-campeon-del-mundo-de-motogp.html\">Si quieres saber m\u00e1s, puedes leer aqu\u00ed.<\/a><\/p>\n","protected":false},"excerpt":{"rendered":"(Foto de ARCHIVO)&#13; MARQUEZ Marc (spa), Ducati Lenovo Team, Ducati Desmosedici GP25, portrait celebrates his world champion title&hellip;\n","protected":false},"author":2,"featured_media":145736,"comment_status":"","ping_status":"","sticky":false,"template":"","format":"standard","meta":{"footnotes":""},"categories":[93],"tags":[44393,1762,168,1764,25,24,44392,13638,14726,16628,22854,1760,23,167],"class_list":{"0":"post-145735","1":"post","2":"type-post","3":"status-publish","4":"format-standard","5":"has-post-thumbnail","7":"category-deportes","8":"tag-circuito-motegi","9":"tag-circuitos-velocidad","10":"tag-deportes","11":"tag-deportes-motor","12":"tag-es","13":"tag-espana","14":"tag-gp-japon","15":"tag-marc-marquez","16":"tag-moto-gp","17":"tag-motociclismo","18":"tag-mundial-motociclismo","19":"tag-pilotos-deportivos","20":"tag-spain","21":"tag-sports"},"share_on_mastodon":{"url":"","error":""},"_links":{"self":[{"href":"https:\/\/www.europesays.com\/es\/wp-json\/wp\/v2\/posts\/145735","targetHints":{"allow":["GET"]}}],"collection":[{"href":"https:\/\/www.europesays.com\/es\/wp-json\/wp\/v2\/posts"}],"about":[{"href":"https:\/\/www.europesays.com\/es\/wp-json\/wp\/v2\/types\/post"}],"author":[{"embeddable":true,"href":"https:\/\/www.europesays.com\/es\/wp-json\/wp\/v2\/users\/2"}],"replies":[{"embeddable":true,"href":"https:\/\/www.europesays.com\/es\/wp-json\/wp\/v2\/comments?post=145735"}],"version-history":[{"count":0,"href":"https:\/\/www.europesays.com\/es\/wp-json\/wp\/v2\/posts\/145735\/revisions"}],"wp:featuredmedia":[{"embeddable":true,"href":"https:\/\/www.europesays.com\/es\/wp-json\/wp\/v2\/media\/145736"}],"wp:attachment":[{"href":"https:\/\/www.europesays.com\/es\/wp-json\/wp\/v2\/media?parent=145735"}],"wp:term":[{"taxonomy":"category","embeddable":true,"href":"https:\/\/www.europesays.com\/es\/wp-json\/wp\/v2\/categories?post=145735"},{"taxonomy":"post_tag","embeddable":true,"href":"https:\/\/www.europesays.com\/es\/wp-json\/wp\/v2\/tags?post=145735"}],"curies":[{"name":"wp","href":"https:\/\/api.w.org\/{rel}","templated":true}]}}