{"id":145737,"date":"2025-09-29T05:35:08","date_gmt":"2025-09-29T05:35:08","guid":{"rendered":"https:\/\/www.europesays.com\/es\/145737\/"},"modified":"2025-09-29T05:35:08","modified_gmt":"2025-09-29T05:35:08","slug":"dia-mundial-del-corazon-por-que-se-celebra-el-lunes-29-de-septiembre-el-cronista","status":"publish","type":"post","link":"https:\/\/www.europesays.com\/es\/145737\/","title":{"rendered":"D\u00eda Mundial del Coraz\u00f3n: por qu\u00e9 se celebra el lunes 29 de septiembre &#8211; El Cronista"},"content":{"rendered":"<ol>\n<li><a href=\"https:\/\/news.google.com\/rss\/articles\/CBMitgFBVV95cUxOa2lnZDB1ZU1GQWNDRk55UzNDMTlvZnRoWHBYNENRMGZHMDVEZVhTZFdMd0FJUG5IUWlfbEt1djBYcFlpZlFBajNoNUlPUko4X3VVa2gyUzJIdWhweHY3RTQzLVJzMzlHNG9XZWFKS0toR2RjU0RMcldsNG5MV3JwRzFlaV91T0w0amNYWGtQYlBZcTlVaG1EMUFUeWoyVnBGRWJtdVRhcmZtbHd6Y1E0SzhpbGVLZ9IBtgFBVV95cUxOa2lnZDB1ZU1GQWNDRk55UzNDMTlvZnRoWHBYNENRMGZHMDVEZVhTZFdMd0FJUG5IUWlfbEt1djBYcFlpZlFBajNoNUlPUko4X3VVa2gyUzJIdWhweHY3RTQzLVJzMzlHNG9XZWFKS0toR2RjU0RMcldsNG5MV3JwRzFlaV91T0w0amNYWGtQYlBZcTlVaG1EMUFUeWoyVnBGRWJtdVRhcmZtbHd6Y1E0SzhpbGVLZw?oc=5\" target=\"_blank\" rel=\"nofollow noopener\">D\u00eda Mundial del Coraz\u00f3n: por qu\u00e9 se celebra el lunes 29 de septiembre<\/a>&nbsp;&nbsp;El Cronista<\/li>\n<li><a href=\"https:\/\/news.google.com\/rss\/articles\/CBMic0FVX3lxTE1pZUktbURCWlRIOFJfaG9BN3BOUTJtMDNYLTcwR25wb0N0eU4tVDBTcUdiWVpZZ0phRWdGSW5OQkl3djRDamFyRWhzVy1KU3J3amE5R3lRNEJEcWFqOFdCRFFyQXl3REhZMzYxRnJ0QzA5cHc?oc=5\" target=\"_blank\" rel=\"nofollow noopener\">C\u00f3mo cuidar el coraz\u00f3n en cada etapa de la vida: de la infancia a la vejez<\/a>&nbsp;&nbsp;EFESalud<\/li>\n<li><a href=\"https:\/\/news.google.com\/rss\/articles\/CBMi4gFBVV95cUxNR1Jhc0RyZGxyaDVUdXR2aG1PTlVscEgzNFlHck1TSjdkYTdOcGNWcGRJTjNNX1B0eXY5ZE1vYVBEUzdMQm1ia0pPRW9qOWZjVFBQWE85N1lmY2F4RWU1aTh0ZnRpMWxacGdBUGl5bGVGRkREMlZVZHVCT19oakU0eUxneFpjNllPa2h1aVVKa0pwb0ZJdEdzYnpteWgtNFpsMUx1ekZNVGhXV3RqLV9jSTVsVGx1VXZsV0t1SHhPU3lpejFlTVdhdDlDWkpQckpjWVZjdFVPS2dXWnhveHpWMHF30gH8AUFVX3lxTE50UUdjOHE3OUF1OEpHTHJXbW1MSGQ1ejc4aUtkZkRkdkwzbFNtYzBOcjU3UG5WZVRNa1NzMUNKVDY2MzNnc1FXZEZKM05yT19jYmx6QmJfQzNidHVCcjJYaFdta3JPTDBTZU1QRzc1azlLSTd3Wi05bFpWUW5KSmFWcC10MHRPY0pqZmlENnB5Ty1tMnRrQWdQTUp6VGpoMFhISVFNVlBObGItYmEwbkt1VzgwNzN0NVpMN2dCTFFVNzJ0c1lVR3B4VzNGZUk5LVpIVTVSai1odHdyTDM5eDFkNmIyUEZ4NE9QTEN3ZlN5QVRSaF9OWWJVbmNLXw?oc=5\" target=\"_blank\" rel=\"nofollow noopener\">D\u00eda Mundial del Coraz\u00f3n: la jornada global que alerta sobre la salud cardiovascular y promueve la prevenci\u00f3n<\/a>&nbsp;&nbsp;Infobae<\/li>\n<li><a href=\"https:\/\/news.google.com\/rss\/articles\/CBMiygFBVV95cUxOMGc2M1hkNXl0VjcwdUdpZElsUTN3SGY2YWRPRUM3VVZzc0Q2WDdkdEd5bU9SWVVGVF81YkJqcWR5Ml9abmRTZWxoeW03V3FZV1RNYjZWbmZOcDg4dmZ6N0dFREZKaFZRVGRwUW9oR3VqTk1KSEVYZlRWWENBcUpzcWFpdmk1RmFCZjBRYXoySGhRdDVOTXhFdEpMSm0xamp4UEx3Z3NpbTk5YlhpRE1oNXJsdFloYTRJVzNJMk00ZGVqV1JxRVBiaW9R?oc=5\" target=\"_blank\" rel=\"nofollow noopener\">D\u00eda Mundial del Coraz\u00f3n: \u201cCada latido importa. No te pierdas nada\u201d<\/a>&nbsp;&nbsp;El Nuevo D\u00eda<\/li>\n<li><a href=\"https:\/\/news.google.com\/rss\/articles\/CBMilwFBVV95cUxNY1ZFdk5lcW5rLTIyNFpDM3pfNUZuQ281MzdIY2lMa3gxelJPTVRwUl9adm13eFAxR3JTTS1pYzVJbGE1ZEFaUUVJdzBQanhMQ1BPakhtUmV1ODMyRDRHM0pNLUljNnZpNXNYX1psdURra0N4dXdGQS0wUlVJR1VlblZ2OExrNzltNm9XeXp1c283blpTNzlJ0gGcAUFVX3lxTE5EQW0tQ2xrNC1xUXM0b1k4WXpZWEF6bkdNeXBpOTFidER5M2tFdTgyUFdza0JMQ1RjMWdBQXFhczZ6anR2a1pKbUVXOEZtZmdmTzFQQzFORDVmMzREN1VFSUt6MFp6aVFWU2wtM2F5akg2OXZIX2VZakZnRUdFLTh0VkhXbzNUT0tjTXhhTWwwb0QtSTBXQWRSTGcxTA?oc=5\" target=\"_blank\" rel=\"nofollow noopener\">\u00bfQu\u00e9 se celebra hoy lunes, 29 de septiembre de 2025 ?<\/a>&nbsp;&nbsp;The Objective<\/li>\n<\/ol>\n","protected":false},"excerpt":{"rendered":"D\u00eda Mundial del Coraz\u00f3n: por qu\u00e9 se celebra el lunes 29 de septiembre&nbsp;&nbsp;El Cronista C\u00f3mo cuidar el coraz\u00f3n&hellip;\n","protected":false},"author":2,"featured_media":145738,"comment_status":"","ping_status":"","sticky":false,"template":"","format":"standard","meta":{"footnotes":""},"categories":[92],"tags":[6783,44858,25,24,44856,165,448,44857,166,23],"class_list":{"0":"post-145737","1":"post","2":"type-post","3":"status-publish","4":"format-standard","5":"has-post-thumbnail","7":"category-salud","8":"tag-calendario","9":"tag-dia-festivo","10":"tag-es","11":"tag-espana","12":"tag-feriados","13":"tag-health","14":"tag-historia","15":"tag-naut-festivos-es","16":"tag-salud","17":"tag-spain"},"share_on_mastodon":{"url":"","error":""},"_links":{"self":[{"href":"https:\/\/www.europesays.com\/es\/wp-json\/wp\/v2\/posts\/145737","targetHints":{"allow":["GET"]}}],"collection":[{"href":"https:\/\/www.europesays.com\/es\/wp-json\/wp\/v2\/posts"}],"about":[{"href":"https:\/\/www.europesays.com\/es\/wp-json\/wp\/v2\/types\/post"}],"author":[{"embeddable":true,"href":"https:\/\/www.europesays.com\/es\/wp-json\/wp\/v2\/users\/2"}],"replies":[{"embeddable":true,"href":"https:\/\/www.europesays.com\/es\/wp-json\/wp\/v2\/comments?post=145737"}],"version-history":[{"count":0,"href":"https:\/\/www.europesays.com\/es\/wp-json\/wp\/v2\/posts\/145737\/revisions"}],"wp:featuredmedia":[{"embeddable":true,"href":"https:\/\/www.europesays.com\/es\/wp-json\/wp\/v2\/media\/145738"}],"wp:attachment":[{"href":"https:\/\/www.europesays.com\/es\/wp-json\/wp\/v2\/media?parent=145737"}],"wp:term":[{"taxonomy":"category","embeddable":true,"href":"https:\/\/www.europesays.com\/es\/wp-json\/wp\/v2\/categories?post=145737"},{"taxonomy":"post_tag","embeddable":true,"href":"https:\/\/www.europesays.com\/es\/wp-json\/wp\/v2\/tags?post=145737"}],"curies":[{"name":"wp","href":"https:\/\/api.w.org\/{rel}","templated":true}]}}