{"id":145739,"date":"2025-09-29T05:36:37","date_gmt":"2025-09-29T05:36:37","guid":{"rendered":"https:\/\/www.europesays.com\/es\/145739\/"},"modified":"2025-09-29T05:36:37","modified_gmt":"2025-09-29T05:36:37","slug":"dejame-que-presente-yo-si-no-te-importa","status":"publish","type":"post","link":"https:\/\/www.europesays.com\/es\/145739\/","title":{"rendered":"D\u00e9jame que presente yo, si no te importa"},"content":{"rendered":"<p class=\"article-text\">\n        Los colaboradores de <strong>laSexta Xplica<\/strong> debatieron este s\u00e1bado sobre las <a href=\"https:\/\/www.eldiario.es\/vertele\/videos\/actualidad\/mensaje-inaki-lopez-garamendi-derechos-empresarios-carlos-alcaraz-rafa-nadal_7_12637644.html\" target=\"_blank\" data-mrf-recirculation=\"links-noticia\" class=\"link\" rel=\"nofollow noopener\">pol\u00e9micas palabras<\/a> de <strong>Antonio Garamendi<\/strong> (presidente de la CEOE) comparando el esfuerzo de los trabajadores con el de dos deportistas de \u00e9lite como <strong>Carlos Alcaraz<\/strong> y <strong>Rafa Nadal<\/strong>. El debate fue tan intenso como siempre, quiz\u00e1 un poco m\u00e1s acalorado en determinados momentos.\n    <\/p>\n<p>    <a href=\"https:\/\/www.eldiario.es\/vertele\/noticias\/jordi-gonzalez-estreno-col-lapse-regreso-tv3-primer-programa_1_12639089.html\" data-mrf-recirculation=\"saber-mas\" data-dl-event=\"saber-mas\" rel=\"nofollow noopener\" target=\"_blank\"><\/p>\n<p class=\"know-more__title\">Jordi Gonz\u00e1lez se estren\u00f3 en &#8216;Col.lapse&#8217;: as\u00ed fue su regreso a TV3 despu\u00e9s de pasar a\u00f1os en las cadenas nacionales<\/p>\n<p>            <img decoding=\"async\" class=\"lazy\" loading=\"lazy\" data-src=\"https:\/\/static.eldiario.es\/clip\/89ea2f12-98c8-4d92-a93e-a00e9b6a1bc4_16-9-aspect-ratio_default_0.jpg\" src=\"data:image\/svg+xml,%3Csvg xmlns=\" http:=\"\" viewbox=\"0 0 880 495\" alt=\"Jordi Gonz\u00e1lez se estren\u00f3 en 'Col.lapse': as\u00ed fue su regreso a TV3 despu\u00e9s de pasar a\u00f1os en las cadenas nacionales\"\/><\/p>\n<p>                        <\/a><\/p>\n<p class=\"article-text\">\n        De hecho, el presentador del programa tuvo que intervenir en multitud de ocasiones para poner orden, para que los invitados no se interrumpieran unos a otros.\n    <\/p>\n<p class=\"article-text\">\n        <strong>\u201cTe he parado tres o cuatro veces\u201d<\/strong>, le dijo a una de las empresarias que defend\u00eda, entre otras cosas, que \u201cno hay clases entre los j\u00f3venes\u201d porque todos son \u201cobreros\u201d. A pocos metros de ella, otra colaboradora le recordaba que \u201clos j\u00f3venes de clase alta no tienen los mismos problemas que los de clase trabajadora\u201d.\n    <\/p>\n<p class=\"article-text\">\n        A la empresaria no le hizo ninguna gracia que se dijera que algunos empleadores son unos \u201cexplotadores\u201d. A partir de ah\u00ed, elev\u00f3 el tono contra sus compa\u00f1eros para defenderse de las acusaciones. Y\u00e9lamo se hart\u00f3.\n    <\/p>\n<p class=\"article-text\">\n        <strong>\u201cDe verdad, \u00bfpod\u00e9is dejar el debate un segundo? Vamos a superarlo, ya est\u00e1. Si me estoy cansando yo, imaginaos la gente en su casa\u201d<\/strong>, les dijo desde \u201cel cari\u00f1o\u201d.\n    <\/p>\n<p>    Jos\u00e9 Y\u00e9lamo: \u201cMe est\u00e1 escribiendo la gente para decirme que esto es un gallinero\u201d<\/p>\n<p class=\"article-text\">\n        Tras unos minutos de relativa calma, el presentador hizo tom\u00f3 de nuevo la palabra porque, al parecer, le hab\u00edan llegado unas cuantas quejas por la falta de orden en el plat\u00f3.\n    <\/p>\n<p class=\"article-text\">\n        \u201cOs voy a decir una cosa a todos y a todas. Y es importante, por favor. Durante el v\u00eddeo anterior he mirado el tel\u00e9fono y me est\u00e1 escribiendo la gente para decirme que no se entiende nada, que esto es un gallinero\u201d, desvel\u00f3 el gaditano, que est\u00e1 m\u00e1s que acostumbrado a lidiar con situaciones como esta. Y por m\u00e1s veces que lo advierte, siempre hay quienes hacen o\u00eddos sordos: \u201cSi lo que queremos es que el debate sea enriquecedor y que nuestras ideas se entiendan, hay que respetar los turnos. Est\u00e1 bien que nos calentemos y que nos interrumpamos un poquito, pero si hay cuatro personas hablando, esto no funciona\u201d.\n    <\/p>\n<p>    <a href=\"https:\/\/www.eldiario.es\/vertele\/noticias\/bailando-con-las-estrellas-eliminado-pepe-navarro-gala-3-telecinco-nominados-concursantes_1_12638546.html\" data-mrf-recirculation=\"saber-mas-abajo\" data-dl-event=\"saber-mas-abajo\" rel=\"nofollow noopener\" target=\"_blank\"><\/p>\n<p class=\"know-more__title\">&#8216;Bailando con las estrellas&#8217; elimin\u00f3 a uno de sus grandes fichajes tras dos semanas de agon\u00eda<\/p>\n<p>            <img decoding=\"async\" class=\"lazy\" loading=\"lazy\" data-src=\"https:\/\/static.eldiario.es\/clip\/8028f278-68ed-468e-839a-b582fc688f40_16-9-aspect-ratio_default_0.jpg\" src=\"data:image\/svg+xml,%3Csvg xmlns=\" http:=\"\" viewbox=\"0 0 880 495\" alt=\"'Bailando con las estrellas' elimin\u00f3 a uno de sus grandes fichajes tras dos semanas de agon\u00eda\"\/><\/p>\n<p>                        <\/a><\/p>\n<p class=\"article-text\">\n        Ni siquiera as\u00ed logr\u00f3 que la citada empresaria, aquella a la que tuvo que callar en m\u00e1s de una ocasi\u00f3n, respetase la complicada labor del presentador. Incluso le exigi\u00f3 una y otra vez que diera el turno de palabra a una de las colaboradoras, algo que molest\u00f3 a Y\u00e9lamo: <strong>\u201cD\u00e9jame que el programa lo presente yo, si no te importa\u201d<\/strong>, le espet\u00f3. La tertuliana le hizo caso, esta vez s\u00ed.\n    <\/p>\n<blockquote class=\"twitter-tweet\" data-lang=\"es\"><p><a href=\"https:\/\/twitter.com\/X\/status\/1972078800784838916?ref_src=twsrc%5Etfw\" rel=\"nofollow noopener\" target=\"_blank\"><\/p><\/blockquote>\n<p>                                    <script async src=\"https:\/\/platform.twitter.com\/widgets.js\" charset=\"utf-8\"><\/script><\/p>\n","protected":false},"excerpt":{"rendered":"Los colaboradores de laSexta Xplica debatieron este s\u00e1bado sobre las pol\u00e9micas palabras de Antonio Garamendi (presidente de la&hellip;\n","protected":false},"author":2,"featured_media":145740,"comment_status":"","ping_status":"","sticky":false,"template":"","format":"standard","meta":{"footnotes":""},"categories":[91],"tags":[20023,146,147,25,24,44859,5624,5563,33736,9693,23],"class_list":{"0":"post-145739","1":"post","2":"type-post","3":"status-publish","4":"format-standard","5":"has-post-thumbnail","7":"category-entretenimiento","8":"tag-empresaria","9":"tag-entertainment","10":"tag-entretenimiento","11":"tag-es","12":"tag-espana","13":"tag-harto-interrupciones","14":"tag-jose-yelamo","15":"tag-la-sexta-xplica","16":"tag-paloma","17":"tag-presentador","18":"tag-spain"},"share_on_mastodon":{"url":"","error":""},"_links":{"self":[{"href":"https:\/\/www.europesays.com\/es\/wp-json\/wp\/v2\/posts\/145739","targetHints":{"allow":["GET"]}}],"collection":[{"href":"https:\/\/www.europesays.com\/es\/wp-json\/wp\/v2\/posts"}],"about":[{"href":"https:\/\/www.europesays.com\/es\/wp-json\/wp\/v2\/types\/post"}],"author":[{"embeddable":true,"href":"https:\/\/www.europesays.com\/es\/wp-json\/wp\/v2\/users\/2"}],"replies":[{"embeddable":true,"href":"https:\/\/www.europesays.com\/es\/wp-json\/wp\/v2\/comments?post=145739"}],"version-history":[{"count":0,"href":"https:\/\/www.europesays.com\/es\/wp-json\/wp\/v2\/posts\/145739\/revisions"}],"wp:featuredmedia":[{"embeddable":true,"href":"https:\/\/www.europesays.com\/es\/wp-json\/wp\/v2\/media\/145740"}],"wp:attachment":[{"href":"https:\/\/www.europesays.com\/es\/wp-json\/wp\/v2\/media?parent=145739"}],"wp:term":[{"taxonomy":"category","embeddable":true,"href":"https:\/\/www.europesays.com\/es\/wp-json\/wp\/v2\/categories?post=145739"},{"taxonomy":"post_tag","embeddable":true,"href":"https:\/\/www.europesays.com\/es\/wp-json\/wp\/v2\/tags?post=145739"}],"curies":[{"name":"wp","href":"https:\/\/api.w.org\/{rel}","templated":true}]}}