{"id":145745,"date":"2025-09-29T05:39:11","date_gmt":"2025-09-29T05:39:11","guid":{"rendered":"https:\/\/www.europesays.com\/es\/145745\/"},"modified":"2025-09-29T05:39:11","modified_gmt":"2025-09-29T05:39:11","slug":"partido-proeuropeo-gana-las-parlamentarias-en-moldavia-dw-28-09-2025","status":"publish","type":"post","link":"https:\/\/www.europesays.com\/es\/145745\/","title":{"rendered":"Partido proeuropeo gana las parlamentarias en Moldavia \u2013 DW \u2013 28\/09\/2025"},"content":{"rendered":"<p>El partido gobernante de Moldavia, el europe\u00edsta Partido de Acci\u00f3n y Solidaridad (PAS), se impuso a la oposici\u00f3n prorrusa en las elecciones parlamentarias de este domingo (28.09.2025), de acuerdo con los datos proporcionados por la autoridad electoral. Las votaciones son consideradas determinantes para el futuro del pa\u00eds por la presidenta Maia Sandu.<\/p>\n<p>Con el 90 por ciento de los votos escrutados, PAS suma el 45,7 por ciento de las preferencias, mientras que el prorruso Bloque Patri\u00f3tico, que busca alejar al pa\u00eds de sus v\u00ednculos con Bruselas y devolverlo a la \u00f3rbita de Mosc\u00fa, alcanzaba el 27,2 por ciento de los sufragios. Sandu impuls\u00f3 un mayor acercamiento a Europa tras la invasi\u00f3n rusa a gran escala contra <a class=\"internal-link\" href=\"https:\/\/www.dw.com\/es\/ucrania\/t-36925922\" rel=\"nofollow noopener\" target=\"_blank\">Ucrania<\/a>.<\/p>\n<p>Durante la jornada hubo recriminaciones de lado y lado en la peque\u00f1a naci\u00f3n de Europa del Este que ha oscilado entre la influencia europea y la rusa. Funcionarios gubernamentales advirtieron sobre intentos por interrumpir la votaci\u00f3n, incluyendo ciberataques contra la infraestructura electoral y falsas amenazadas de bomba durante todo el d\u00eda, especialmente en locales de votaci\u00f3n en el extranjero.<\/p>\n<p>Aumenta participaci\u00f3n<\/p>\n<p>La Comisi\u00f3n Electoral inform\u00f3 de una participaci\u00f3n del 51,9 por ciento, superior al 48,41 por ciento de las parlamentarias de 2021. Esto implica que 1,59 millones se personas acudieron a las urnas, incluidos 264 000 moldavos que viven en el extranjero. La numerosa di\u00e1spora, que tiende a favorecer la integraci\u00f3n europea, podr\u00eda influir en los resultados de las elecciones.<\/p>\n<p>Mantener su mayor\u00eda en la c\u00e1mara con 101 esca\u00f1os permitir\u00eda al PAS seguir impulsado su objetivo de unirse a la <a class=\"internal-link\" href=\"https:\/\/www.dw.com\/es\/uni\u00f3n-europea\/t-17410587\" rel=\"nofollow noopener\" target=\"_blank\">Uni\u00f3n Europea<\/a> en 2030 y sacar a Moldavia de la \u00f3rbita rusa. Si no consigue la mayor\u00eda, podr\u00eda intentar formar una coalici\u00f3n con partidos proeuropeos m\u00e1s peque\u00f1os, aunque analistas ven esa posibilidad como algo m\u00e1s compleja, y temen que surjan dificultades en el camino hacia la integraci\u00f3n a la Uni\u00f3n Europea.<\/p>\n<p>Para poder formar Gobierno, la presidenta Sandu debe nombrar a un primer ministro que debe contar con la venia del Parlamento, de ah\u00ed la importancia de conformar alianzas estables.<\/p>\n<p>DZC (Reuters, AP)<\/p>\n","protected":false},"excerpt":{"rendered":"El partido gobernante de Moldavia, el europe\u00edsta Partido de Acci\u00f3n y Solidaridad (PAS), se impuso a la oposici\u00f3n&hellip;\n","protected":false},"author":2,"featured_media":145746,"comment_status":"","ping_status":"","sticky":false,"template":"","format":"standard","meta":{"footnotes":""},"categories":[42],"tags":[17,18,13,14,11,61,62,63,64,19,20,9,10,15,16,12,21,22,65,66,67],"class_list":{"0":"post-145745","1":"post","2":"type-post","3":"status-publish","4":"format-standard","5":"has-post-thumbnail","7":"category-internacional","8":"tag-breaking-news","9":"tag-breakingnews","10":"tag-featured-news","11":"tag-featurednews","12":"tag-headlines","13":"tag-internacional","14":"tag-international","15":"tag-international-news","16":"tag-internationalnews","17":"tag-latest-news","18":"tag-latestnews","19":"tag-news","20":"tag-noticias","21":"tag-noticias-destacadas","22":"tag-noticiasdestacadas","23":"tag-titulares","24":"tag-ultimas-noticias","25":"tag-ultimasnoticias","26":"tag-world","27":"tag-world-news","28":"tag-worldnews"},"share_on_mastodon":{"url":"","error":""},"_links":{"self":[{"href":"https:\/\/www.europesays.com\/es\/wp-json\/wp\/v2\/posts\/145745","targetHints":{"allow":["GET"]}}],"collection":[{"href":"https:\/\/www.europesays.com\/es\/wp-json\/wp\/v2\/posts"}],"about":[{"href":"https:\/\/www.europesays.com\/es\/wp-json\/wp\/v2\/types\/post"}],"author":[{"embeddable":true,"href":"https:\/\/www.europesays.com\/es\/wp-json\/wp\/v2\/users\/2"}],"replies":[{"embeddable":true,"href":"https:\/\/www.europesays.com\/es\/wp-json\/wp\/v2\/comments?post=145745"}],"version-history":[{"count":0,"href":"https:\/\/www.europesays.com\/es\/wp-json\/wp\/v2\/posts\/145745\/revisions"}],"wp:featuredmedia":[{"embeddable":true,"href":"https:\/\/www.europesays.com\/es\/wp-json\/wp\/v2\/media\/145746"}],"wp:attachment":[{"href":"https:\/\/www.europesays.com\/es\/wp-json\/wp\/v2\/media?parent=145745"}],"wp:term":[{"taxonomy":"category","embeddable":true,"href":"https:\/\/www.europesays.com\/es\/wp-json\/wp\/v2\/categories?post=145745"},{"taxonomy":"post_tag","embeddable":true,"href":"https:\/\/www.europesays.com\/es\/wp-json\/wp\/v2\/tags?post=145745"}],"curies":[{"name":"wp","href":"https:\/\/api.w.org\/{rel}","templated":true}]}}