{"id":145747,"date":"2025-09-29T05:40:11","date_gmt":"2025-09-29T05:40:11","guid":{"rendered":"https:\/\/www.europesays.com\/es\/145747\/"},"modified":"2025-09-29T05:40:11","modified_gmt":"2025-09-29T05:40:11","slug":"genova-deja-solo-a-sanchez-con-su-decreto-contra-israel-mientras-tapa-las-grietas-internas","status":"publish","type":"post","link":"https:\/\/www.europesays.com\/es\/145747\/","title":{"rendered":"G\u00e9nova deja solo a S\u00e1nchez con su decreto contra Israel mientras tapa las grietas internas"},"content":{"rendered":"\n<p> El paquete de medidas contra Israel, que el Consejo de Ministros aprob\u00f3 la semana pasada, debe convalidarse en el Congreso antes del pr\u00f3ximo 20 de octubre. El presidente del Gobierno volver\u00e1 a someterse a <strong>un dif\u00edcil examen parlamentario<\/strong>, esta vez con la dificultad a\u00f1adida de que en este caso no se trata de un decreto cualquiera, sino del \u00e9xito o el fracaso de un plan sobre el que <a href=\"https:\/\/www.elconfidencial.com\/espana\/2025-09-25\/septiembre-horribilis-sanchez-jueces-derrotas-congreso_4215572\/\" target=\"_blank\" rel=\"nofollow noopener\">S\u00e1nchez asienta su intento de recuperar ox\u00edgeno<\/a> pol\u00edtico: el liderazgo internacional \u2014y moral\u2014 contra el Gobierno de Benjamin Netanyahu por el \u00abgenocidio\u00bb en la Franja de Gaza. <\/p>\n<p> El Ejecutivo ya ha mantenido <strong>contactos con los grupos parlamentarios <\/strong>con una perspectiva optimista, aunque algunos socios como Podemos o el propio Sumar han dejado claras sus reticencias o sus l\u00edneas rojas. La Moncloa cree que es un texto que podr\u00eda votar incluso el PP, pero en G\u00e9nova se desmarcan de lo que ven como un \u00abejercicio de hipocres\u00eda\u00bb por parte de S\u00e1nchez, adem\u00e1s de una \u00abcortina de humo\u00bb para que <a href=\"https:\/\/www.elconfidencial.com\/espana\/2025-09-27\/la-ultima-bala-de-begona-ante-peinado-tratara-de-desactivar-la-malversacion-en-su-comparecencia_4216714\/\" target=\"_blank\" rel=\"nofollow noopener\">no se hable de sus problemas judiciales<\/a>. Las fuentes consultadas recelan, adem\u00e1s, de las consecuencias <strong>para \u00abla defensa y la seguridad\u00bb de nuestro pa\u00eds<\/strong> y repudian la v\u00eda unilateral del Gobierno, adelant\u00e1ndose a la hoja de ruta europea. <\/p>\n<p> Desde la direcci\u00f3n nacional del PP evitan concretar<strong> cu\u00e1l ser\u00e1 el sentido de su voto. <\/strong>Por ahora, apuestan por la \u00abprudencia\u00bb hasta haber analizado el texto en profundidad para no dar pistas al Gobierno. Tampoco le interesa al partido de Alberto N\u00fa\u00f1ez Feij\u00f3o \u00abamplificar\u00bb un debate que permite a Pedro S\u00e1nchez \u00abtapar\u00bb su dif\u00edcil horizonte judicial <a href=\"https:\/\/www.elconfidencial.com\/espana\/2025-09-25\/septiembre-horribilis-sanchez-jueces-derrotas-congreso_4215572\/\" target=\"_blank\" rel=\"nofollow noopener\">y su compleja realidad parlamentaria<\/a>, donde semana tras semana <strong>decaen proyectos de vital importancia<\/strong> para el Ejecutivo. Pero no son pocas las voces nacionales que ven dif\u00edcil, por no decir imposible, brindar su apoyo al plan: \u00abEsto no va ni de buenos ni de malos\u00bb. Aseguran que, por ahora, el PSOE no ha llamado. <\/p>\n<p> M\u00e1s all\u00e1 de las posibles consecuencias militares o econ\u00f3micas, <strong>en el PP se desconf\u00eda de la vertiente pol\u00edtica del decreto<\/strong>. Creen que S\u00e1nchez pretende utilizar el <a href=\"https:\/\/www.elconfidencial.com\/espana\/2025-09-23\/embargo-armas-tecnologia-israeli-impide-usar-pegasus_4214913\/\" target=\"_blank\" rel=\"nofollow noopener\">embargo de armas contra Israel <\/a>como una forma de situar a G\u00e9nova en una posici\u00f3n inc\u00f3moda, en un debate de blancos o negros: si no facilitan la aprobaci\u00f3n del decreto, reflexionan las fuentes consultadas, S\u00e1nchez apuntar\u00e1 a Feij\u00f3o como &#8216;c\u00f3mplice&#8217; de Netanyahu. \u00abO est\u00e1s en contra de la masacre, o la justificas\u00bb. <\/p>\n<p>              <img decoding=\"async\" class=\"inTextNews__img\" alt=\"Foto: furor-patrullero-armada-gaza-sanchez-israel-armas\" src=\"https:\/\/www.europesays.com\/es\/wp-content\/uploads\/2025\/09\/f.elconfidencial.com\/original\/51d\/fb5\/6ef\/51dfb56ef77bf90a666f30bc303be1b6.jpg\"  \/>     <\/p>\n<p>TE PUEDE INTERESAR<\/p>\n<p>      <a class=\"inTextNews__title\" href=\"https:\/\/www.elconfidencial.com\/espana\/2025-09-25\/furor-patrullero-armada-gaza-sanchez-israel-armas_4215733\/\" onclick=\"window.ECCO.emit(&#039;amplitude&#039;, { dataEventName: &#039;click_related_article_module&#039;, data: { related_article_url: &#039;https:\/\/www.elconfidencial.com\/espana\/2025-09-25\/furor-patrullero-armada-gaza-sanchez-israel-armas_4215733\/&#039;, related_article_author: &#039;Jos\u00e9 Mar\u00eda Olmo&#039;, related_article_section: &#039;espana&#039; } })\" rel=\"nofollow noopener\" target=\"_blank\"> \u00bfQuiere S\u00e1nchez invadir Israel con un patrullero? Una misi\u00f3n confusa, urgente y con pistolas y subfusiles a bordo <\/a>   <\/p>\n<p>    Jos\u00e9 Mar\u00eda Olmo   <\/p>\n<p> El debate sobre Gaza implica una oportunidad para que el Gobierno, lastrado por meses de desgaste en los tribunales y en el Parlamento,<a href=\"https:\/\/www.elconfidencial.com\/espana\/2025-06-15\/derechas-caida-sanchez-movimiento_4151510\/\" target=\"_blank\" rel=\"nofollow noopener\"> pueda movilizar a la izquierda<\/a>. Es una cuesti\u00f3n moral con la que sintoniza una buena parte de la opini\u00f3n p\u00fablica. Y tambi\u00e9n le permite incomodar a la derecha. G\u00e9nova se sacude de los \u00abchantajes\u00bb del jefe del Ejecutivo, y trata de imponer a la interna<strong> un criterio \u00fanico para abordar el conflicto de Oriente Pr\u00f3ximo<\/strong> que, sin embargo, hace agua por las dos <a href=\"https:\/\/www.elconfidencial.com\/espana\/2025-05-22\/debate-israel-impacta-pp-congreso-nacional_4134158\/\" target=\"_blank\" rel=\"nofollow noopener\">velocidades que conviven en el partido en lo que se refiere a Israel<\/a>. <\/p>\n<p> Si finalmente opta por el voto en contra, el PP deber\u00e1 subir a la tribuna de oradores con una posici\u00f3n n\u00edtida con la que evadir el marco al que le intentar\u00e1 llevar el Gobierno. Feij\u00f3o condena p\u00fablicamente<a href=\"https:\/\/www.elconfidencial.com\/mundo\/2025-09-26\/asamblea-onu-discurso-netanyahu-directo_4216873\/\" target=\"_blank\" rel=\"nofollow noopener\"> la \u00abmasacre\u00bb de Netanyahu en Gaza<\/a>, al que exige cesar cuanto antes la ofensiva militar contra la poblaci\u00f3n civil, pero insiste en que la repulsa pol\u00edtica a lo que sucede en la Franja no puede quedarse s\u00f3lo en la poblaci\u00f3n palestina, sino tambi\u00e9n en<strong> las v\u00edctimas israel\u00edes a manos de la organizaci\u00f3n terrorista de Ham\u00e1s<\/strong>. <\/p>\n<p>              <img decoding=\"async\" class=\"inTextNews__img\" alt=\"Foto: barones-pp-ppolarizar-gaza-ayuso-almeida-danos-madrid\" src=\"https:\/\/www.europesays.com\/es\/wp-content\/uploads\/2025\/09\/f.elconfidencial.com\/original\/2a3\/08e\/bb1\/2a308ebb1f1a08bf1937e045f4414a44.jpg\"  \/>     <\/p>\n<p>TE PUEDE INTERESAR<\/p>\n<p>      <a class=\"inTextNews__title\" href=\"https:\/\/www.elconfidencial.com\/espana\/2025-09-16\/barones-pp-ppolarizar-gaza-ayuso-almeida-danos-madrid_4209426\/\" onclick=\"window.ECCO.emit(&#039;amplitude&#039;, { dataEventName: &#039;click_related_article_module&#039;, data: { related_article_url: &#039;https:\/\/www.elconfidencial.com\/espana\/2025-09-16\/barones-pp-ppolarizar-gaza-ayuso-almeida-danos-madrid_4209426\/&#039;, related_article_author: &#039;Ana Bel\u00e9n Ramos&#039;, related_article_section: &#039;espana&#039; } })\" rel=\"nofollow noopener\" target=\"_blank\"> Barones del PP piden no \u00abpolarizar\u00bb con Gaza y Ayuso y Almeida estudian demandas por da\u00f1os a Madrid <\/a>   <\/p>\n<p>    Ana Bel\u00e9n Ramos   <\/p>\n<p> El presidente evita utilizar<a href=\"https:\/\/www.elconfidencial.com\/mundo\/2025-09-21\/parlamento-europeo-israel-gaza-genocidio-1hms_4210227\/\" target=\"_blank\" rel=\"nofollow noopener\"> la palabra \u00abgenocidio\u00bb para referirse a la matanza de civiles <\/a>en Gaza. La l\u00ednea oficial marcada por G\u00e9nova implica esperar a que la Corte Penal Internacional ratifique si es o no el t\u00e9rmino jur\u00eddico adecuado. No obstante, a la &#8216;orden&#8217; de Feij\u00f3o ya le han salido varias grietas. Porque ya son cuatro los presidentes auton\u00f3micos que se han saltado la directriz y han utilizado ese apelativo para censurar las acciones de Netanyahu: el presidente de Galicia, <strong>Alfonso Rueda<\/strong>; el de Andaluc\u00eda,<strong> Juanma Moreno<\/strong>; el de Arag\u00f3n,<strong> Jorge Azc\u00f3n; <\/strong>y el de Melilla, <strong>Juan Jos\u00e9 Imbroda<\/strong>. <\/p>\n<p> En la otra parte del tablero se sit\u00faa<strong> Isabel D\u00edaz Ayuso<\/strong> y el PP de Madrid. El alcalde de la capital, Jos\u00e9 Luis Mart\u00ednez-Almeida, ya ha advertido en varias ocasiones que, en su opini\u00f3n, lo que ocurre en Gaza \u00abno es un genocidio\u00bb, poniendo de manifiesto <strong>la disparidad sem\u00e1ntica en las filas del primer partido de la oposici\u00f3n<\/strong>. La presidenta de la Comunidad de Madrid tampoco ha exhibido, hasta la fecha, una condena rotunda a los ataques indiscriminados contra la poblaci\u00f3n gazat\u00ed. <\/p>\n<p> En l\u00ednea con el expresidente del Gobierno, <strong>Jos\u00e9 Mar\u00eda Aznar<\/strong>, Ayuso evita defender<a href=\"https:\/\/www.elconfidencial.com\/mundo\/2025-09-26\/asamblea-onu-discurso-netanyahu-directo_4216873\/\" target=\"_blank\" rel=\"nofollow noopener\"> la soluci\u00f3n de los dos Estados<\/a> para poner fin al conflicto, una v\u00eda a la que apel\u00f3 el Rey Felipe VI y que respalda su propio partido. La madrile\u00f1a se perfila como contrapeso diplom\u00e1tico al intento de S\u00e1nchez de<strong> \u00abaislar\u00bb a Espa\u00f1a y \u00abdemonizar\u00bb a Israel <\/strong>y tampoco duda en poner distancia con el criterio templado que prima en el PP. <\/p>\n<p> Ayuso rechaza de forma categ\u00f3rica el embargo de armas que el presidente del Gobierno pretende impulsar desde la Moncloa, pero no se queda en las palabras, sino tambi\u00e9n en las acciones: la pasada semana, y pese a <a href=\"https:\/\/blogs.elconfidencial.com\/espana\/no-es-no\/2025-09-22\/guerra-gaza-feijoo-sanchez-genocidio-1hms_4213217\/\" target=\"_blank\" rel=\"nofollow noopener\">la directriz interna de no amplificar el debate de Gaza<\/a>, Ayuso se reuni\u00f3 en la Real Casa de Correos con la encargada de negocios de la Embajada de Israel en Espa\u00f1a, <strong>Dana Erlich<\/strong>. <\/p>\n<p>                  <img decoding=\"async\" class=\"inTextNews__img\" alt=\"Foto: sanchez-responde-jurado-popular-gaza-buque-flotilla\" src=\"https:\/\/www.europesays.com\/es\/wp-content\/uploads\/2025\/09\/f.elconfidencial.com\/original\/45d\/83d\/635\/45d83d635ebe1b9bbb0137ff1222cab3.jpg\"  \/>     <\/p>\n<p>TE PUEDE INTERESAR<\/p>\n<p>      <a class=\"inTextNews__title\" href=\"https:\/\/www.elconfidencial.com\/espana\/2025-09-24\/sanchez-responde-jurado-popular-gaza-buque-flotilla_4215686\/\" onclick=\"window.ECCO.emit(&#039;amplitude&#039;, { dataEventName: &#039;click_related_article_module&#039;, data: { related_article_url: &#039;https:\/\/www.elconfidencial.com\/espana\/2025-09-24\/sanchez-responde-jurado-popular-gaza-buque-flotilla_4215686\/&#039;, related_article_author: &#039;Marisol Hern\u00e1ndez&#039;, related_article_section: &#039;espana&#039; } })\" rel=\"nofollow noopener\" target=\"_blank\"> S\u00e1nchez replica al juicio a su mujer con m\u00e1s acciones en Gaza: env\u00eda un buque a proteger la flotilla  <\/a>   <\/p>\n<p>    Marisol Hern\u00e1ndez   <\/p>\n<p> Consciente de que ser\u00e1 un debate en el que la \u00abunidad\u00bb interna pujar\u00e1 al alza para <strong>no dar ox\u00edgeno a S\u00e1nchez. <\/strong>Feij\u00f3o intent\u00f3 apaciguar las voces discordantes y trasladar una imagen de sinton\u00eda durante el c\u00f3nclave de trabajo que este fin de semana ha tenido lugar en Murcia, donde se han reunido a puerta cerrada todos los presidentes auton\u00f3micos del PP junto al l\u00edder nacional y varios miembros de la direcci\u00f3n. Reconoci\u00f3 \u00abmatices\u00bb y \u00abacentos\u00bb dentro de sus filas, pero pidi\u00f3 mantener las filas prietas. <\/p>\n<p> <strong>\u00abTodos los d\u00edas el objetivo ser\u00e1 dividirnos\u00bb<\/strong>, lanz\u00f3 el l\u00edder del PP en presencia de sus barones territoriales. Sin hacer referencia de forma concreta al debate sobre Gaza, Feij\u00f3o quiso dar la orden de no caer<a href=\"https:\/\/blogs.elconfidencial.com\/espana\/no-es-no\/2025-09-22\/guerra-gaza-feijoo-sanchez-genocidio-1hms_4213217\/\" target=\"_blank\" rel=\"nofollow noopener\"> \u00aben las trampas\u00bb del Gobierno<\/a> pese a los intentos de \u00abdespistarnos\u00bbhttps:\/\/www.elconfidencial.com\/espana\/2025-09-29\/genova-deja-solo-sanchez-decreto-contra-israel-mientras-tapa-grietas-internas_4217167\/.\u00bbNo tenemos que hablar para enfrentar a los espa\u00f1oles. Tenemos que hablar exclusivamente para dar una respuesta a lo que los espa\u00f1oles necesitan. No estamos para meter humo y que no se vea todo lo que hay detr\u00e1s\u00bb, zanj\u00f3. <\/p>\n<p> El paquete de medidas contra Israel, que el Consejo de Ministros aprob\u00f3 la semana pasada, debe convalidarse en el Congreso antes del pr\u00f3ximo 20 de octubre. El presidente del Gobierno volver\u00e1 a someterse a <strong>un dif\u00edcil examen parlamentario<\/strong>, esta vez con la dificultad a\u00f1adida de que en este caso no se trata de un decreto cualquiera, sino del \u00e9xito o el fracaso de un plan sobre el que <a href=\"https:\/\/www.elconfidencial.com\/espana\/2025-09-25\/septiembre-horribilis-sanchez-jueces-derrotas-congreso_4215572\/\" target=\"_blank\" rel=\"nofollow noopener\">S\u00e1nchez asienta su intento de recuperar ox\u00edgeno<\/a> pol\u00edtico: el liderazgo internacional \u2014y moral\u2014 contra el Gobierno de Benjamin Netanyahu por el \u00abgenocidio\u00bb en la Franja de Gaza. <\/p>\n","protected":false},"excerpt":{"rendered":"El paquete de medidas contra Israel, que el Consejo de Ministros aprob\u00f3 la semana pasada, debe convalidarse en&hellip;\n","protected":false},"author":2,"featured_media":145748,"comment_status":"","ping_status":"","sticky":false,"template":"","format":"standard","meta":{"footnotes":""},"categories":[8],"tags":[17,18,25,24,13,14,11,19,20,9,10,15,16,23,12,21,22],"class_list":{"0":"post-145747","1":"post","2":"type-post","3":"status-publish","4":"format-standard","5":"has-post-thumbnail","7":"category-espana","8":"tag-breaking-news","9":"tag-breakingnews","10":"tag-es","11":"tag-espana","12":"tag-featured-news","13":"tag-featurednews","14":"tag-headlines","15":"tag-latest-news","16":"tag-latestnews","17":"tag-news","18":"tag-noticias","19":"tag-noticias-destacadas","20":"tag-noticiasdestacadas","21":"tag-spain","22":"tag-titulares","23":"tag-ultimas-noticias","24":"tag-ultimasnoticias"},"share_on_mastodon":{"url":"","error":""},"_links":{"self":[{"href":"https:\/\/www.europesays.com\/es\/wp-json\/wp\/v2\/posts\/145747","targetHints":{"allow":["GET"]}}],"collection":[{"href":"https:\/\/www.europesays.com\/es\/wp-json\/wp\/v2\/posts"}],"about":[{"href":"https:\/\/www.europesays.com\/es\/wp-json\/wp\/v2\/types\/post"}],"author":[{"embeddable":true,"href":"https:\/\/www.europesays.com\/es\/wp-json\/wp\/v2\/users\/2"}],"replies":[{"embeddable":true,"href":"https:\/\/www.europesays.com\/es\/wp-json\/wp\/v2\/comments?post=145747"}],"version-history":[{"count":0,"href":"https:\/\/www.europesays.com\/es\/wp-json\/wp\/v2\/posts\/145747\/revisions"}],"wp:featuredmedia":[{"embeddable":true,"href":"https:\/\/www.europesays.com\/es\/wp-json\/wp\/v2\/media\/145748"}],"wp:attachment":[{"href":"https:\/\/www.europesays.com\/es\/wp-json\/wp\/v2\/media?parent=145747"}],"wp:term":[{"taxonomy":"category","embeddable":true,"href":"https:\/\/www.europesays.com\/es\/wp-json\/wp\/v2\/categories?post=145747"},{"taxonomy":"post_tag","embeddable":true,"href":"https:\/\/www.europesays.com\/es\/wp-json\/wp\/v2\/tags?post=145747"}],"curies":[{"name":"wp","href":"https:\/\/api.w.org\/{rel}","templated":true}]}}