{"id":145749,"date":"2025-09-29T05:41:07","date_gmt":"2025-09-29T05:41:07","guid":{"rendered":"https:\/\/www.europesays.com\/es\/145749\/"},"modified":"2025-09-29T05:41:07","modified_gmt":"2025-09-29T05:41:07","slug":"extranjeria-y-corrupcion-puntas-de-lanza-del-pp-espana","status":"publish","type":"post","link":"https:\/\/www.europesays.com\/es\/145749\/","title":{"rendered":"Extranjer\u00eda y corrupci\u00f3n, puntas de lanza del PP | Espa\u00f1a"},"content":{"rendered":"<p class=\"\">La <a href=\"https:\/\/elpais.com\/espana\/2025-09-28\/feijoo-propone-visados-para-inmigrantes-condicionados-a-trabajos-donde-fata-mano-de-obra-y-con-una-cultura-proxima.html\" target=\"_self\" rel=\"nofollow noopener\" title=\"https:\/\/elpais.com\/espana\/2025-09-28\/feijoo-propone-visados-para-inmigrantes-condicionados-a-trabajos-donde-fata-mano-de-obra-y-con-una-cultura-proxima.html\">Declaraci\u00f3n de Murcia sobre inmigraci\u00f3n presentada por el PP <\/a>este domingo no ha sido una improvisaci\u00f3n de esta \u00faltima semana, sino el fruto de trabajos y reflexiones continuados hasta tomar una decisi\u00f3n estrat\u00e9gica. La atenci\u00f3n puede dirigirse a lo m\u00e1s controvertido, la inmigraci\u00f3n irregular, para la que se hacen propuestas aparentemente diferentes de lo que ahora est\u00e1 en vigor. Pero el cambio que subyace en la reflexi\u00f3n de los populares trasciende a actuaciones sobre quienes no tienen papeles. <\/p>\n<p class=\"\">El PP quiere dar una nueva orientaci\u00f3n a la inmigraci\u00f3n. Su punto de partida es que la actual pol\u00edtica \u201cno funciona\u201d. Detr\u00e1s de sus deseos de cambio est\u00e1 la pretensi\u00f3n de dar prioridad a los latinoamericanos, por lengua y religi\u00f3n, o, al menos, de principios culturales y tradici\u00f3n similares. En esa \u00f3rbita no est\u00e1 el Norte de \u00c1frica y el resto del continente.<\/p>\n<p class=\"\">La Declaraci\u00f3n de Murcia sobre la emigraci\u00f3n, la regular, est\u00e1 cargada de una fuerte cr\u00edtica al Gobierno. En la direcci\u00f3n del PP se sostiene que Espa\u00f1a desarrolla una pol\u00edtica migratoria contraria a la de la Uni\u00f3n Europea. No se tiene en cuenta que el Pacto Europeo sobre Migraci\u00f3n y Asilo de mayo de 2024 fue firmado por socialistas y populares. El intento del PP espa\u00f1ol en el Parlamento Europeo para que se vigile al Gobierno por supuestas negligencias en su cumplimiento no ha tenido de momento respaldo. Ese pacto fue denostado por las organizaciones humanitarias, y las izquierdas, m\u00e1s all\u00e1 de los socialistas, lo tachan de sumamente restrictivo. <\/p>\n<p class=\"\">El \u201cefecto llamada\u201d que supuestamente provoca el Gobierno espa\u00f1ol subyace tambi\u00e9n en el documento del PP. En ese terreno, la desinformaci\u00f3n, mediante bulos, medias verdades y directamente falsedades, ha encontrado asiento dentro y fuera de las redes sociales.<\/p>\n<p class=\"\">En el propio texto del primer partido de la oposici\u00f3n hay ambig\u00fcedades u omisiones sobre las leyes vigentes. As\u00ed, la expulsi\u00f3n inmediata de un emigrante que delinca, que propugna el PP, es ya una realidad administrativa y judicial; tambi\u00e9n es una realidad que existen dificultades para llevarla a cabo. En cuanto a las condiciones para recibir el Ingreso M\u00ednimo Vital, IMV, no es correcto interpretar que los migrantes irregulares lo perciben, como sugiere el PP. No es as\u00ed. Este ingreso es para las personas que tienen residencia legal en Espa\u00f1a. Los irregulares no reciben \u201cpaguitas\u201d, recalcan fuentes parlamentarias que preparan ya las respuestas con los datos sobre la realidad legal y administrativa, y la confusi\u00f3n y la desinformaci\u00f3n a la que podr\u00eda dar lugar la Declaraci\u00f3n de Murcia.<\/p>\n<p class=\"\">Los migrantes irregulares que llegan en embarcaciones reciben cobijo y alimentos, pero no dinero. Los que entran por los aeropuertos tienen derecho a la asistencia sanitaria, al hacerla universal el actual gobierno, pero no son perceptores de ninguna paga.<\/p>\n<p class=\"\">La controversia est\u00e1 asegurada, pero apenas hay duda de que primar\u00e1 la gresca pol\u00edtica sobre los datos o la discusi\u00f3n serena sobre la realidad migratoria. \u201cSe ha descontrolado\u201d, apunt\u00f3 ayer Feij\u00f3o, si bien eligi\u00f3 el vocablo \u201cdesaf\u00edo\u201d para abordarla, despoj\u00e1ndola de carga peyorativa al recalcar que Espa\u00f1a necesita a los inmigrantes. En paralelo, los populares tratan de distanciarse de la ultraderecha.<\/p>\n<p class=\"\">La inmigraci\u00f3n, desde su perspectiva, y \u201c<a href=\"https:\/\/elpais.com\/espana\/2025-09-27\/begona-gomez-no-acude-ante-el-juez-peinado-para-que-le-concrete-su-imputacion-en-la-causa-de-su-asesora.html\" target=\"_self\" rel=\"nofollow noopener\" title=\"https:\/\/elpais.com\/espana\/2025-09-27\/begona-gomez-no-acude-ante-el-juez-peinado-para-que-le-concrete-su-imputacion-en-la-causa-de-su-asesora.html\">la corrupci\u00f3n de la familia de Pedro S\u00e1nchez <\/a>y del PSOE\u201d, son dos asideros esenciales sobre los que el PP se mantiene fuerte. El Gobierno no es ajeno a la losa judicial que tiene encima. Aun as\u00ed, los socialistas no pueden disimular su satisfacci\u00f3n por <a href=\"https:\/\/elpais.com\/espana\/2025-09-28\/los-dos-mundos-de-sanchez-aplausos-fuera-maxima-presion-dentro.html\" target=\"_self\" rel=\"nofollow noopener\" title=\"https:\/\/elpais.com\/espana\/2025-09-28\/los-dos-mundos-de-sanchez-aplausos-fuera-maxima-presion-dentro.html\">el acompa\u00f1amiento internacional cada vez m\u00e1s nutrido<\/a> a las posiciones de Pedro S\u00e1nchez sobre Gaza y Ucrania. La agenda europea lleva a los pa\u00edses miembros de la UE a continuar el debate de la semana pasada en Naciones Unidas sobre ambas cat\u00e1strofes en la reuni\u00f3n del Consejo Europeo de Copenhague. <\/p>\n<p class=\"\">No es el asunto en el que el PP est\u00e9 m\u00e1s c\u00f3modo. No vislumbraron los populares, y le gener\u00f3 cierta divisi\u00f3n, el movimiento paulatino de gobiernos de los principales pa\u00edses del mundo a posiciones parecidas a las del presidente espa\u00f1ol.<\/p>\n","protected":false},"excerpt":{"rendered":"La Declaraci\u00f3n de Murcia sobre inmigraci\u00f3n presentada por el PP este domingo no ha sido una improvisaci\u00f3n de&hellip;\n","protected":false},"author":2,"featured_media":145750,"comment_status":"","ping_status":"","sticky":false,"template":"","format":"standard","meta":{"footnotes":""},"categories":[5],"tags":[6069,17,18,4456,25,24,13,14,11,590,19,20,9,10,15,16,2959,956,1699,23,12,21,22,624],"class_list":{"0":"post-145749","1":"post","2":"type-post","3":"status-publish","4":"format-standard","5":"has-post-thumbnail","7":"category-titulares","8":"tag-alberto-nunez-feijoo","9":"tag-breaking-news","10":"tag-breakingnews","11":"tag-congreso-diputados","12":"tag-es","13":"tag-espana","14":"tag-featured-news","15":"tag-featurednews","16":"tag-headlines","17":"tag-inmigracion","18":"tag-latest-news","19":"tag-latestnews","20":"tag-news","21":"tag-noticias","22":"tag-noticias-destacadas","23":"tag-noticiasdestacadas","24":"tag-pedro-sanchez","25":"tag-pp","26":"tag-psoe","27":"tag-spain","28":"tag-titulares","29":"tag-ultimas-noticias","30":"tag-ultimasnoticias","31":"tag-vox"},"share_on_mastodon":{"url":"","error":""},"_links":{"self":[{"href":"https:\/\/www.europesays.com\/es\/wp-json\/wp\/v2\/posts\/145749","targetHints":{"allow":["GET"]}}],"collection":[{"href":"https:\/\/www.europesays.com\/es\/wp-json\/wp\/v2\/posts"}],"about":[{"href":"https:\/\/www.europesays.com\/es\/wp-json\/wp\/v2\/types\/post"}],"author":[{"embeddable":true,"href":"https:\/\/www.europesays.com\/es\/wp-json\/wp\/v2\/users\/2"}],"replies":[{"embeddable":true,"href":"https:\/\/www.europesays.com\/es\/wp-json\/wp\/v2\/comments?post=145749"}],"version-history":[{"count":0,"href":"https:\/\/www.europesays.com\/es\/wp-json\/wp\/v2\/posts\/145749\/revisions"}],"wp:featuredmedia":[{"embeddable":true,"href":"https:\/\/www.europesays.com\/es\/wp-json\/wp\/v2\/media\/145750"}],"wp:attachment":[{"href":"https:\/\/www.europesays.com\/es\/wp-json\/wp\/v2\/media?parent=145749"}],"wp:term":[{"taxonomy":"category","embeddable":true,"href":"https:\/\/www.europesays.com\/es\/wp-json\/wp\/v2\/categories?post=145749"},{"taxonomy":"post_tag","embeddable":true,"href":"https:\/\/www.europesays.com\/es\/wp-json\/wp\/v2\/tags?post=145749"}],"curies":[{"name":"wp","href":"https:\/\/api.w.org\/{rel}","templated":true}]}}