{"id":145760,"date":"2025-09-29T05:51:15","date_gmt":"2025-09-29T05:51:15","guid":{"rendered":"https:\/\/www.europesays.com\/es\/145760\/"},"modified":"2025-09-29T05:51:15","modified_gmt":"2025-09-29T05:51:15","slug":"meryl-streep-y-anna-wintour-se-reencuentran-cara-a-cara-en-un-desfile-de-dolce-gabbana","status":"publish","type":"post","link":"https:\/\/www.europesays.com\/es\/145760\/","title":{"rendered":"Meryl Streep y Anna Wintour se reencuentran cara a cara en un desfile de Dolce &#038; Gabbana"},"content":{"rendered":"<p>Un encuentro de pel\u00edcula. Meryl Streep ha resucitado a su m\u00edtico papel en El diablo viste de Prada,\u00a0Miranda Priestly, protagonizando <b>un encuentro que quedar\u00e1 marcado en la memoria colectiva<\/b>. La <a href=\"https:\/\/www.huffingtonpost.es\/life\/cultura\/meryl-streep-cumple-75nos-siete-momentos-iconicos-actriz-mas-20-nominaciones-oscar.html\" rel=\"nofollow noopener\" target=\"_blank\">oscarizada actriz <\/a>se ha colado a un desfile de Dolce &amp; Gabbana en Mil\u00e1n, y bajo el ruido incesante de aplausos y v\u00edtores, ha protagonizado un cara a cara con la jefaza de la\u00a0Vogue USA, <b>Anna Wintour<\/b>.<\/p>\n<p>Los actores se encuentran inmersos en el rodaje de la segunda entrega de la emblem\u00e1tica pel\u00edcula, y aunque no se haya confirmado, y <a href=\"https:\/\/elpais.com\/smoda\/moda\/2025-09-27\/meryl-streep-acude-por-sorpresa-al-desfile-de-dolce-gabbana-metida-en-la-piel-de-miranda-priestly-de-el-diablo-viste-de-prada.html\" target=\"_blank\" rel=\"nofollow noopener\">tal como publica El Pa\u00eds<\/a>, seguramente se incluir\u00e1n estas escenas. Un v\u00eddeo compartido por la edici\u00f3n estadounidense de Vogue en redes sociales las retrata a ambas sonriendo y divertidas. Hace solo unos d\u00edas Wintour habl\u00f3 sobre la pel\u00edcula, por primera vez en casi 20 a\u00f1os, y dijo, en el podcast The New Yorker Radio Hour, que le parec\u00eda<b> \u00abuna representaci\u00f3n justa\u00bb.<\/b><\/p>\n<p>Otro de los clips que ha compartido la revista estadounidense, muestra como, tanto la actriz como la jefaza se envuelven en un emotivo abrazo en lo que parece una boutique de moda. En la imagen se pueden ver a otros personajes de la eterna pel\u00edcula como <b>Simone Ashley<\/b>, nueva incorporaci\u00f3n; y\u00a0<b>Stanley Tucci<\/b>.\u00a0<\/p>\n<p>El encuentro se ha hecho r\u00e1pidamente viral en redes sociales. Muchos de los fans del popular filme se han animado a comentarlo. \u00ab\u00a1\u00a1\u00a1Est\u00e1 pasando!!! Anna Wintour y Miranda Priestly, juntas en un mismo universo\u00bb, anunciaba, claramente emocionado, uno de los fans. S\u00f3lo en Instagram, la publicaci\u00f3n de la revista Vogue estadounidense <a href=\"https:\/\/www.instagram.com\/p\/DPHEqUnjouI\/?utm_source=ig_embed&amp;utm_campaign=embed_video_watch_again\" target=\"_blank\" rel=\"nofollow noopener\">ha alcanzado los 891.000 Me Gusta.\u00a0<\/a><\/p>\n<p><b>Los usuarios de la red social X (antes Twitter) han calificado el episodio como \u00abcine\u00bb.<\/b> \u00abMeryl Streep como Miranda Priestly en el desfile de Dolce &amp; Gabbana con Anna Wintour en frente es cine\u00bb, asegura una internauta. \u00abHan sido amigas desde hace d\u00e9cadas\u00bb, broma otra. \u00abNo es ninguna sombra, pero Miranda se come a Anna con este look, cari\u00f1o\u00bb.<\/p>\n<p><script async src=\"\/\/www.instagram.com\/embed.js\"><\/script><\/p>\n","protected":false},"excerpt":{"rendered":"Un encuentro de pel\u00edcula. Meryl Streep ha resucitado a su m\u00edtico papel en El diablo viste de Prada,\u00a0Miranda&hellip;\n","protected":false},"author":2,"featured_media":145761,"comment_status":"","ping_status":"","sticky":false,"template":"","format":"standard","meta":{"footnotes":""},"categories":[174],"tags":[255,177,146,147,25,24,256,8142,753,23],"class_list":{"0":"post-145760","1":"post","2":"type-post","3":"status-publish","4":"format-standard","5":"has-post-thumbnail","7":"category-famosos","8":"tag-celebrities","9":"tag-cine","10":"tag-entertainment","11":"tag-entretenimiento","12":"tag-es","13":"tag-espana","14":"tag-famosos","15":"tag-meryl-streep","16":"tag-peliculas","17":"tag-spain"},"share_on_mastodon":{"url":"","error":""},"_links":{"self":[{"href":"https:\/\/www.europesays.com\/es\/wp-json\/wp\/v2\/posts\/145760","targetHints":{"allow":["GET"]}}],"collection":[{"href":"https:\/\/www.europesays.com\/es\/wp-json\/wp\/v2\/posts"}],"about":[{"href":"https:\/\/www.europesays.com\/es\/wp-json\/wp\/v2\/types\/post"}],"author":[{"embeddable":true,"href":"https:\/\/www.europesays.com\/es\/wp-json\/wp\/v2\/users\/2"}],"replies":[{"embeddable":true,"href":"https:\/\/www.europesays.com\/es\/wp-json\/wp\/v2\/comments?post=145760"}],"version-history":[{"count":0,"href":"https:\/\/www.europesays.com\/es\/wp-json\/wp\/v2\/posts\/145760\/revisions"}],"wp:featuredmedia":[{"embeddable":true,"href":"https:\/\/www.europesays.com\/es\/wp-json\/wp\/v2\/media\/145761"}],"wp:attachment":[{"href":"https:\/\/www.europesays.com\/es\/wp-json\/wp\/v2\/media?parent=145760"}],"wp:term":[{"taxonomy":"category","embeddable":true,"href":"https:\/\/www.europesays.com\/es\/wp-json\/wp\/v2\/categories?post=145760"},{"taxonomy":"post_tag","embeddable":true,"href":"https:\/\/www.europesays.com\/es\/wp-json\/wp\/v2\/tags?post=145760"}],"curies":[{"name":"wp","href":"https:\/\/api.w.org\/{rel}","templated":true}]}}