{"id":145764,"date":"2025-09-29T05:54:07","date_gmt":"2025-09-29T05:54:07","guid":{"rendered":"https:\/\/www.europesays.com\/es\/145764\/"},"modified":"2025-09-29T05:54:07","modified_gmt":"2025-09-29T05:54:07","slug":"la-tv3-de-illa-amplia-los-paisos-catalans-hasta-italia-en-su-nuevo-mapa-del-tiempo","status":"publish","type":"post","link":"https:\/\/www.europesays.com\/es\/145764\/","title":{"rendered":"La TV3 de Illa ampl\u00eda los \u00abpa\u00efsos catalans\u00bb hasta Italia en su nuevo mapa del tiempo"},"content":{"rendered":"<p>El nuevo formato de los <strong>informativos de TV3<\/strong> est\u00e1 dando que hablar. Despu\u00e9s de muchas quejas por los colores elegidos para el mapa del tiempo, y que la cadena decidiera corregirlo tras asumir las cr\u00edticas, ahora la atenci\u00f3n se ha centrado en la inclusi\u00f3n del <a href=\"https:\/\/es.wikipedia.org\/wiki\/Alguer\" rel=\"nofollow noopener\" target=\"_blank\">Alguero<\/a>, una ciudad de la isla de Cerde\u00f1a, en <strong>Italia<\/strong>, en la informaci\u00f3n del tiempo. En concreto, cuando se abordan las previsiones en los territorios que el nacionalismo y la propia cadena, llama \u00abpa\u00efsos catalans\u00bb.<\/p>\n<p>En los mapas del tiempo de la cadena siempre ha figurado, en primera instancia, <a href=\"https:\/\/theobjective.com\/etiqueta\/cataluna\/\" rel=\"nofollow noopener\" target=\"_blank\">Catalu\u00f1a<\/a>. En los sucesivos<strong> <\/strong>mapas se ampl\u00eda el foco al resto de Espa\u00f1a y el continente europeo. Posteriormente, aparece un mapa con la informaci\u00f3n del tiempo de<strong> Catalu\u00f1a, la Comunidad Valenciana, las Islas Baleares y el sur de Francia <\/strong>-lo que el nacionalismo considera parte de los \u00abpa\u00efsos catalans\u00bb.<\/p>\n<p>En esta nueva etapa del telediario se ha incluido la ciudad isle\u00f1a italiana de Alguero, de unos <strong>42.000 habitantes<\/strong>. La presentadora inicia esta informaci\u00f3n especificando que se trata de \u00ablos pa\u00edses catalanes\u00bb. Si bien existe una conexi\u00f3n hist\u00f3rica e idiom\u00e1tica entre ambas zonas -Alguero form\u00f3 parte de la Corona de Arag\u00f3n-, no ha dejado de sorprender dicha inclusi\u00f3n en pleno 2025. Algunos espectadores lo han \u00abagradecido\u00bb como parte de la herencia cultural catalana, mientras que otras voces cr\u00edticas consideran que es como si en los informativos de otras televisiones espa\u00f1olas se diera la previsi\u00f3n del tiempo en Am\u00e9rica Latina.<\/p>\n<p>En la cadena siempre han argumentado que se ofrece<strong> la informaci\u00f3n de la previsi\u00f3n meteorol\u00f3gica en las zonas donde se habla catal\u00e1n<\/strong>. Y, en alguno casos, como en la Comunidad Valenciana, por haber tenido tambi\u00e9n emisi\u00f3n en directo. Con la inclusi\u00f3n del Alguero se mantendr\u00eda este criterio. En esta ciudad situada en la\u00a0provincia de S\u00e1cer,\u00a0en el noroeste de la isla de Cerde\u00f1a,\u00a0<strong>conservan el uso de la\u00a0lengua catalana bajo el nombre de dialecto alguer\u00e9s.<\/strong> La regi\u00f3n de Cerde\u00f1a la ha reconocido como un valor a proteger.<\/p>\n<p>\u00abDelirio expansionista\u00bb<\/p>\n<p>El Partido Popular ha tachado esta inclusi\u00f3n de Alguero en el mapa de los \u00abPa\u00efsos Catalans\u00bb como \u00abdelirio expansionista\u00bb. \u00abAhora ya no solo hablan de \u2018pa\u00edses catalanes\u2019, es que adem\u00e1s de incluir en el mapa a la Comunidad Valenciana y Baleares como pa\u00edses catalanes, meten tambi\u00e9n a Italia se\u00f1alando Alguero. Y<strong> este delirio expansionista no se est\u00e1 dando con el supremacista Torra<\/strong>, se da en la televisi\u00f3n p\u00fablica con el partido socialista gobernando\u00bb.<\/p>\n<p>De hecho, su diputado en el Parlament, <strong>Hugo Manch\u00f3n<\/strong>, lo ha llevado a sede parlamentaria y ha preguntado si se ha seguido alg\u00fan <strong>\u00abcriterio pol\u00edtico o ideol\u00f3gico\u00bb<\/strong> para adoptar esta decisi\u00f3n.<\/p>\n<p>La cadena p\u00fablica auton\u00f3mica dio un giro tras el fracaso del <a href=\"https:\/\/theobjective.com\/etiqueta\/proces\/\" rel=\"nofollow noopener\" target=\"_blank\">proc\u00e9s<\/a> independentista. Como inform\u00f3 THE OBJECTIVE, recondujeron la mayor\u00eda de sus contenidos hacia el entretenimiento y <strong>limitaron las tertulias y el contenido pol\u00edtico.<\/strong> Uno de sus objetivos fue recuperar al espectador joven que se hab\u00eda ido a las plataformas en streaming con formatos y programas destinados a este p\u00fablico. No obstante, la situaci\u00f3n geopol\u00edtica actual tambi\u00e9n tiene efectos sobre la cadena. La guerra en Gaza han desatado las cr\u00edticas contra la cadena, a la que<a href=\"https:\/\/theobjective.com\/medios\/2025-09-18\/cataluna-sesgo-propalestino-tv3\/\" rel=\"nofollow noopener\" target=\"_blank\"> reprochan tener un sesgo muy propalestino<\/a>.<\/p>\n","protected":false},"excerpt":{"rendered":"El nuevo formato de los informativos de TV3 est\u00e1 dando que hablar. Despu\u00e9s de muchas quejas por los&hellip;\n","protected":false},"author":2,"featured_media":145765,"comment_status":"","ping_status":"","sticky":false,"template":"","format":"standard","meta":{"footnotes":""},"categories":[171],"tags":[5962,146,147,25,24,628,44862,14637,13347,23,214,7151],"class_list":{"0":"post-145764","1":"post","2":"type-post","3":"status-publish","4":"format-standard","5":"has-post-thumbnail","7":"category-tv","8":"tag-cataluu00f1a","9":"tag-entertainment","10":"tag-entretenimiento","11":"tag-es","12":"tag-espana","13":"tag-italia","14":"tag-procu00e9s","15":"tag-psc","16":"tag-salvador-illa","17":"tag-spain","18":"tag-tv","19":"tag-tv3"},"share_on_mastodon":{"url":"","error":""},"_links":{"self":[{"href":"https:\/\/www.europesays.com\/es\/wp-json\/wp\/v2\/posts\/145764","targetHints":{"allow":["GET"]}}],"collection":[{"href":"https:\/\/www.europesays.com\/es\/wp-json\/wp\/v2\/posts"}],"about":[{"href":"https:\/\/www.europesays.com\/es\/wp-json\/wp\/v2\/types\/post"}],"author":[{"embeddable":true,"href":"https:\/\/www.europesays.com\/es\/wp-json\/wp\/v2\/users\/2"}],"replies":[{"embeddable":true,"href":"https:\/\/www.europesays.com\/es\/wp-json\/wp\/v2\/comments?post=145764"}],"version-history":[{"count":0,"href":"https:\/\/www.europesays.com\/es\/wp-json\/wp\/v2\/posts\/145764\/revisions"}],"wp:featuredmedia":[{"embeddable":true,"href":"https:\/\/www.europesays.com\/es\/wp-json\/wp\/v2\/media\/145765"}],"wp:attachment":[{"href":"https:\/\/www.europesays.com\/es\/wp-json\/wp\/v2\/media?parent=145764"}],"wp:term":[{"taxonomy":"category","embeddable":true,"href":"https:\/\/www.europesays.com\/es\/wp-json\/wp\/v2\/categories?post=145764"},{"taxonomy":"post_tag","embeddable":true,"href":"https:\/\/www.europesays.com\/es\/wp-json\/wp\/v2\/tags?post=145764"}],"curies":[{"name":"wp","href":"https:\/\/api.w.org\/{rel}","templated":true}]}}