{"id":145783,"date":"2025-09-29T06:04:19","date_gmt":"2025-09-29T06:04:19","guid":{"rendered":"https:\/\/www.europesays.com\/es\/145783\/"},"modified":"2025-09-29T06:04:19","modified_gmt":"2025-09-29T06:04:19","slug":"la-generalitat-recuerda-el-derecho-al-permiso-climatico-ante-emergencia-declarada","status":"publish","type":"post","link":"https:\/\/www.europesays.com\/es\/145783\/","title":{"rendered":"La Generalitat recuerda el derecho al \u00abpermiso clim\u00e1tico\u00bb ante emergencia declarada"},"content":{"rendered":"<p>\u00a0\u00a0\u00a0VAL\u00c8NCIA, 28 Sep. (EUROPA PRESS) &#8211; <\/p>\n<p>\u00a0\u00a0\u00a0La Conselleria de Educaci\u00f3n, Cultura, Universidades y Empleo, a trav\u00e9s de la Direcci\u00f3n General de Trabajo, recuerda, ante la situaci\u00f3n de alerta climatol\u00f3gica por lluvias y tormentas en la Comunitat Valenciana, que los trabajadores tienen el derecho a no asistir a su puesto en caso de emergencia declarada.<\/p>\n<p>\u00a0\u00a0\u00a0 As\u00ed, se recuerda que los trabajadores pueden acogerse al llamado \u00abpermiso clim\u00e1tico\u00bb recogido en el Real Decreto-ley 8\/2024. Se trata de un permiso retribuido que permite a los trabajadores ausentarse hasta cuatro d\u00edas de su puesto en caso de riesgos graves o alertas clim\u00e1ticas severas que impidan el acceso al trabajo. El permiso es de hasta cuatro d\u00edas, pero puede prorrogarse mediante un ERTE por fuerza mayor si la situaci\u00f3n lo requiere.<\/p>\n<p>\u00a0\u00a0\u00a0Los empleados pueden acogerse a este derecho para evitar desplazamientos en situaci\u00f3n de peligro. Por tanto, desde la Autoridad Laboral se subraya la importancia de garantizar la seguridad y la integridad f\u00edsica de los trabajadores.<\/p>\n<p>\u00a0\u00a0\u00a0Adem\u00e1s, se insta a las empresas a primar la modalidad de trabajo a distancia cuando sea posible y el trabajo en cuesti\u00f3n lo permita y siempre que las condiciones de las comunicaciones lo hagan viable.<\/p>\n<p>\u00a0\u00a0\u00a0Asimismo, la Direcci\u00f3n General de Trabajo recuerda que si la empresa tiene prevista la condici\u00f3n de teletrabajo, el trabajador debe de prestar su servicio de esta modalidad. <\/p>\n<p>\u00a0\u00a0\u00a0En caso de que el centro de trabajo no est\u00e9 preparado para poder ofrecer a sus empleados la posibilidad de teletrabajar, el personal debe de notificar a la empresa la imposibilidad de acudir a su puesto y las circunstancias que lo han provocado.<\/p>\n","protected":false},"excerpt":{"rendered":"\u00a0\u00a0\u00a0VAL\u00c8NCIA, 28 Sep. (EUROPA PRESS) &#8211; \u00a0\u00a0\u00a0La Conselleria de Educaci\u00f3n, Cultura, Universidades y Empleo, a trav\u00e9s de la&hellip;\n","protected":false},"author":2,"featured_media":145784,"comment_status":"","ping_status":"","sticky":false,"template":"","format":"standard","meta":{"footnotes":""},"categories":[5],"tags":[17,18,25,24,13,14,11,19,20,9,10,15,16,23,12,21,22],"class_list":{"0":"post-145783","1":"post","2":"type-post","3":"status-publish","4":"format-standard","5":"has-post-thumbnail","7":"category-titulares","8":"tag-breaking-news","9":"tag-breakingnews","10":"tag-es","11":"tag-espana","12":"tag-featured-news","13":"tag-featurednews","14":"tag-headlines","15":"tag-latest-news","16":"tag-latestnews","17":"tag-news","18":"tag-noticias","19":"tag-noticias-destacadas","20":"tag-noticiasdestacadas","21":"tag-spain","22":"tag-titulares","23":"tag-ultimas-noticias","24":"tag-ultimasnoticias"},"share_on_mastodon":{"url":"","error":""},"_links":{"self":[{"href":"https:\/\/www.europesays.com\/es\/wp-json\/wp\/v2\/posts\/145783","targetHints":{"allow":["GET"]}}],"collection":[{"href":"https:\/\/www.europesays.com\/es\/wp-json\/wp\/v2\/posts"}],"about":[{"href":"https:\/\/www.europesays.com\/es\/wp-json\/wp\/v2\/types\/post"}],"author":[{"embeddable":true,"href":"https:\/\/www.europesays.com\/es\/wp-json\/wp\/v2\/users\/2"}],"replies":[{"embeddable":true,"href":"https:\/\/www.europesays.com\/es\/wp-json\/wp\/v2\/comments?post=145783"}],"version-history":[{"count":0,"href":"https:\/\/www.europesays.com\/es\/wp-json\/wp\/v2\/posts\/145783\/revisions"}],"wp:featuredmedia":[{"embeddable":true,"href":"https:\/\/www.europesays.com\/es\/wp-json\/wp\/v2\/media\/145784"}],"wp:attachment":[{"href":"https:\/\/www.europesays.com\/es\/wp-json\/wp\/v2\/media?parent=145783"}],"wp:term":[{"taxonomy":"category","embeddable":true,"href":"https:\/\/www.europesays.com\/es\/wp-json\/wp\/v2\/categories?post=145783"},{"taxonomy":"post_tag","embeddable":true,"href":"https:\/\/www.europesays.com\/es\/wp-json\/wp\/v2\/tags?post=145783"}],"curies":[{"name":"wp","href":"https:\/\/api.w.org\/{rel}","templated":true}]}}