{"id":145785,"date":"2025-09-29T06:05:28","date_gmt":"2025-09-29T06:05:28","guid":{"rendered":"https:\/\/www.europesays.com\/es\/145785\/"},"modified":"2025-09-29T06:05:28","modified_gmt":"2025-09-29T06:05:28","slug":"el-bm-salamanca-no-tiene-opciones-ante-el-bm-pinto","status":"publish","type":"post","link":"https:\/\/www.europesays.com\/es\/145785\/","title":{"rendered":"El BM Salamanca no tiene opciones ante el BM Pinto"},"content":{"rendered":"<p class=\"paragraph-atom &#10;        A-500-300-700-N A-550-300-700-N--md  \">El Balonmano Salamanca sigue sin puntuar esta campa\u00f1a y ha comenzado con tres derrotas consecutivas. La \u00faltima, en su visita al Balonmano Pinto (29-20).<\/p>\n<p class=\"paragraph-atom &#10;        A-500-300-700-N A-550-300-700-N--md  \">El conjunto de Mart\u00edn Rechim\u00f3n hizo una buena primera mitad y se fue un tanto abajo al descanso en un duelo igualado (13-12). Sin embargo, tras el paso por los vestuarios, los locales fueron un martillo ante la meta charra y a los \u2018hombres de negro\u2019 se les nubl\u00f3 el ataque.<\/p>\n<p class=\"paragraph-atom &#10;        A-500-300-700-N A-550-300-700-N--md  \">Sergio Nicol\u00e1s, con seis goles, y David Garc\u00eda Egido, con cinco dianas, fueron los m\u00e1ximos anotadores del BM Salamanca.<\/p>\n","protected":false},"excerpt":{"rendered":"El Balonmano Salamanca sigue sin puntuar esta campa\u00f1a y ha comenzado con tres derrotas consecutivas. La \u00faltima, en&hellip;\n","protected":false},"author":2,"featured_media":145786,"comment_status":"","ping_status":"","sticky":false,"template":"","format":"standard","meta":{"footnotes":""},"categories":[278],"tags":[376,383,168,25,24,375,689,1173,3614,23,167],"class_list":{"0":"post-145785","1":"post","2":"type-post","3":"status-publish","4":"format-standard","5":"has-post-thumbnail","7":"category-balonmano","8":"tag-balonmano","9":"tag-bm","10":"tag-deportes","11":"tag-es","12":"tag-espana","13":"tag-handball","14":"tag-no","15":"tag-opciones","16":"tag-salamanca","17":"tag-spain","18":"tag-sports"},"share_on_mastodon":{"url":"","error":""},"_links":{"self":[{"href":"https:\/\/www.europesays.com\/es\/wp-json\/wp\/v2\/posts\/145785","targetHints":{"allow":["GET"]}}],"collection":[{"href":"https:\/\/www.europesays.com\/es\/wp-json\/wp\/v2\/posts"}],"about":[{"href":"https:\/\/www.europesays.com\/es\/wp-json\/wp\/v2\/types\/post"}],"author":[{"embeddable":true,"href":"https:\/\/www.europesays.com\/es\/wp-json\/wp\/v2\/users\/2"}],"replies":[{"embeddable":true,"href":"https:\/\/www.europesays.com\/es\/wp-json\/wp\/v2\/comments?post=145785"}],"version-history":[{"count":0,"href":"https:\/\/www.europesays.com\/es\/wp-json\/wp\/v2\/posts\/145785\/revisions"}],"wp:featuredmedia":[{"embeddable":true,"href":"https:\/\/www.europesays.com\/es\/wp-json\/wp\/v2\/media\/145786"}],"wp:attachment":[{"href":"https:\/\/www.europesays.com\/es\/wp-json\/wp\/v2\/media?parent=145785"}],"wp:term":[{"taxonomy":"category","embeddable":true,"href":"https:\/\/www.europesays.com\/es\/wp-json\/wp\/v2\/categories?post=145785"},{"taxonomy":"post_tag","embeddable":true,"href":"https:\/\/www.europesays.com\/es\/wp-json\/wp\/v2\/tags?post=145785"}],"curies":[{"name":"wp","href":"https:\/\/api.w.org\/{rel}","templated":true}]}}