{"id":145793,"date":"2025-09-29T06:12:16","date_gmt":"2025-09-29T06:12:16","guid":{"rendered":"https:\/\/www.europesays.com\/es\/145793\/"},"modified":"2025-09-29T06:12:16","modified_gmt":"2025-09-29T06:12:16","slug":"sorprenden-a-jasikevicius-sobre-la-bocina-con-un-espectacular-alley-oop-a-05-segundos","status":"publish","type":"post","link":"https:\/\/www.europesays.com\/es\/145793\/","title":{"rendered":"Sorprenden a Jasikevicius sobre la bocina con un espectacular alley-oop a 0,5 segundos"},"content":{"rendered":"<p data-gtm-element-container=\"modulo-texto-link\" class=\"paragraph\">El <strong>Fenerbahce<\/strong>, reciente campe\u00f3n de la Euroliga, se llev\u00f3 tambi\u00e9n el primer t\u00edtulo de la temporada al derrotar al Besiktas (85-83) en la final de la Supercopa de Turqu\u00eda. El equipo dirigido por Saras <strong>Jasikevicius\u00a0<\/strong>arranc\u00f3 con las mejores sensaciones otro ilusionante curso, aunque se vio sorprendido este s\u00e1bado en la primera jornada de la liga turca.<\/p>\n<p>        Lee tambi\u00e9n<\/p>\n<p>    Eloy Rodellar<\/p>\n<p>             <img loading=\"lazy\" decoding=\"async\" data-full-src=\"https:\/\/www.mundodeportivo.com\/uploads\/2025\/09\/18\/68cbd74f83ca8.jpeg\" alt=\"Schroder dedic\u00f3 unas palabras a Ataman celebrando el Eurobasket\" width=\"334\" height=\"164\" src=\"https:\/\/www.europesays.com\/es\/wp-content\/uploads\/2025\/09\/68cbd74f83ca8.jpeg\" class=\"lazy\"\/><\/p>\n<p data-gtm-element-container=\"modulo-texto-link\" class=\"paragraph\">Los pupilos de Jasikevicius visitaban el feudo del <strong>Tofas <\/strong>en el primer duelo de la competici\u00f3n nacional. El Fenerbahce buscaba el primer triunfo en liga, pero fue el Tofas quien se lo termin\u00f3 llevando, no sin una emoci\u00f3n final decidida en un fren\u00e9tico desenlace.\u00a0<\/p>\n<p data-gtm-element-container=\"modulo-texto-link\" class=\"paragraph\">Con el 78-78 en el electr\u00f3nico, el Tofas se dispon\u00eda a sacar de banda a falta de 0,5 segundos. El entrenador <strong>Orhun Ene<\/strong> sac\u00f3 la pizarra para intentar anotar en la \u00faltima acci\u00f3n, aunque con menos de un segundo de tiempo, el partido apuntaba a la pr\u00f3rroga. Sin embargo, el t\u00e9cnico se invent\u00f3 una jugada con numerosos bloqueos que termin\u00f3 con un corte indirecto de <strong>Maxwell Lewis<\/strong>. Este, que no hab\u00eda anotado ninguna canasta en todo el partido, recibi\u00f3 y transform\u00f3 un espectacular alley-oop sobre la bocina.<\/p>\n<blockquote class=\"twitter-tweet\" data-lang=\"es\"><p>\n<a href=\"https:\/\/twitter.com\/NeoRock06\/status\/1972024290829914504\" rel=\"nofollow noopener\" target=\"_blank\">\n<\/p><\/blockquote>\n<p data-gtm-element-container=\"modulo-texto-link\" class=\"paragraph\">El estado de euforia apareci\u00f3 en el estadio local. Los aficionados se levantaron inmediatamente para celebrar el primer triunfo de la temporada ante un <strong>Fenerbahce <\/strong>que se vio sorprendido en la primera jornada de la competici\u00f3n.\u00a0<\/p>\n<p>        Lee tambi\u00e9n<\/p>\n<p>    Redacci\u00f3n<\/p>\n<p>             <img loading=\"lazy\" decoding=\"async\" data-full-src=\"https:\/\/www.mundodeportivo.com\/uploads\/2025\/09\/28\/68d928e441eeb.jpeg\" alt=\"El Joventut cerr\u00f3 la pretemporada con un triunfo ante el Benfica\" width=\"334\" height=\"164\" src=\"https:\/\/www.europesays.com\/es\/wp-content\/uploads\/2025\/09\/68d928e441eeb.jpeg\" class=\"lazy\"\/><\/p>\n<p data-gtm-element-container=\"modulo-texto-link\" class=\"paragraph\">Uno de los refuerzos de este verano, <strong>Talen Horton-Tucker<\/strong>, procedente de la NBA, fue el m\u00e1ximo anotador del encuentro con 24 puntos. Donta <strong>Hall<\/strong>, ex Baskonia, sum\u00f3 10. En el Tofas, <strong>Blazevic <\/strong>y <strong>Saybir<\/strong> fueron los mejores, con 21 y 16, respectivamente.\u00a0<\/p>\n<p><script async src=\"https:\/\/platform.twitter.com\/widgets.js\" charset=\"utf-8\"><\/script><\/p>\n","protected":false},"excerpt":{"rendered":"El Fenerbahce, reciente campe\u00f3n de la Euroliga, se llev\u00f3 tambi\u00e9n el primer t\u00edtulo de la temporada al derrotar&hellip;\n","protected":false},"author":2,"featured_media":145794,"comment_status":"","ping_status":"","sticky":false,"template":"","format":"standard","meta":{"footnotes":""},"categories":[269],"tags":[299,298,168,25,24,23,167],"class_list":{"0":"post-145793","1":"post","2":"type-post","3":"status-publish","4":"format-standard","5":"has-post-thumbnail","7":"category-baloncesto","8":"tag-baloncesto","9":"tag-basketball","10":"tag-deportes","11":"tag-es","12":"tag-espana","13":"tag-spain","14":"tag-sports"},"share_on_mastodon":{"url":"","error":""},"_links":{"self":[{"href":"https:\/\/www.europesays.com\/es\/wp-json\/wp\/v2\/posts\/145793","targetHints":{"allow":["GET"]}}],"collection":[{"href":"https:\/\/www.europesays.com\/es\/wp-json\/wp\/v2\/posts"}],"about":[{"href":"https:\/\/www.europesays.com\/es\/wp-json\/wp\/v2\/types\/post"}],"author":[{"embeddable":true,"href":"https:\/\/www.europesays.com\/es\/wp-json\/wp\/v2\/users\/2"}],"replies":[{"embeddable":true,"href":"https:\/\/www.europesays.com\/es\/wp-json\/wp\/v2\/comments?post=145793"}],"version-history":[{"count":0,"href":"https:\/\/www.europesays.com\/es\/wp-json\/wp\/v2\/posts\/145793\/revisions"}],"wp:featuredmedia":[{"embeddable":true,"href":"https:\/\/www.europesays.com\/es\/wp-json\/wp\/v2\/media\/145794"}],"wp:attachment":[{"href":"https:\/\/www.europesays.com\/es\/wp-json\/wp\/v2\/media?parent=145793"}],"wp:term":[{"taxonomy":"category","embeddable":true,"href":"https:\/\/www.europesays.com\/es\/wp-json\/wp\/v2\/categories?post=145793"},{"taxonomy":"post_tag","embeddable":true,"href":"https:\/\/www.europesays.com\/es\/wp-json\/wp\/v2\/tags?post=145793"}],"curies":[{"name":"wp","href":"https:\/\/api.w.org\/{rel}","templated":true}]}}