{"id":145795,"date":"2025-09-29T06:13:09","date_gmt":"2025-09-29T06:13:09","guid":{"rendered":"https:\/\/www.europesays.com\/es\/145795\/"},"modified":"2025-09-29T06:13:09","modified_gmt":"2025-09-29T06:13:09","slug":"aleman-y-luca-zidane-le-dan-la-primera-victoria-a-pacheta","status":"publish","type":"post","link":"https:\/\/www.europesays.com\/es\/145795\/","title":{"rendered":"Alema\u00f1 y Luca Zidane le dan la primera victoria a Pacheta\u00a0"},"content":{"rendered":"<p class=\"\">El Granada logr\u00f3 la primera victoria de la temporada tras un trabajado partido en El Alcoraz. Los de Pacheta lograron romper su racha gracias a un gol de Alema\u00f1 y a una parada salvadora de Luca Zidane. Los locales merecieron m\u00e1s, pero no pudieron sacar el empate, aunque ocasiones tuvieron tras dominar de cabo a rabo durante toda la segunda parte. Los visitantes, por su parte, consiguieron el triunfo que se les resist\u00eda en este inicio de competici\u00f3n y que respalda el trabajo de su entrenador, que llegaba cuestionado al estadio oscense.<\/p>\n<p><a href=\"https:\/\/as.com\/resultados\/ficha\/equipo\/huesca\/864\/\" rel=\"nofollow noopener\" target=\"_blank\"><img decoding=\"async\" src=\"https:\/\/static.prisa.com\/aside\/resizer\/resize\/img\/sports\/football\/teams\/864.png?width=44&amp;height=44\" alt=\"Alema\u00f1 y Luca Zidane le dan la primera victoria a Pacheta\u00a0\" height=\"80\" width=\"80\"  loading=\"lazy\" data-error-image=\"https:\/\/static.as.com\/dist\/resources\/images\/placeholder-team.png\"\/><\/a><\/p>\n<p class=\"\">Sola empez\u00f3 avisando. Un choque entre dos defensas del Huesca dej\u00f3 solo al futbolista del Granada, pero su remate fue repelido por Dani Jim\u00e9nez. Los de Pacheta dominaron el partido y Alema\u00f1 marc\u00f3 el primero bajo el diluvio que cay\u00f3 sobre El Alcoraz. Faye, tras una buena acci\u00f3n personal, le dio un pase en bandeja al canterano valencianista, que defini\u00f3 a la perfecci\u00f3n con la zurda. El jugador fue protagonista del mercado de fichajes de los dos equipos, ya que estuvo apalabrado con los oscenses y acab\u00f3 firmando con los andaluces.<\/p>\n<p><a href=\"https:\/\/as.com\/resultados\/ficha\/equipo\/granada\/347\/\" rel=\"nofollow noopener\" target=\"_blank\"><img decoding=\"async\" src=\"https:\/\/static.prisa.com\/aside\/resizer\/resize\/img\/sports\/football\/teams\/347.png?width=44&amp;height=44\" alt=\"Alema\u00f1 y Luca Zidane le dan la primera victoria a Pacheta\u00a0\" height=\"80\" width=\"80\"  loading=\"lazy\" data-error-image=\"https:\/\/static.as.com\/dist\/resources\/images\/placeholder-team.png\"\/><\/a><\/p>\n<p class=\"\">El Huesca reaccion\u00f3 con varias ocasiones. Primero con un fuerte disparo de Sielva desde fuera del \u00e1rea que arranc\u00f3 un asiento situado detr\u00e1s de la porter\u00eda del Granada. Luego fue Kortajarena el que roz\u00f3 el tanto. En una contra, Ro Abajas le puso un bal\u00f3n en bandeja, pero el vasco no encontr\u00f3 la porter\u00eda rival en su remate. Y justo antes de llegar al descanso, Luca Zidane obr\u00f3 un milagro. En otra gran acci\u00f3n de Ro, su centro lleg\u00f3 a Sergi Enrich y el hijo del m\u00edtico jugador salv\u00f3 a su equipo con una parada milagrosa. <\/p>\n<p>Noticias relacionadas<\/p>\n<p class=\"\">En la segunda parte, el Huesca sali\u00f3 a por el empate. El Granada dio un paso atr\u00e1s y los de Guill\u00f3 intentaron aprovecharlo con un Jes\u00fas \u00c1lvarez que le cambi\u00f3 la cara a los oscenses. Los azulgranas dominaron, pero no consiguieron el premio del gol. La defensa del Granada brill\u00f3 como no lo hab\u00eda hecho esta temporada y los oscenses no pudieron lograr un tanto en la recta final, como s\u00ed hab\u00edan hecho en los \u00faltimos partidos en El Alcoraz. <\/p>\n<p class=\"\"><b>\u00a1Tus opiniones importan!<\/b> Comenta en los art\u00edculos y suscr\u00edbete gratis a nuestra <a href=\"https:\/\/asfan.as.com\/newsletters\/\" target=\"_blank\" rel=\"nofollow noopener\" title=\"https:\/\/asfan.as.com\/newsletters\/\">newsletter<\/a> y a las alertas informativas en la <a href=\"https:\/\/as.com\/aplicacion-de-as-n\/\" target=\"_blank\" rel=\"nofollow noopener\" title=\"https:\/\/as.com\/aplicacion-de-as-n\/\">App<\/a> o el canal de <a href=\"https:\/\/www.whatsapp.com\/channel\/0029VaAasdA7j6g745nz9M10\" target=\"_blank\" rel=\"nofollow noopener\" title=\"https:\/\/www.whatsapp.com\/channel\/0029VaAasdA7j6g745nz9M10\">WhatsApp<\/a>. \u00bfBuscas licenciar contenido? Haz clic <a href=\"https:\/\/profesional.elpais.com\/landing-sindicacion?utm_medium=interno&amp;utm_source=crosslinking&amp;utm_campaign=sindicacion_as_pie_articulos\" target=\"_blank\" rel=\"nofollow noopener\" title=\"https:\/\/profesional.elpais.com\/landing-sindicacion?utm_medium=interno&amp;utm_source=crosslinking&amp;utm_campaign=sindicacion_as_pie_articulos\">aqu\u00ed<\/a><\/p>\n<p class=\"stat-tl ev-fw-tl\"><strong>Cambios<\/strong><\/p>\n<p class=\"ev-text-aux\">\n                            <strong>Jes\u00fas \u00c1lvarez<\/strong> (51&#8242;, Francisco Portillo),                             <strong>Liberto Beltr\u00e1n<\/strong> (52&#8242;, Sergio Arribas),                             <strong>Diego Hormigo<\/strong> (61&#8242;, Ba\u00efla Diallo),                             <strong>Dani Ojeda<\/strong> (66&#8242;, Daniel Luna),                             <strong>Mohamed Bouldini<\/strong> (69&#8242;, Jorge Pascual),                             <strong>Martin Hongla<\/strong> (69&#8242;, Sergio Ruiz),                             <strong>Pablo S\u00e1enz<\/strong> (69&#8242;, Alex Sola),                             <strong>Enol Rodr\u00edguez<\/strong> (76&#8242;, \u00d3scar Sielva),                             <strong>Samuel Ntamack<\/strong> (76&#8242;, Sergi Enrich),                             <strong>Lo\u00efc Williams<\/strong> (83&#8242;, Souleymane Faye)                        <\/p>\n<p class=\"stat-tl ev-fw-tl\"><strong>Goles<\/strong><\/p>\n<p class=\"ev-text-aux\">\n                                                                                                        0-1, 23&#8242;: <strong>Pedro Serra<\/strong>                        <\/p>\n<p class=\"stat-tl ev-fw-tl\"><strong>Tarjetas<\/strong><\/p>\n<p class=\"ev-text-aux\">\n                Arbitro: D\u00e1maso Arcediano Monescillo<br \/>Arbitro VAR: Ra\u00fal Mart\u00edn Gonz\u00e1lez Franc\u00e9s, Alejandro Ojaos Valera<br \/><strong>Rub\u00e9n Alcaraz<\/strong> (75&#8242;,Amarilla),                                     <strong>\u00cd\u00f1igo<\/strong> (94&#8242;,Amarilla)                            <\/p>\n","protected":false},"excerpt":{"rendered":"El Granada logr\u00f3 la primera victoria de la temporada tras un trabajado partido en El Alcoraz. Los de&hellip;\n","protected":false},"author":2,"featured_media":145796,"comment_status":"","ping_status":"","sticky":false,"template":"","format":"standard","meta":{"footnotes":""},"categories":[268],"tags":[168,25,24,280,282,281,23,167],"class_list":{"0":"post-145795","1":"post","2":"type-post","3":"status-publish","4":"format-standard","5":"has-post-thumbnail","7":"category-futbol","8":"tag-deportes","9":"tag-es","10":"tag-espana","11":"tag-football","12":"tag-futbol","13":"tag-soccer","14":"tag-spain","15":"tag-sports"},"share_on_mastodon":{"url":"","error":""},"_links":{"self":[{"href":"https:\/\/www.europesays.com\/es\/wp-json\/wp\/v2\/posts\/145795","targetHints":{"allow":["GET"]}}],"collection":[{"href":"https:\/\/www.europesays.com\/es\/wp-json\/wp\/v2\/posts"}],"about":[{"href":"https:\/\/www.europesays.com\/es\/wp-json\/wp\/v2\/types\/post"}],"author":[{"embeddable":true,"href":"https:\/\/www.europesays.com\/es\/wp-json\/wp\/v2\/users\/2"}],"replies":[{"embeddable":true,"href":"https:\/\/www.europesays.com\/es\/wp-json\/wp\/v2\/comments?post=145795"}],"version-history":[{"count":0,"href":"https:\/\/www.europesays.com\/es\/wp-json\/wp\/v2\/posts\/145795\/revisions"}],"wp:featuredmedia":[{"embeddable":true,"href":"https:\/\/www.europesays.com\/es\/wp-json\/wp\/v2\/media\/145796"}],"wp:attachment":[{"href":"https:\/\/www.europesays.com\/es\/wp-json\/wp\/v2\/media?parent=145795"}],"wp:term":[{"taxonomy":"category","embeddable":true,"href":"https:\/\/www.europesays.com\/es\/wp-json\/wp\/v2\/categories?post=145795"},{"taxonomy":"post_tag","embeddable":true,"href":"https:\/\/www.europesays.com\/es\/wp-json\/wp\/v2\/tags?post=145795"}],"curies":[{"name":"wp","href":"https:\/\/api.w.org\/{rel}","templated":true}]}}