{"id":145797,"date":"2025-09-29T06:14:09","date_gmt":"2025-09-29T06:14:09","guid":{"rendered":"https:\/\/www.europesays.com\/es\/145797\/"},"modified":"2025-09-29T06:14:09","modified_gmt":"2025-09-29T06:14:09","slug":"marta-penate-desvela-en-supervivientes-all-stars-2025-como-es-realmente-adara-molinero","status":"publish","type":"post","link":"https:\/\/www.europesays.com\/es\/145797\/","title":{"rendered":"Marta Pe\u00f1ate desvela en Supervivientes All Stars 2025 c\u00f3mo es realmente Adara Molinero"},"content":{"rendered":"<p data-journey-content=\"true\" data-node-id=\"3\" class=\"css-6wxqfj emevuu60\">Marta Pe\u00f1ate est\u00e1 viviendo un duro &#8216;<a href=\"https:\/\/diezminutos.es\/supervivientes-television\" target=\"_blank\" data-node-id=\"3.1\" class=\"css-177bzfx emevuu60\" rel=\"nofollow noopener\">Supervivientes: All Stars<\/a>&#8216; como defensora. <a href=\"https:\/\/www.diezminutos.es\/teleprograma\/programas-tv\/a66056538\/tony-spina-lagrimas-supervivientes-all-stars-2025-marta-penate\/\" target=\"_blank\" data-vars-ga-outbound-link=\"https:\/\/www.diezminutos.es\/teleprograma\/programas-tv\/a66056538\/tony-spina-lagrimas-supervivientes-all-stars-2025-marta-penate\/\" data-vars-ga-ux-element=\"Hyperlink\" data-vars-ga-call-to-action=\"La novia de Tony Spina\" data-node-id=\"3.3\" class=\"body-link css-177bzfx emevuu60\" rel=\"nofollow noopener\">La novia de Tony Spina<\/a> no solo est\u00e1 pendiente de c\u00f3mo lo est\u00e1 pasando su chico,<strong data-node-id=\"3.5\"> con quien ha sufrido mucho al verle perder los estribos en varias ocasiones con Miri P\u00e9rez-Cabrero,<\/strong> sino que tambi\u00e9n est\u00e1 viendo c\u00f3mo su amiga, Adara Molinero, est\u00e1 sufriendo por la falta de apoyos. La hija de <a href=\"https:\/\/www.diezminutos.es\/teleprograma\/programas-tv\/a68023681\/elena-rodriguez-supervivientes-reaccion-abandono-adara\/\" target=\"_blank\" data-vars-ga-outbound-link=\"https:\/\/www.diezminutos.es\/teleprograma\/programas-tv\/a68023681\/elena-rodriguez-supervivientes-reaccion-abandono-adara\/\" data-vars-ga-ux-element=\"Hyperlink\" data-vars-ga-call-to-action=\"Elena Rodr\u00edguez sufr\u00eda la expulsi\u00f3n de su madre\" data-node-id=\"3.7\" class=\"body-link css-177bzfx emevuu60\" rel=\"nofollow noopener\">Elena Rodr\u00edguez sufr\u00eda la expulsi\u00f3n de su madre<\/a> primero, y la de <a href=\"https:\/\/www.diezminutos.es\/teleprograma\/programas-tv\/a68064298\/adara-molinero-fani-carvajo-despedida-supervivientes-all-stars\/\" target=\"_blank\" data-vars-ga-outbound-link=\"https:\/\/www.diezminutos.es\/teleprograma\/programas-tv\/a68064298\/adara-molinero-fani-carvajo-despedida-supervivientes-all-stars\/\" data-vars-ga-ux-element=\"Hyperlink\" data-vars-ga-call-to-action=\"Fani Carvajo, su gran amiga, \" data-node-id=\"3.9\" class=\"body-link css-177bzfx emevuu60\" rel=\"nofollow noopener\">Fani Carvajo, su gran amiga, <\/a>quien sal\u00eda de la isla la semana siguiente. Ambos est\u00e1n sufriendo mucho en la isla, lo que hace que Marta no lo tenga nada f\u00e1cil a la hora de defenderlos en el plat\u00f3. <\/p>\n<p data-journey-content=\"true\" data-node-id=\"6\" class=\"css-6wxqfj emevuu60\">Precisamente, la falta de apoyos ha hecho que Adara acabe rompi\u00e9ndose en la playa en compa\u00f1\u00eda de Tony. Y es que recordaba <a href=\"https:\/\/www.diezminutos.es\/teleprograma\/programas-tv\/a67991022\/adara-molinero-declaracion-amor-vicente-romero-supervivientes-all-stars\/\" target=\"_blank\" data-vars-ga-outbound-link=\"https:\/\/www.diezminutos.es\/teleprograma\/programas-tv\/a67991022\/adara-molinero-declaracion-amor-vicente-romero-supervivientes-all-stars\/\" data-vars-ga-ux-element=\"Hyperlink\" data-vars-ga-call-to-action=\"el mensaje de su chico\" data-node-id=\"6.1\" class=\"body-link css-177bzfx emevuu60\" rel=\"nofollow noopener\">el mensaje de su chico<\/a>, que le hizo una dulce declaraci\u00f3n de amor. Sin embargo, ella no era capaz de recordar n\u00edtidamente su cara: <strong data-node-id=\"6.3\">\u00abrecuerdo su mirada\u00bb, dec\u00eda mientras se romp\u00eda y Miri acud\u00eda a consolarla.<\/strong><\/p>\n<p><img draggable=\"true\" alt=\"adara supervivientes\" title=\"Adara Supervivientes\" loading=\"lazy\" width=\"2200\" height=\"1249\" decoding=\"async\" data-nimg=\"1\" style=\"color:transparent;width:100%;height:auto;\"   src=\"https:\/\/www.europesays.com\/es\/wp-content\/uploads\/2025\/09\/adara-molinero-6448534d9748e.jpg\" class=\"css-0 e1g79fud0\"\/><\/p>\n<p>Telecinco<\/p>\n<p data-journey-content=\"true\" data-node-id=\"9\" class=\"css-6wxqfj emevuu60\">Las im\u00e1genes de Adara, conmov\u00edan a su madre, que desde el plat\u00f3 se convert\u00eda en la defensora de su hija. <strong data-node-id=\"9.1\">\u00abMe gusta que se acuerde de sus ojos, su mirada&#8230;\u00bb, dec\u00eda<\/strong>. Quien adem\u00e1s agradec\u00eda a Miri que hubiera acudido a consolarla a pesar de haber protagonizado ambas una dura pelea hace tan solo unas semanas.<\/p>\n<p>Marta Pe\u00f1ate opina de Adara Molinero<\/p>\n<p data-journey-content=\"true\" data-node-id=\"14\" class=\"body-text css-6wxqfj emevuu60\"><strong data-node-id=\"14.0\">\u00abEs que Adara es as\u00ed, es muy pasional\u00bb, a\u00f1ad\u00eda Elena<\/strong>. Una caracter\u00edstica sobre la que Marta Pe\u00f1ate revelaba la opini\u00f3n que tiene de su amiga, con quien hizo las paces precisamente en la anterior edici\u00f3n de <a href=\"https:\/\/www.diezminutos.es\/teleprograma\/programas-tv\/a61412317\/acusacion-marta-penate-adara-molinero-supervivientes-all-stars-cuentaselo-a-todos\/\" target=\"_blank\" data-vars-ga-outbound-link=\"https:\/\/www.diezminutos.es\/teleprograma\/programas-tv\/a61412317\/acusacion-marta-penate-adara-molinero-supervivientes-all-stars-cuentaselo-a-todos\/\" data-vars-ga-ux-element=\"Hyperlink\" data-vars-ga-call-to-action=\"&#039;Supervivientes All Stars&#039; despu\u00e9s de discutir duramente con ella\" data-node-id=\"14.2\" class=\"body-link css-177bzfx emevuu60\" rel=\"nofollow noopener\">&#8216;Supervivientes All Stars&#8217; despu\u00e9s de discutir duramente con ella<\/a>. \u00abLa gente no se lo cree, pero ella es as\u00ed\u00bb, apuntaba Marta Pe\u00f1ate. <\/p>\n<p data-journey-content=\"true\" data-node-id=\"16\" class=\"css-6wxqfj emevuu60\">No es la primera vez que Marta revela c\u00f3mo es Adara. Durante el debate de &#8216;De Viernes&#8217;, Pe\u00f1ate confes\u00f3 que <strong data-node-id=\"16.1\">su amiga \u00abno es como se la ve en la televisi\u00f3n\u00bb<\/strong> sino que, en su d\u00eda a d\u00eda, es una persona mucho m\u00e1s tranquila que lo que vemos en los realities. \u00abHay gente a la que los realities le saca lo mejor, y gente que le saca lo peor. Ella no es as\u00ed en su d\u00eda a d\u00eda\u00bb, sentenciaba. Ahora, dejaba claro que <strong data-node-id=\"16.3\">Adara es una persona m\u00e1s tranquila y cari\u00f1osa que lo que vemos en televisi\u00f3n.<\/strong><\/p>\n<p><img src=\"https:\/\/www.europesays.com\/es\/wp-content\/uploads\/2025\/09\/1759126448_275_323095e3-d675-4360-ad79-c3a735f161a1_1681830139.file\" alt=\"Headshot of Aroa D\u00edaz\" title=\"Headshot of Aroa D\u00edaz\" width=\"100%\" height=\"100%\" decoding=\"async\" loading=\"lazy\" class=\"css-o0wq4v ev8dhu53\"\/><\/p>\n<p>Aroa D\u00edaz es experta en realities, televisi\u00f3n y actualidad en general. No hay momento del d\u00eda en el que no tenga encendida la televisi\u00f3n conociendo los \u00faltimos desvelos de los famosos, disfrutando de los realities como Supervivientes o de los concursos m\u00e1s rocambolescos. Las \u00faltimas novedades de los famosos del coraz\u00f3n son su perdici\u00f3n y la actualidad de las Casas Reales, su gran pasi\u00f3n. \u00a0\u00a0<\/p>\n<p>En sus ratos libres disfruta de las pel\u00edculas y series de moda, y bucea por los cat\u00e1logos de las plataformas de podcast buscando nuevas entrevistas y charlas de famosos.<\/p>\n<p>Adem\u00e1s, no ha parado de formarse en todos los aspectos convirti\u00e9ndose en una periodista 360: locuci\u00f3n, doblaje, grabaci\u00f3n de v\u00eddeo, periodismo m\u00f3vil, producci\u00f3n de podcast y SEO. Actualmente est\u00e1 form\u00e1ndose en el M\u00e1ster universitario de Periodismo y Comunicaci\u00f3n Digital: Datos y Nuevas Narrativas de la UOC.<\/p>\n<p>Graduada en periodismo por la Universidad Rey Juan Carlos, no ha parado de trabajar desde que obtuvo su t\u00edtulo all\u00e1 por el 2013. Despu\u00e9s de un breve impass en Palma de Mallorca, volvi\u00f3 a Legan\u00e9s donde arranc\u00f3 su experiencia con Legan\u00e9s Activo. En este tiempo he pasado por las redacciones de varios medios recayendo finalmente en Hearst Espa\u00f1a (Telenovela, Qu\u00e9 me dices y Diez Minutos). Tambi\u00e9n tiene experiencia en diferentes radios. \u00a0<\/p>\n","protected":false},"excerpt":{"rendered":"Marta Pe\u00f1ate est\u00e1 viviendo un duro &#8216;Supervivientes: All Stars&#8216; como defensora. La novia de Tony Spina no solo&hellip;\n","protected":false},"author":2,"featured_media":145798,"comment_status":"","ping_status":"","sticky":false,"template":"","format":"standard","meta":{"footnotes":""},"categories":[174],"tags":[255,253,146,147,25,24,256,23],"class_list":{"0":"post-145797","1":"post","2":"type-post","3":"status-publish","4":"format-standard","5":"has-post-thumbnail","7":"category-famosos","8":"tag-celebrities","9":"tag-discover","10":"tag-entertainment","11":"tag-entretenimiento","12":"tag-es","13":"tag-espana","14":"tag-famosos","15":"tag-spain"},"share_on_mastodon":{"url":"","error":""},"_links":{"self":[{"href":"https:\/\/www.europesays.com\/es\/wp-json\/wp\/v2\/posts\/145797","targetHints":{"allow":["GET"]}}],"collection":[{"href":"https:\/\/www.europesays.com\/es\/wp-json\/wp\/v2\/posts"}],"about":[{"href":"https:\/\/www.europesays.com\/es\/wp-json\/wp\/v2\/types\/post"}],"author":[{"embeddable":true,"href":"https:\/\/www.europesays.com\/es\/wp-json\/wp\/v2\/users\/2"}],"replies":[{"embeddable":true,"href":"https:\/\/www.europesays.com\/es\/wp-json\/wp\/v2\/comments?post=145797"}],"version-history":[{"count":0,"href":"https:\/\/www.europesays.com\/es\/wp-json\/wp\/v2\/posts\/145797\/revisions"}],"wp:featuredmedia":[{"embeddable":true,"href":"https:\/\/www.europesays.com\/es\/wp-json\/wp\/v2\/media\/145798"}],"wp:attachment":[{"href":"https:\/\/www.europesays.com\/es\/wp-json\/wp\/v2\/media?parent=145797"}],"wp:term":[{"taxonomy":"category","embeddable":true,"href":"https:\/\/www.europesays.com\/es\/wp-json\/wp\/v2\/categories?post=145797"},{"taxonomy":"post_tag","embeddable":true,"href":"https:\/\/www.europesays.com\/es\/wp-json\/wp\/v2\/tags?post=145797"}],"curies":[{"name":"wp","href":"https:\/\/api.w.org\/{rel}","templated":true}]}}