{"id":145799,"date":"2025-09-29T06:15:11","date_gmt":"2025-09-29T06:15:11","guid":{"rendered":"https:\/\/www.europesays.com\/es\/145799\/"},"modified":"2025-09-29T06:15:11","modified_gmt":"2025-09-29T06:15:11","slug":"la-avilesina-que-pinta-mucho-en-francia-y-todavia-no-ha-expuesto-en-aviles","status":"publish","type":"post","link":"https:\/\/www.europesays.com\/es\/145799\/","title":{"rendered":"La avilesina que pinta mucho en Francia (y todav\u00eda no ha expuesto en Avil\u00e9s)"},"content":{"rendered":"<p class=\"ft-text ft-helper-closenews\"><strong>Noem\u00ed Estrada Tamargo es una pintora avilesina que reside en Francia desde hace una d\u00e9cada.<\/strong> Siempre le ha gustado dibujar, desde que tiene uso de raz\u00f3n ya usaba l\u00e1piz para crear. Se define como una artista ecl\u00e9ctica y no duda en reconocer su conexi\u00f3n con la naturaleza, la abstracci\u00f3n, la figuraci\u00f3n y trazos que evocan cierta espiritualidad. <strong>\u00abPinto la vida en todas sus dimensiones: desde el microcosmos de la casa a la inmensidad de lo espiritual, en mis obras exploro las continuidades entre lo que es visto, sentido e imaginado\u00bb, se\u00f1ala<\/strong> la avilesina, que desde el pasado jueves y hasta noviembre expone varias obras en una galer\u00eda de Manhattan (Nueva York) y al mismo tiempo, en Vannes (Francia). \u00abMi sue\u00f1o es alg\u00fan d\u00eda exponer en Asturias, me har\u00eda muy feliz poder hacerlo en mi ciudad natal, Avil\u00e9s, en el Centro Niemeyer, en el Bellas Artes de Oviedo o en <a class=\"ft-link ft-link--decoration\" href=\"https:\/\/www.lne.es\/tags\/teatro\/\" rel=\"nofollow noopener\" target=\"_blank\">La Laboral<\/a> de Gij\u00f3n\u00bb, se\u00f1ala la pintora.<\/p>\n<p><img decoding=\"async\" src=\"https:\/\/www.europesays.com\/es\/wp-content\/uploads\/2025\/09\/8211b5cb-e209-4b1d-a474-75ef7f510947_alta-libre-aspect-ratio_default_0.jpg\" width=\"1200\" height=\"696\" alt=\"\u00abEl rayo turquesa\u00bb.  | CUADROS DE NOEM\u00cd ESTRADA\" class=\"ft-helper-img-rd\" loading=\"lazy\" hasdataaida=\"true\"\/><\/p>\n<p class=\"ft-helper-fontColor-quaternary ft-helper-fontSize-body-S ft-helper-spacer-t-xxs\">\u00abEl rayo turquesa\u00bb. | CUADROS DE NOEM\u00cd ESTRADA <\/p>\n<p class=\"ft-text\">La avilesina<strong> ha colgado sus \u00f3leos en varios pa\u00edses europeos, al margen de su lugar de residencia. <\/strong>Estrada afirma que pintar en su estilo de vida. Y que con un pincel es capaz de expresarse casi mejor que con palabras. Hasta la fecha, la avilesina detalla que su obra plantea una reflexi\u00f3n sobre lo material, lo emocional y el poder evocador de la pintura en el arte contempor\u00e1neo. As\u00ed, disecciona lo que denomina \u00abcuerpos de <a class=\"ft-link ft-link--decoration\" href=\"https:\/\/www.lne.es\/tags\/ofertas-de-empleo\/\" rel=\"nofollow noopener\" target=\"_blank\">trabajo<\/a>\u00ab. Hace \u00abPlein air\u00bb que es como denomina a las pinturas al aire libre sobre madera y metales como cobre o acero \u00abpara reinterpretar el paisaje y encontrar un di\u00e1logo con la naturaleza\u00bb.<\/p>\n<p>Georgia O\u2019Keeffe y Joan Mitchell<\/p>\n<p class=\"ft-text\"><strong>En el estudio ha creado sus \u00abPaisajes de ensue\u00f1o\u00bb en los que juega con la abstracci\u00f3n y la figuraci\u00f3n.<\/strong> Tambi\u00e9n ha rendido homenaje a \u00abdos figuras importantes de la historia de la pintura\u201d como son Georgia O\u2019Keeffe y Joan Mitchell. Tambi\u00e9n ha pintado grandes formatos de \u00f3leo sobre lienzo de su serie \u00abLe Spirituel\u00bb y ha explorado con sus retratos y desnudos las formas del cuerpo humano. La \u00faltima de esos seis cuerpos de trabajo es \u00abMaison Fragment\u00e9e\u00bb, que, detalla, es \u00abuna naturaleza muerta compuesta, que se convierte tambi\u00e9n en un autorretrato\u00bb. \u00abMaison Fragment\u00e9e es una obra en construcci\u00f3n que quiero desarrollar toda la mi vida y ya forma parte de la colecci\u00f3n p\u00fablica del museo Bernard Boesch\u00bb, relata la avilesina.<\/p>\n<p><img decoding=\"async\" src=\"https:\/\/www.europesays.com\/es\/wp-content\/uploads\/2025\/09\/b2b17337-6161-4ff2-9aa6-04bab9c4885a_alta-libre-aspect-ratio_default_0.jpg\" width=\"1200\" height=\"1270\" alt=\"Exposici\u00f3n en el Mus\u00e9e Boesch.\" class=\"ft-helper-img-rd\" loading=\"lazy\" hasdataaida=\"true\"\/><\/p>\n<p class=\"ft-helper-fontColor-quaternary ft-helper-fontSize-body-S ft-helper-spacer-t-xxs\">Exposici\u00f3n en el Mus\u00e9e Boesch. <\/p>\n<p class=\"ft-text\">En ese centro muse\u00edstico situado en Le Pouliguen, a pocos kil\u00f3metros de Saint Nazaire, ciudad hermana de Avil\u00e9s, <strong>la vicealcaldesa de la ciudad, Delphine Filloux <\/strong>escribi\u00f3, en el libreto del museo, un texto dedicado a la obra de Noem\u00ed Estrada: \u00abEn esta aparente simplicidad de estar en el mundo, Noem\u00ed Estrada, sin embargo, logr\u00f3 un \u2018tour de force\u2019 (haza\u00f1a de fuerza). Pintar en monocromo y hacemos creer que es verdad. La vida es amarilla y de reprende dan ganas de vibrar al ritmo de la longitud de onda de este color. Hay el azul Klein. Hay el amarillo Estrada\u00bb.<\/p>\n<p data-close=\"closedContent\" class=\"subscribeHideForDisplay\">Suscr\u00edbete para seguir leyendo<\/p>\n","protected":false},"excerpt":{"rendered":"Noem\u00ed Estrada Tamargo es una pintora avilesina que reside en Francia desde hace una d\u00e9cada. Siempre le ha&hellip;\n","protected":false},"author":2,"featured_media":145800,"comment_status":"","ping_status":"","sticky":false,"template":"","format":"standard","meta":{"footnotes":""},"categories":[173],"tags":[229,233,231,230,6812,23466,232,234,146,147,25,24,44868,317,474,34548,23,3466,33816],"class_list":{"0":"post-145799","1":"post","2":"type-post","3":"status-publish","4":"format-standard","5":"has-post-thumbnail","7":"category-arte-y-diseno","8":"tag-arte","9":"tag-arte-y-diseno","10":"tag-arts","11":"tag-arts-and-design","12":"tag-avilesina","13":"tag-centro-niemeyer","14":"tag-design","15":"tag-diseno","16":"tag-entertainment","17":"tag-entretenimiento","18":"tag-es","19":"tag-espana","20":"tag-expuesto","21":"tag-francia","22":"tag-obras","23":"tag-pinta","24":"tag-spain","25":"tag-sueno","26":"tag-todavia"},"share_on_mastodon":{"url":"","error":""},"_links":{"self":[{"href":"https:\/\/www.europesays.com\/es\/wp-json\/wp\/v2\/posts\/145799","targetHints":{"allow":["GET"]}}],"collection":[{"href":"https:\/\/www.europesays.com\/es\/wp-json\/wp\/v2\/posts"}],"about":[{"href":"https:\/\/www.europesays.com\/es\/wp-json\/wp\/v2\/types\/post"}],"author":[{"embeddable":true,"href":"https:\/\/www.europesays.com\/es\/wp-json\/wp\/v2\/users\/2"}],"replies":[{"embeddable":true,"href":"https:\/\/www.europesays.com\/es\/wp-json\/wp\/v2\/comments?post=145799"}],"version-history":[{"count":0,"href":"https:\/\/www.europesays.com\/es\/wp-json\/wp\/v2\/posts\/145799\/revisions"}],"wp:featuredmedia":[{"embeddable":true,"href":"https:\/\/www.europesays.com\/es\/wp-json\/wp\/v2\/media\/145800"}],"wp:attachment":[{"href":"https:\/\/www.europesays.com\/es\/wp-json\/wp\/v2\/media?parent=145799"}],"wp:term":[{"taxonomy":"category","embeddable":true,"href":"https:\/\/www.europesays.com\/es\/wp-json\/wp\/v2\/categories?post=145799"},{"taxonomy":"post_tag","embeddable":true,"href":"https:\/\/www.europesays.com\/es\/wp-json\/wp\/v2\/tags?post=145799"}],"curies":[{"name":"wp","href":"https:\/\/api.w.org\/{rel}","templated":true}]}}