{"id":145805,"date":"2025-09-29T06:20:06","date_gmt":"2025-09-29T06:20:06","guid":{"rendered":"https:\/\/www.europesays.com\/es\/145805\/"},"modified":"2025-09-29T06:20:06","modified_gmt":"2025-09-29T06:20:06","slug":"alessio-lisci-hemos-estado-muy-mal-el-partido-de-hoy-no-puede-pasar","status":"publish","type":"post","link":"https:\/\/www.europesays.com\/es\/145805\/","title":{"rendered":"Alessio Lisci: \u00abHemos estado muy mal, el partido de hoy no puede pasar\u00bb"},"content":{"rendered":"<p>El entrenador de Osasuna, Alessio Lisci, ha comparecido en rueda de prensa tras la derrota ante el Real Betis (2-0). \u201cHoy hemos estado muy mal, pero son partidos diferentes y evidentemente hay que solucionar algo porque hemos hecho cero puntos (fuera de casa), pero no est\u00e1n grave la situaci\u00f3n, lo que es grave es el partido de hoy que no debe de pasar\u201d, ha se\u00f1alado el t\u00e9cnico al ser preguntado por la mala racha lejos de El Sadar, sobre la que tambi\u00e9n ha comentado que \u201chay que analizar las cosas\u201d. \u201cUno, el calendario que hemos tenido fuera de casa es tremendamente dif\u00edcil, los primeros tres partidos fuera de casa no son nada malos, no hemos merecido perder ninguno de ellos, quiz\u00e1s contra el Real Madrid pero nos generaron muy poco y los otros dos no hemos merecido perder, hoy s\u00ed\u201d, ha explicado.<\/p>\n<p>As\u00ed, sobre el encuentro ha comentado que \u201cno quiero quitar m\u00e9ritos al Betis, yo creo que hoy hemos estado muy mal primero por nuestra culpa luego seguramente el Betis habr\u00e1 hecho su partido, no s\u00e9 si mejor o peor que los dem\u00e1s, no quiero parecer que el estoy quitando m\u00e9ritos al rival, nosotros hemos estado mal eso es evidente\u201d. \u201cEn los primeros quince minutos de la segunda parte hemos tenido la ocasi\u00f3n de marcar, no lo hemos conseguido, luego hemos jugado muy lentos,&#8230; Hay muchas cosas y no quiero entrar en eso, ha sido un partido malo y muchas cosas seguramente las he fallado yo. No quiero entrar en muchos m\u00e1s detalles porque parece que estamos buscando excusas y odio buscar excusas, hay poco que hablar del partido de hoy, la culpa es m\u00eda y no debe de pasar\u201d, ha detallado.<\/p>\n","protected":false},"excerpt":{"rendered":"El entrenador de Osasuna, Alessio Lisci, ha comparecido en rueda de prensa tras la derrota ante el Real&hellip;\n","protected":false},"author":2,"featured_media":145806,"comment_status":"","ping_status":"","sticky":false,"template":"","format":"standard","meta":{"footnotes":""},"categories":[93],"tags":[168,25,24,23,167],"class_list":{"0":"post-145805","1":"post","2":"type-post","3":"status-publish","4":"format-standard","5":"has-post-thumbnail","7":"category-deportes","8":"tag-deportes","9":"tag-es","10":"tag-espana","11":"tag-spain","12":"tag-sports"},"share_on_mastodon":{"url":"","error":""},"_links":{"self":[{"href":"https:\/\/www.europesays.com\/es\/wp-json\/wp\/v2\/posts\/145805","targetHints":{"allow":["GET"]}}],"collection":[{"href":"https:\/\/www.europesays.com\/es\/wp-json\/wp\/v2\/posts"}],"about":[{"href":"https:\/\/www.europesays.com\/es\/wp-json\/wp\/v2\/types\/post"}],"author":[{"embeddable":true,"href":"https:\/\/www.europesays.com\/es\/wp-json\/wp\/v2\/users\/2"}],"replies":[{"embeddable":true,"href":"https:\/\/www.europesays.com\/es\/wp-json\/wp\/v2\/comments?post=145805"}],"version-history":[{"count":0,"href":"https:\/\/www.europesays.com\/es\/wp-json\/wp\/v2\/posts\/145805\/revisions"}],"wp:featuredmedia":[{"embeddable":true,"href":"https:\/\/www.europesays.com\/es\/wp-json\/wp\/v2\/media\/145806"}],"wp:attachment":[{"href":"https:\/\/www.europesays.com\/es\/wp-json\/wp\/v2\/media?parent=145805"}],"wp:term":[{"taxonomy":"category","embeddable":true,"href":"https:\/\/www.europesays.com\/es\/wp-json\/wp\/v2\/categories?post=145805"},{"taxonomy":"post_tag","embeddable":true,"href":"https:\/\/www.europesays.com\/es\/wp-json\/wp\/v2\/tags?post=145805"}],"curies":[{"name":"wp","href":"https:\/\/api.w.org\/{rel}","templated":true}]}}