{"id":145817,"date":"2025-09-29T06:26:09","date_gmt":"2025-09-29T06:26:09","guid":{"rendered":"https:\/\/www.europesays.com\/es\/145817\/"},"modified":"2025-09-29T06:26:09","modified_gmt":"2025-09-29T06:26:09","slug":"el-alcalde-mas-votado-de-espana-desembarca-en-la-politica-andaluza-desde-su-bastion-en-cadiz","status":"publish","type":"post","link":"https:\/\/www.europesays.com\/es\/145817\/","title":{"rendered":"El alcalde m\u00e1s votado de Espa\u00f1a desembarca en la pol\u00edtica andaluza desde su basti\u00f3n en C\u00e1diz"},"content":{"rendered":"\n<p> El alcalde m\u00e1s votado de Espa\u00f1a quiere poner una pica en el <strong>Parlamento de Andaluc\u00eda <\/strong>e influir en la pol\u00edtica auton\u00f3mica desde su basti\u00f3n gaditano. El partido fundado por <a href=\"https:\/\/www.elconfidencial.com\/espana\/andalucia\/2023-06-04\/la-linea-como-ciudad-hastiada-convirtio-alcalda-mas-votado_3658804\/\" target=\"_self\" rel=\"nofollow noopener\">Juan Franco en 2015 en La L\u00ednea de la Concepci\u00f3n <\/a>ha dado un paso adelante y se presentar\u00e1 a las elecciones andaluzas previstas para el pr\u00f3ximo junio, como muy tarde. La formaci\u00f3n llevar\u00e1 el nombre <strong>Unidos 100&#215;100<\/strong>, una variante de La L\u00ednea 100&#215;100 que ha llevado al regidor linense al \u00e9xito, y que ya est\u00e1 inscrita en el registro de partidos del Ministerio del Interior desde hace varias semanas. <\/p>\n<p> El entorno de Franco hab\u00eda deslizado estas intenciones meses atr\u00e1s, pero la cercan\u00eda del periodo electoral y el <strong>arranque de la precampa\u00f1a con el curso pol\u00edtico <\/strong>va a acelerar las cosas. La intenci\u00f3n de esta nueva formaci\u00f3n es presentarse en sociedad en la primera quincena de octubre para arrancar el camino hacia los comicios y convertirse en el primer partido provincialista que logre <strong>un esca\u00f1o en la C\u00e1mara auton\u00f3mica<\/strong>. Seg\u00fan fuentes del nuevo partido, solo acudir\u00e1n a las urnas en la provincia de <a href=\"https:\/\/www.elconfidencial.com\/espana\/andalucia\/2023-02-26\/cadiz-epicentro-fragmentacion-politica-espana_3582234\/\" target=\"_self\" rel=\"nofollow noopener\">C\u00e1diz<\/a>, aunque el \u00e9xito de La L\u00ednea ha llevado ya a distintas formaciones a . <\/p>\n<p> Para entender el movimiento que puede generar un terremoto en la pol\u00edtica gaditana hay que irse una d\u00e9cada atr\u00e1s, cuando Franco fund\u00f3 su partido en <strong>La L\u00ednea<\/strong>, cansado del olvido de las grandes formaciones en una zona muy particular. La localidad gaditana vive <strong>a la sombra del pe\u00f1\u00f3n de Gibraltar <\/strong>y tiene unas caracter\u00edsticas muy especiales que el ahora regidor ha sabido entender hasta convertirse en el alcalde de un municipio de tama\u00f1o considerable con mayor apoyo. Tras entrar en el consistorio en 2015, <strong>en 2019 logr\u00f3 hacerse con la alcald\u00eda con el 67% de los votos y 21 de los 25 concejales en juego<\/strong>. Cuatro a\u00f1os despu\u00e9s, tres de cada cuatro linenses cogieron su papeleta y mejor\u00f3 el resultado hasta los 22 ediles. <\/p>\n<p> Franco es un pol\u00edtico muy elocuente y bastante directo. En su primer mandato como alcalde <strong>se ali\u00f3 con el PSOE para gobernar la Diputaci\u00f3n gaditana<\/strong>, pero en el segundo opt\u00f3 por acercarse al PP y apoyar a <a href=\"https:\/\/www.elconfidencial.com\/espana\/andalucia\/2024-12-18\/el-alivio-de-la-deuda-municipal-el-psoe-calca-la-estrategia-de-jaen-para-recuperar-la-diputacion-de-cadiz_4025752\/\" target=\"_self\" rel=\"nofollow noopener\">Almudena Mart\u00ednez, presidenta de la instituci\u00f3n supramunicipal<\/a>. A pesar de los intentos socialistas por convencer al alcalde linense de cambiar de socios, Franco se ha mantenido como aliado de los populares, aunque siempre dejando claro que su principal prioridad es atender las necesidades de La L\u00ednea. <\/p>\n<p>              <img decoding=\"async\" class=\"inTextNews__img\" alt=\"Foto: espana-reino-unido-gibraltar-verja-enero-demoler\" src=\"https:\/\/www.europesays.com\/es\/wp-content\/uploads\/2025\/09\/f.elconfidencial.com\/original\/572\/08d\/09a\/57208d09a6fc7609acfd1b66b8e86c82.jpg\"  \/>     <\/p>\n<p>TE PUEDE INTERESAR<\/p>\n<p>      <a class=\"inTextNews__title\" href=\"https:\/\/www.elconfidencial.com\/espana\/2025-08-25\/espana-reino-unido-gibraltar-verja-enero-demoler_4196321\/\" onclick=\"window.ECCO.emit(&#039;amplitude&#039;, { dataEventName: &#039;click_related_article_module&#039;, data: { related_article_url: &#039;https:\/\/www.elconfidencial.com\/espana\/2025-08-25\/espana-reino-unido-gibraltar-verja-enero-demoler_4196321\/&#039;, related_article_author: &#039;Laura Guti\u00e9rrez&#039;, related_article_section: &#039;espana&#039; } })\" rel=\"nofollow noopener\" target=\"_blank\"> Espa\u00f1a y Reino Unido planean demoler la verja de Gibraltar en enero <\/a>   <\/p>\n<p>    EFE   <\/p>\n<p> Consciente de las dificultades que supone lograr diputados provinciales en <strong>el complejo sistema de partidos judiciales <\/strong>que rige las diputaciones, en el c\u00edrculo m\u00e1s cercano a Franco comenzaron a plantear la posibilidad de extender el partido al resto de la provincia, donde hay varias fuerzas independientes que comparten filosof\u00eda con 100&#215;100. En 2023 ya hubo candidaturas en <strong>San Roque<\/strong>, donde lograron concejales, y <strong>Algeciras<\/strong>, y el objetivo es llegar a varios puntos m\u00e1s de la provincia. <\/p>\n<p> <strong>\u00abQueremos hacer pol\u00edtica de gesti\u00f3n, sin polarizar, de una forma moderada y diluyendo el marchamo de derechas o izquierdas\u00bb<\/strong>, apuntan fuentes de la nueva formaci\u00f3n, que aseguran tener <strong>coincidencias con el PSOE en ciertos temas y con el PP en otros<\/strong>. En el horizonte est\u00e1n las elecciones municipales de mayo de 2027, pero en Unidos 100&#215;100 optaron hace ya tiempo por ensayar antes como partido provincial en las <a href=\"https:\/\/www.elconfidencial.com\/espana\/andalucia\/2025-09-23\/iu-da-el-primer-paso-para-elegir-candidato-sin-podemos-y-la-izquierda-andaluza-ira-en-tres-listas-salvo-milagro_4213886\/\" target=\"_self\" rel=\"nofollow noopener\">andaluzas <\/a>de la pr\u00f3xima primavera. Solo se presentar\u00e1n en C\u00e1diz, que es donde se ven capaces de armar una estructura que d\u00e9 garant\u00edas y evite la llegada de figuras oportunistas: \u00abPara el resto de provincias no tenemos capacidad\u00bb. <\/p>\n<p> El pilar sobre el que se levantar\u00e1 Unidos 100&#215;100 es <strong>el \u00e9xito de La L\u00ednea y las bases que ya existen en Algeciras y Los Barrios<\/strong>, pero hay conversaciones para incorporar a la alianza fuerzas independientes con presencia en <strong>Tarifa y Arcos de la Frontera <\/strong>y tambi\u00e9n al partido local del alcalde de <strong>Chipiona<\/strong>, Luis Mario Arpacero. Las negociaciones todav\u00eda no se han cerrado, pero las distintas formaciones con las que hablan en el partido de Juan Franco sumaron casi 30.000 votos en las municipales de 2023. Son muchas m\u00e1s papeletas que las que consigui\u00f3, por ejemplo, Adelante Andaluc\u00eda, el partido andalucista de izquierdas fundado por <a href=\"https:\/\/www.elconfidencial.com\/espana\/andalucia\/2022-12-19\/teresa-rodriguez-dejara-su-escano-en-el-parlamento-andaluz-antes-de-final-de-ano_3542672\/\" target=\"_self\" rel=\"nofollow noopener\">Teresa Rodr\u00edguez<\/a> y que tiene un esca\u00f1o por C\u00e1diz en el Parlamento. <\/p>\n<p> Es cierto que se trata de distintos comicios y que no se pueden hacer analog\u00edas, pero hay que tener en cuenta que la \u00faltima fuerza que entr\u00f3 por C\u00e1diz en las andaluzas de 2022 fue Por Andaluc\u00eda, con 38.000 votos. La brecha no es tan lejana y eso no solo lo piensan en el entorno de Juan Franco. Fuentes del <strong>PSOE gaditano <\/strong>se mostraron hace unos d\u00edas muy pesimistas con el efecto que podr\u00eda tener la entrada de Unidos 100&#215;100 en el reparto de esca\u00f1os de la provincia en un contexto de alta competici\u00f3n electoral y, sobre todo, en un escenario de divisi\u00f3n del voto de izquierdas, con la posibilidad real de que haya hasta tres listas a la izquierda del PSOE: <strong>Adelante Andaluc\u00eda, Por Andaluc\u00eda y Podemos <\/strong>como fuerza independiente. <\/p>\n<p> El \u00faltimo intento de una fuerza provincial por entrar en el Parlamento de Andaluc\u00eda se produjo en Ja\u00e9n, con <strong>Ja\u00e9n Merece M\u00e1s<\/strong>. Esta fuerza, con unos principios muy similares a los de Teruel Existe o Soria \u00a1Ya!, se qued\u00f3 fuera tras conseguir 18.000 votos en una provincia menos poblada y donde es m\u00e1s dif\u00edcil lograr esca\u00f1o que en C\u00e1diz. <\/p>\n<p> El alcalde m\u00e1s votado de Espa\u00f1a quiere poner una pica en el <strong>Parlamento de Andaluc\u00eda <\/strong>e influir en la pol\u00edtica auton\u00f3mica desde su basti\u00f3n gaditano. El partido fundado por <a href=\"https:\/\/www.elconfidencial.com\/espana\/andalucia\/2023-06-04\/la-linea-como-ciudad-hastiada-convirtio-alcalda-mas-votado_3658804\/\" target=\"_self\" rel=\"nofollow noopener\">Juan Franco en 2015 en La L\u00ednea de la Concepci\u00f3n <\/a>ha dado un paso adelante y se presentar\u00e1 a las elecciones andaluzas previstas para el pr\u00f3ximo junio, como muy tarde. La formaci\u00f3n llevar\u00e1 el nombre <strong>Unidos 100&#215;100<\/strong>, una variante de La L\u00ednea 100&#215;100 que ha llevado al regidor linense al \u00e9xito, y que ya est\u00e1 inscrita en el registro de partidos del Ministerio del Interior desde hace varias semanas. <\/p>\n","protected":false},"excerpt":{"rendered":"El alcalde m\u00e1s votado de Espa\u00f1a quiere poner una pica en el Parlamento de Andaluc\u00eda e influir en&hellip;\n","protected":false},"author":2,"featured_media":145818,"comment_status":"","ping_status":"","sticky":false,"template":"","format":"standard","meta":{"footnotes":""},"categories":[8],"tags":[17,18,25,24,13,14,11,19,20,9,10,15,16,23,12,21,22],"class_list":{"0":"post-145817","1":"post","2":"type-post","3":"status-publish","4":"format-standard","5":"has-post-thumbnail","7":"category-espana","8":"tag-breaking-news","9":"tag-breakingnews","10":"tag-es","11":"tag-espana","12":"tag-featured-news","13":"tag-featurednews","14":"tag-headlines","15":"tag-latest-news","16":"tag-latestnews","17":"tag-news","18":"tag-noticias","19":"tag-noticias-destacadas","20":"tag-noticiasdestacadas","21":"tag-spain","22":"tag-titulares","23":"tag-ultimas-noticias","24":"tag-ultimasnoticias"},"share_on_mastodon":{"url":"","error":""},"_links":{"self":[{"href":"https:\/\/www.europesays.com\/es\/wp-json\/wp\/v2\/posts\/145817","targetHints":{"allow":["GET"]}}],"collection":[{"href":"https:\/\/www.europesays.com\/es\/wp-json\/wp\/v2\/posts"}],"about":[{"href":"https:\/\/www.europesays.com\/es\/wp-json\/wp\/v2\/types\/post"}],"author":[{"embeddable":true,"href":"https:\/\/www.europesays.com\/es\/wp-json\/wp\/v2\/users\/2"}],"replies":[{"embeddable":true,"href":"https:\/\/www.europesays.com\/es\/wp-json\/wp\/v2\/comments?post=145817"}],"version-history":[{"count":0,"href":"https:\/\/www.europesays.com\/es\/wp-json\/wp\/v2\/posts\/145817\/revisions"}],"wp:featuredmedia":[{"embeddable":true,"href":"https:\/\/www.europesays.com\/es\/wp-json\/wp\/v2\/media\/145818"}],"wp:attachment":[{"href":"https:\/\/www.europesays.com\/es\/wp-json\/wp\/v2\/media?parent=145817"}],"wp:term":[{"taxonomy":"category","embeddable":true,"href":"https:\/\/www.europesays.com\/es\/wp-json\/wp\/v2\/categories?post=145817"},{"taxonomy":"post_tag","embeddable":true,"href":"https:\/\/www.europesays.com\/es\/wp-json\/wp\/v2\/tags?post=145817"}],"curies":[{"name":"wp","href":"https:\/\/api.w.org\/{rel}","templated":true}]}}