{"id":145821,"date":"2025-09-29T06:29:29","date_gmt":"2025-09-29T06:29:29","guid":{"rendered":"https:\/\/www.europesays.com\/es\/145821\/"},"modified":"2025-09-29T06:29:29","modified_gmt":"2025-09-29T06:29:29","slug":"inauguracion-exposicion-paco-camino-comunidad-de-madrid","status":"publish","type":"post","link":"https:\/\/www.europesays.com\/es\/145821\/","title":{"rendered":"Inauguraci\u00f3n Exposici\u00f3n Paco Camino | Comunidad de Madrid"},"content":{"rendered":"<td align=\"left\">\n<p><strong>Esta feria de oto\u00f1o se rinde<\/strong> homenaje al diestro de Camas con una gran exposici\u00f3n que podr\u00e1 visitarse durante todo el ciclo oto\u00f1al, y que ser\u00e1 inaugurada el d\u00eda indicado con la presencia de D. <strong>Carlos Novillo<\/strong><strong>, <\/strong>consejero de Medio Ambiente, Agricultura e Interior de la Comunidad de Madrid; D<strong>. <strong>Rafael G. Garrido<\/strong>, <\/strong>presidente de Plaza 1, el Director del CAT, D. <strong>Miguel Mart\u00edn<\/strong> as\u00ed como <strong>familiares del torero sevillano.<\/strong><\/p>\n<\/td>\n","protected":false},"excerpt":{"rendered":"Esta feria de oto\u00f1o se rinde homenaje al diestro de Camas con una gran exposici\u00f3n que podr\u00e1 visitarse&hellip;\n","protected":false},"author":2,"featured_media":145822,"comment_status":"","ping_status":"","sticky":false,"template":"","format":"standard","meta":{"footnotes":""},"categories":[277],"tags":[373,168,25,24,23,167,374],"class_list":{"0":"post-145821","1":"post","2":"type-post","3":"status-publish","4":"format-standard","5":"has-post-thumbnail","7":"category-toreo","8":"tag-bullfighting","9":"tag-deportes","10":"tag-es","11":"tag-espana","12":"tag-spain","13":"tag-sports","14":"tag-toreo"},"share_on_mastodon":{"url":"","error":""},"_links":{"self":[{"href":"https:\/\/www.europesays.com\/es\/wp-json\/wp\/v2\/posts\/145821","targetHints":{"allow":["GET"]}}],"collection":[{"href":"https:\/\/www.europesays.com\/es\/wp-json\/wp\/v2\/posts"}],"about":[{"href":"https:\/\/www.europesays.com\/es\/wp-json\/wp\/v2\/types\/post"}],"author":[{"embeddable":true,"href":"https:\/\/www.europesays.com\/es\/wp-json\/wp\/v2\/users\/2"}],"replies":[{"embeddable":true,"href":"https:\/\/www.europesays.com\/es\/wp-json\/wp\/v2\/comments?post=145821"}],"version-history":[{"count":0,"href":"https:\/\/www.europesays.com\/es\/wp-json\/wp\/v2\/posts\/145821\/revisions"}],"wp:featuredmedia":[{"embeddable":true,"href":"https:\/\/www.europesays.com\/es\/wp-json\/wp\/v2\/media\/145822"}],"wp:attachment":[{"href":"https:\/\/www.europesays.com\/es\/wp-json\/wp\/v2\/media?parent=145821"}],"wp:term":[{"taxonomy":"category","embeddable":true,"href":"https:\/\/www.europesays.com\/es\/wp-json\/wp\/v2\/categories?post=145821"},{"taxonomy":"post_tag","embeddable":true,"href":"https:\/\/www.europesays.com\/es\/wp-json\/wp\/v2\/tags?post=145821"}],"curies":[{"name":"wp","href":"https:\/\/api.w.org\/{rel}","templated":true}]}}