{"id":145823,"date":"2025-09-29T06:30:09","date_gmt":"2025-09-29T06:30:09","guid":{"rendered":"https:\/\/www.europesays.com\/es\/145823\/"},"modified":"2025-09-29T06:30:09","modified_gmt":"2025-09-29T06:30:09","slug":"se-anuncia-la-cartelera-de-wow-25-uno-de-los-grandes-eventos-del-ano","status":"publish","type":"post","link":"https:\/\/www.europesays.com\/es\/145823\/","title":{"rendered":"Se anuncia la cartelera de WOW 25, uno de los grandes eventos del a\u00f1o"},"content":{"rendered":"<p data-mrf-recirculation=\"Links P\u00e1rrafos\" class=\"ue-c-article__paragraph paragraph ue-c-article--first-letter-highlighted\">Este pasado fin de semana, <strong>WOW FC ha<\/strong> anunciado la \u00faltima cartelera del a\u00f1o, que se celebrar\u00e1 el <strong>13 de diciembre<\/strong> en el Madrid Arena: WOW 25. Este recinto ya es la <strong>sede<\/strong> por excelencia de los grandes eventos que organiza la promotora, y esta vez no ser\u00e1 diferente, ya que habr\u00e1 hasta <strong>dos peleas titulares<\/strong> para poner la guinda del pastel a un 2025 en el que han crecido a <strong>pasos agigantados.<\/strong><\/p>\n<p data-mrf-recirculation=\"Links P\u00e1rrafos\" class=\"ue-c-article__paragraph paragraph\">En el evento estelar, <strong>Umakhan Ibragimov<\/strong> (10-1) defender\u00e1 por primera vez el <strong>cintur\u00f3n de peso ligero<\/strong> ante el debutante <strong>Tornike Svanidze<\/strong> (10-3). &#8216;The Scorpion&#8217; estuvo a punto de debutar en la <strong>UFC<\/strong> en el evento de Par\u00eds de principios de septiembre, pero filnalmente realizar\u00e1 como m\u00ednimo un combate m\u00e1s en la promotora espa\u00f1ola, donde ya es una<strong> superestrella.<\/strong> Su rival ser\u00e1 &#8216;Toka&#8217;, que acumula una racha de<strong> ocho victorias <\/strong>seguidas -siete finalizaciones- y no pierde desde <strong>2020.<\/strong> El reto para Umakhan ser\u00e1 may\u00fasculo, y la <strong>acci\u00f3n<\/strong> est\u00e1 asegurada.<\/p>\n<p data-mrf-recirculation=\"Links P\u00e1rrafos\" class=\"ue-c-article__paragraph paragraph\">Tambi\u00e9n har\u00e1 lo propio <strong>Nikolay Grozdev<\/strong> (10-2), que despu\u00e9s de conseguir el<strong> cintur\u00f3n de peso pluma <\/strong>de WOW ante Nacho Campos lo pondr\u00e1 en juego ante <strong>Brett Johns<\/strong> (21-5). &#8216;Slick Nick&#8217; ha finalizado todas sus victorias profesionales, pero en esta ocasi\u00f3n tendr\u00e1 que <strong>defender<\/strong> el cintur\u00f3n ante &#8216;The Pickey&#8217;, que se ha ganado la oportunidad titular tras su gran<strong> debut<\/strong> en el evento que WOW hizo en Marbella en agosto. El gal\u00e9s ha peleado en UFC, Bellator y PFL, por lo que ser\u00e1 un <strong>hueso duro<\/strong> de roer.<\/p>\n<p><img decoding=\"async\" width=\"1603\" height=\"1980\" class=\"ue-c-article__image lazyload\" alt=\"Cartel oficial de WOW 25.\" loading=\"lazy\" src=\"https:\/\/www.europesays.com\/es\/wp-content\/uploads\/2025\/09\/68da00d8a0493.jpeg\"\/><\/p>\n<p>Cartel oficial de WOW 25.WOW FC.<\/p>\n<p>Villamur, a una victoria del cintur\u00f3n<\/p>\n<p data-mrf-recirculation=\"Links P\u00e1rrafos\" class=\"ue-c-article__paragraph paragraph\">Otro de los grandes nombres de la cartelera es<strong> Isai Villamur<\/strong> (6-0), que se enfrentar\u00e1 a un veterano de WOW como <strong>Theo Bashford<\/strong> (7-1) en la division de peso pluma. &#8216;Scarface&#8217; acumula<strong> cinco finalizaciones<\/strong> seguidas, es un peligroso <strong>striker<\/strong>, y est\u00e1 decidido a conseguir su segunda victoria en WOW para ganarse la <strong>oportunidad titular<\/strong>. Para Bashford ser\u00e1 su <strong>quinto combate<\/strong> en la promotora, aunque en su \u00faltima aparici\u00f3n en la misma sum\u00f3 su primera derrota profesional al ser <strong>sometido<\/strong> por el propio Grozdev.<\/p>\n<p data-mrf-recirculation=\"Links P\u00e1rrafos\" class=\"ue-c-article__paragraph paragraph\"><strong>Antonio Fofirca<\/strong> (2-0) tambi\u00e9n reaparecer\u00e1 en esta cartelera para culminar un 2025 en el que ha sido uno de los <strong>grandes descubrimientos<\/strong> de la promotora. En abril, &#8216;El Diamante&#8217; debut\u00f3 en profesional con un K.O. en <strong>menos de 10 segundos,<\/strong> y el pasado 13 de septiembre logr\u00f3 su segunda victoria con una <strong>sumisi\u00f3n <\/strong>en poco m\u00e1s de un minuto en el WOW 22. Tras esa <strong>carta de presentaci\u00f3n<\/strong>, el peleador de &#8216;The Black Panther&#8217;\u00a0 reaparecer\u00e1 a finales de a\u00f1o, ante otro prospecto invicto:\u00a0<strong>Dara O&#8217;Sullivan <\/strong>(1-0).<\/p>\n<p data-mrf-recirculation=\"Links P\u00e1rrafos\" class=\"ue-c-article__paragraph paragraph\">Seguramente WOW tenga preparadas <strong>m\u00e1s sorpresas<\/strong> a lo largo de las pr\u00f3ximas semanas para <strong>completar <\/strong>la cartelera. Adem\u00e1s, tambi\u00e9n quedan por oficializarse los eventos programados para<strong> octubre y noviembre<\/strong>, que se celebrar\u00e1n fuera de Madrid. La promotora, con<strong> Ilia Topuria<\/strong> a la cabeza, quiere acabar el a\u00f1o de la <strong>mejor manera<\/strong> posible, y para ello est\u00e1n escogiendo a sus mejores nombres para que desentierren el<strong> hacha de guerra <\/strong>y hagan acto de presencia en la recta final del 2025.<\/p>\n","protected":false},"excerpt":{"rendered":"Este pasado fin de semana, WOW FC ha anunciado la \u00faltima cartelera del a\u00f1o, que se celebrar\u00e1 el&hellip;\n","protected":false},"author":2,"featured_media":145824,"comment_status":"","ping_status":"","sticky":false,"template":"","format":"standard","meta":{"footnotes":""},"categories":[276],"tags":[168,25,24,23,167,343],"class_list":{"0":"post-145823","1":"post","2":"type-post","3":"status-publish","4":"format-standard","5":"has-post-thumbnail","7":"category-ufc","8":"tag-deportes","9":"tag-es","10":"tag-espana","11":"tag-spain","12":"tag-sports","13":"tag-ufc"},"share_on_mastodon":{"url":"","error":""},"_links":{"self":[{"href":"https:\/\/www.europesays.com\/es\/wp-json\/wp\/v2\/posts\/145823","targetHints":{"allow":["GET"]}}],"collection":[{"href":"https:\/\/www.europesays.com\/es\/wp-json\/wp\/v2\/posts"}],"about":[{"href":"https:\/\/www.europesays.com\/es\/wp-json\/wp\/v2\/types\/post"}],"author":[{"embeddable":true,"href":"https:\/\/www.europesays.com\/es\/wp-json\/wp\/v2\/users\/2"}],"replies":[{"embeddable":true,"href":"https:\/\/www.europesays.com\/es\/wp-json\/wp\/v2\/comments?post=145823"}],"version-history":[{"count":0,"href":"https:\/\/www.europesays.com\/es\/wp-json\/wp\/v2\/posts\/145823\/revisions"}],"wp:featuredmedia":[{"embeddable":true,"href":"https:\/\/www.europesays.com\/es\/wp-json\/wp\/v2\/media\/145824"}],"wp:attachment":[{"href":"https:\/\/www.europesays.com\/es\/wp-json\/wp\/v2\/media?parent=145823"}],"wp:term":[{"taxonomy":"category","embeddable":true,"href":"https:\/\/www.europesays.com\/es\/wp-json\/wp\/v2\/categories?post=145823"},{"taxonomy":"post_tag","embeddable":true,"href":"https:\/\/www.europesays.com\/es\/wp-json\/wp\/v2\/tags?post=145823"}],"curies":[{"name":"wp","href":"https:\/\/api.w.org\/{rel}","templated":true}]}}