{"id":145827,"date":"2025-09-29T06:33:08","date_gmt":"2025-09-29T06:33:08","guid":{"rendered":"https:\/\/www.europesays.com\/es\/145827\/"},"modified":"2025-09-29T06:33:08","modified_gmt":"2025-09-29T06:33:08","slug":"mundial-de-ciclismo-alejandro-valverde-acaba-contento-con-la-actuacion-de-la-seleccion-espanola-ciclismo","status":"publish","type":"post","link":"https:\/\/www.europesays.com\/es\/145827\/","title":{"rendered":"Mundial de ciclismo: Alejandro Valverde acaba &quot;contento&quot; con la actuaci\u00f3n de la selecci\u00f3n espa\u00f1ola &#8211; Ciclismo"},"content":{"rendered":"<ol>\n<li><a href=\"https:\/\/news.google.com\/rss\/articles\/CBMiakFVX3lxTFAzeVprdFBwV042YUFwVU45dEVWZ1RYMnpyem9BQjdSX3VlaWFxRGpNVGhaVFZuS2NNWmNIV0pmRjNpQ3NZbnpKa2xFRlpyT3dNV2Y3UXFzQ3M4aWRGNTJDUXVYSURWLWROUEE?oc=5\" target=\"_blank\" rel=\"nofollow noopener\">Mundial de ciclismo: Alejandro Valverde acaba \u00abcontento\u00bb con la actuaci\u00f3n de la selecci\u00f3n espa\u00f1ola<\/a>&nbsp;&nbsp;Ciclismo<\/li>\n<li><a href=\"https:\/\/news.google.com\/rss\/articles\/CBMi6wFBVV95cUxQM3VJOWppYms0ekp2Mm1RTURvSDh5VVhJdFNIZkhhT1I1N3p4WFdUY0t5NjQzdVdVc3lmNkJESElJRkdfRDR6MTdVeDRnSXR5bG91d25DT3Q5czQzeDU0Y2RoUGFtcFU1dV9hUWJRYzdETXFBZkVlYW55dmZybkNuRTNOeHpMaXBqREJXZFZrOEZqOGJ6aHFSdlpvckM2aGNKYWJTOHVXUXlHMkVJalRBRnAySUFLYW16LUVYMU1pbzR2Wm0zbUlVQlYtQlV0bzU5bkxfVEJvQkl2SndVd2I3YUF5Ml94N1BMbl9n?oc=5\" target=\"_blank\" rel=\"nofollow noopener\">Alejandro Valverde moldea a Juan Ayuso a su imagen y semejanza antes del Mundial de ciclismo de Ruanda<\/a>&nbsp;&nbsp;EL PA\u00cdS<\/li>\n<li><a href=\"https:\/\/news.google.com\/rss\/articles\/CBMisAFBVV95cUxQSjM4NktCeDdPTmE1aFQyelNKM2FwMko4blNaRkFxQ3k5aHVmeGR0VHd1RXBEVC0tdVlzc1VhZTRkekdobmRnbmFwUk1QTlM3VjdHWUpOU1dsR05WX0RndmdNWFdKbnRyX3BHNmJiWDdaN3RnX2ZNczc3d1BadlF2VVBabUZCWV8zQXNUckxBNXpaZXBtLWJTSUpIZDJyQkw0ZjZLMkN2TGVObkNoMWNrLQ?oc=5\" target=\"_blank\" rel=\"nofollow noopener\">Ayuso, octavo en Kigali: \u201cCon Pogacar no hubiese estado, pero pod\u00eda haber peleado por las medallas\u201d<\/a>&nbsp;&nbsp;MARCA<\/li>\n<li><a href=\"https:\/\/news.google.com\/rss\/articles\/CBMixAFBVV95cUxPNWxmdGJ3VjhfNmczVk5TMmU4NDZkdUVOM21xQWNjbGZ0SjB0aFJPVWhJanR0SmJyRnZLOUJWTUJYeEJ1Q3dBbzIwbWY2R3pubnI2cnZGQ09PMG9jZkJ4aFZiUU42ZWRnVlVpN1lYc3g1U2swdktGbks4U2pVVGVwZlJ3YXg4RVRzaEFYd2Ryakw0WXAzaTVvdzJfOHJRT3lYbHh2YmVVQVktQk5pVGxLUE1ZNm1pZVlzWi1LVGhZX091a0dI0gHYAUFVX3lxTFBoQ3MyaTBMX3RYSkl4Vnd1S2R3OE9sX01uMWEzcGM4SnRNdWExRld1WUQzSkloVjZaMDhtWlpYWXp4ZGhRRldEZ3N6RzQyV2NLZ2E4cHdnb1NOOWtuZnk1bFJVZGtMelhNa0FEWmRpNkc2MXZubkpoU2d0ZzhNVjZyN29VcjNlelVlZXk5b0JXMnpBTzhmQ2tpNGNndlNxLXRlNURSaURCajdnVXQ1RzFYaVZEQ2I1LWQ3MXVlcEVmV09yME1Vdi1tUldWa0E3WFJmbGZZNUpOMA?oc=5\" target=\"_blank\" rel=\"nofollow noopener\">Alejandro Valverde: \u00abGanar una medalla ser\u00eda la rehostia\u00bb<\/a>&nbsp;&nbsp;La Raz\u00f3n<\/li>\n<li><a href=\"https:\/\/news.google.com\/rss\/articles\/CBMikgFBVV95cUxOMWZYZ3N2Zk5jS05YR29sWlJZUUhZLUMyNVBlUE02WjVRS3hvcU5rUlNoYm8zdkthVFVGYU5tYUQ4eHdpZ2R1U3hBMVFIZ2t0bl9OMjZMVjVFbi1Gbkx5Vk9xMkdiSlM5VWdyUzk0ME8tOHc3NkRFbW43aVdSSVViN1FtLTYzRUdmekR0c0hTOUZad9IBpgFBVV95cUxQRk1yUzI2SXczX1NlVHdwQ2M5czJ3akdtRk9KaWhiTk9VOG5GRzVEc0dIb3dvSGNOR0lpXzE5dXd3Q1RKU3VfQ1lxbFlxSkk2VFQ1RTFJelltWHdxQlFLV2ZTWTJyMnJvbDlvWlFZVGVIaG5GR3ltOW9KcDRnMVNMbzBuV051b2J6RFFaS2g5UmNDNmZOc1NxeVJhWmxGN09neURMQlNB?oc=5\" target=\"_blank\" rel=\"nofollow noopener\">El uno a uno de Espa\u00f1a para el Mundial en Ruanda<\/a>&nbsp;&nbsp;Diario AS<\/li>\n<\/ol>\n","protected":false},"excerpt":{"rendered":"Mundial de ciclismo: Alejandro Valverde acaba \u00abcontento\u00bb con la actuaci\u00f3n de la selecci\u00f3n espa\u00f1ola&nbsp;&nbsp;Ciclismo Alejandro Valverde moldea a&hellip;\n","protected":false},"author":2,"featured_media":145828,"comment_status":"","ping_status":"","sticky":false,"template":"","format":"standard","meta":{"footnotes":""},"categories":[273],"tags":[10114,313,312,168,158,25,24,1489,24921,23,167,1933],"class_list":{"0":"post-145827","1":"post","2":"type-post","3":"status-publish","4":"format-standard","5":"has-post-thumbnail","7":"category-ciclismo","8":"tag-alejandro","9":"tag-ciclismo","10":"tag-cycling","11":"tag-deportes","12":"tag-el","13":"tag-es","14":"tag-espana","15":"tag-espanol","16":"tag-seleccionador","17":"tag-spain","18":"tag-sports","19":"tag-valverde"},"share_on_mastodon":{"url":"","error":""},"_links":{"self":[{"href":"https:\/\/www.europesays.com\/es\/wp-json\/wp\/v2\/posts\/145827","targetHints":{"allow":["GET"]}}],"collection":[{"href":"https:\/\/www.europesays.com\/es\/wp-json\/wp\/v2\/posts"}],"about":[{"href":"https:\/\/www.europesays.com\/es\/wp-json\/wp\/v2\/types\/post"}],"author":[{"embeddable":true,"href":"https:\/\/www.europesays.com\/es\/wp-json\/wp\/v2\/users\/2"}],"replies":[{"embeddable":true,"href":"https:\/\/www.europesays.com\/es\/wp-json\/wp\/v2\/comments?post=145827"}],"version-history":[{"count":0,"href":"https:\/\/www.europesays.com\/es\/wp-json\/wp\/v2\/posts\/145827\/revisions"}],"wp:featuredmedia":[{"embeddable":true,"href":"https:\/\/www.europesays.com\/es\/wp-json\/wp\/v2\/media\/145828"}],"wp:attachment":[{"href":"https:\/\/www.europesays.com\/es\/wp-json\/wp\/v2\/media?parent=145827"}],"wp:term":[{"taxonomy":"category","embeddable":true,"href":"https:\/\/www.europesays.com\/es\/wp-json\/wp\/v2\/categories?post=145827"},{"taxonomy":"post_tag","embeddable":true,"href":"https:\/\/www.europesays.com\/es\/wp-json\/wp\/v2\/tags?post=145827"}],"curies":[{"name":"wp","href":"https:\/\/api.w.org\/{rel}","templated":true}]}}