{"id":145829,"date":"2025-09-29T06:35:09","date_gmt":"2025-09-29T06:35:09","guid":{"rendered":"https:\/\/www.europesays.com\/es\/145829\/"},"modified":"2025-09-29T06:35:09","modified_gmt":"2025-09-29T06:35:09","slug":"entrevista-al-jugador-del-baskonia-luka-samanic","status":"publish","type":"post","link":"https:\/\/www.europesays.com\/es\/145829\/","title":{"rendered":"Entrevista al jugador del Baskonia Luka Samanic"},"content":{"rendered":"<p>\n        Luka Samanic (Zagreb, 2000) es uno de los seis jugadores que se mantienen en el <a href=\"https:\/\/www.noticiasdealava.eus\/baskonia\/\" title=\"Baskonia\" class=\"link copy\" rel=\"nofollow noopener\" target=\"_blank\">Baskonia<\/a> de la pasada temporada. Con una calidad y condiciones f\u00edsicas indiscutibles, gener\u00f3 algunas dudas en su llegada a Vitoria por su irregularidad, pero fue una de las noticias positivas del fin de curso con grandes actuaciones en el play off que terminaron de convencer al club para mantenerlo en n\u00f3mina. Este curso tendr\u00e1 la misi\u00f3n de mantener esas sensaciones y asentarse como p\u00edvot titular, algo que intentar\u00e1 con actos sobre la cancha y no con palabras. Como muestra al responder las cuestiones que le plantea este peri\u00f3dico, no esquiva ninguna pregunta y le gusta ir al grano. A ello vamos.\n<\/p>\n<p class=\"article-body__text question-answers__question\">Afronta su segunda temporada en el Baskonia. \u00bfEst\u00e1 contento de estar de vuelta en Vitoria?\u00a0<\/p>\n<p class=\"article-body__text question-answers__answer\">S\u00ed, estoy muy feliz de estar aqu\u00ed, es un buen lugar en el que estar. No puedo esperar a que comience ya la nueva temporada.<\/p>\n<p class=\"article-body__text question-answers__question\">El club ten\u00eda una opci\u00f3n para rescindir el contrato unilateralmente. \u00bfHa estado nervioso en verano por la incertidumbre?\u00a0<\/p>\n<p class=\"article-body__text question-answers__answer\">No, para nada, he estado muy tranquilo. He aprovechado para descansar y pasar tiempo con mi familia. Me gusta el Baskonia y despu\u00e9s de la pasada temporada quer\u00eda seguir aqu\u00ed. Confiaba en que el club iba a querer seguir contando conmigo, pero tampoco me agobiaba la posibilidad de tener que buscar otro destino.<\/p>\n<p class=\"article-body__text question-answers__question\">Lleg\u00f3 al Baskonia en una situaci\u00f3n delicada, con la temporada ya en marcha y poco tiempo para adaptarse. Sin embargo, termin\u00f3 el curso muy bien con grandes actuaciones contra el Real Madrid en el play off. \u00bfSiente que este tiene que ser su a\u00f1o?\u00a0<\/p>\n<p class=\"article-body__text question-answers__answer\">No lo s\u00e9, s\u00f3lo s\u00e9 que voy a dar lo mejor de m\u00ed. No quiero ponerme presiones innecesarias sobre mis hombros. Trabajar\u00e9 y me esforzar\u00e9 cada d\u00eda y espero que sea suficiente para lo que queremos conseguir.<\/p>\n<p class=\"article-body__text question-answers__question\">\u00bfY qu\u00e9 quieren conseguir?\u00a0<\/p>\n<p class=\"article-body__text question-answers__answer\">Ganar el m\u00e1ximo n\u00famero de partidos posible, ese es el objetivo. Personalmente, me gustar\u00eda que nos clasific\u00e1ramos para la Copa del Rey, el play off de la Euroliga y el play off de la ACB.<\/p>\n<p class=\"article-body__text question-answers__question\">Fue dif\u00edcil su adaptaci\u00f3n a la Euroliga el curso pasado?\u00a0<\/p>\n<p class=\"article-body__text question-answers__answer\">No, la verdad es que se me hizo muy f\u00e1cil. Mi rol con Pablo Laso era jugar tanto en el puesto de cuatro como en el de cinco y yo hice lo que necesitaba el equipo en cada momento.<\/p>\n<p>        \u201cEl estilo de Galbiati se adapta a la perfecci\u00f3n a mi juego: correr, atacar, tirar, defender y divertirse\u201d<\/p>\n<p class=\"article-body__text question-answers__question\">Sus mejores minutos llegaron contra el Madrid jugando como p\u00edvot. \u00bfEs esa la posici\u00f3n que mejor se adapta a usted en el baloncesto europeo?\u00a0<\/p>\n<p class=\"article-body__text question-answers__answer\">Me da igual realmente. Puedo jugar en el cinco, en el cuatro e incluso en el tres. S\u00ed que es verdad que me gusta ejercer como p\u00edvot porque es el puesto en el que m\u00e1s ventaja tengo en los emparejamientos.<\/p>\n<p class=\"article-body__text question-answers__question\">\u00bfEn qu\u00e9 aspectos le gustar\u00eda mejorar esta temporada?\u00a0<\/p>\n<p class=\"article-body__text question-answers__answer\">Sobre todo en el lanzamiento exterior. Mi objetivo es tirar con m\u00e1s consistencia y mejorar mis porcentajes de acierto en el triple. Fui irregular el curso pasado.<\/p>\n<p class=\"article-body__text question-answers__question\">El equipo ha cambiado mucho este verano. \u00bfQu\u00e9 opina de las caras nuevas?\u00a0<\/p>\n<p class=\"article-body__text question-answers__answer\">Desde el nuevo secretario t\u00e9cnico hasta los jugadores y el entrenador creo que son todos maravillosos. Esto es como una familia y es una de las razones por las que estoy entusiasmado de estar aqu\u00ed de vuelta. Somos optimistas, estamos trabajando duro cada d\u00eda y creo que el entrenador es genial. Estamos creando una especie de comunidad y creo que va a ser una buena temporada.<\/p>\n<p class=\"article-photo__footer\">\n            Samanic, at\u00e1ndose los cordones antes de la entrevista concedida a este peri\u00f3dico.                    <\/p>\n<p class=\"article-body__text question-answers__question\">\u00bfEst\u00e1 cambiando Paolo Galbiati tantas cosas como parece desde fuera?<\/p>\n<p class=\"article-body__text question-answers__answer\">Creo que cada entrenador es diferente y Paolo no es una excepci\u00f3n. Estamos trabajando muy duro, \u00e9l quiere que seamos un grupo que est\u00e9 unido y creo que va en el buen camino para conseguirlo.<\/p>\n<p class=\"article-body__text question-answers__question\">\u00bfQu\u00e9 novedades est\u00e1 intentando implementar?\u00a0<\/p>\n<p class=\"article-body__text question-answers__answer\">Realmente tampoco hay tantas diferencias, cada uno tiene su estilo, pero no es nada revolucionario. S\u00ed que hay m\u00e1s normas que tenemos que seguir y est\u00e1 incidiendo mucho en la unidad del grupo.<\/p>\n<p class=\"article-body__text question-answers__question\">\u00bfQu\u00e9 clase de normas? \u00bfRelacionadas con la disciplina?\u00a0<\/p>\n<p class=\"article-body__text question-answers__answer\">No, no. Tienes que ser profesional y puntual siempre, con cualquier entrenador. Me refiero a normas como hablar m\u00e1s durante las cenas, juntarnos cuando tengamos un d\u00eda libre&#8230; Este tipo de cosas hacen que el grupo est\u00e9 m\u00e1s unido y nos conozcamos mejor los unos a los otros dentro y fuera de la cancha.<\/p>\n<p>        \u201cEl objetivo sigue siendo volver a la NBA en el futuro, pero ahora s\u00f3lo pienso en el Baskonia\u201d<\/p>\n<p class=\"article-body__text question-answers__question\">Es de los pocos jugadores que siguen de la pasada temporada&#8230; \u00bfSe siente m\u00e1s importante dentro del vestuario?\u00a0<\/p>\n<p class=\"article-body__text question-answers__answer\">No lo s\u00e9, creo que todos somos importantes. Intento hacer mi trabajo y sea lo que sea lo que me pidan, lo har\u00e9. Quiero ser importante, claro, pero veremos c\u00f3mo va la temporada. Intentar\u00e9 dar lo mejor de m\u00ed y ayudar a los nuevos compa\u00f1eros a adaptarse y a conocer la ciudad y a los aficionados lo mejor posible.<\/p>\n<p class=\"article-body__text question-answers__question\">La bater\u00eda interior del equipo con Diop, Diakite y usted ha generado debate este verano por su corta estatura en comparaci\u00f3n con otras plantillas de la Euroliga. \u00bfQu\u00e9 opina?\u00a0<\/p>\n<p class=\"article-body__text question-answers__answer\">Creo que estamos preparados. Ya competimos en la Euroliga el curso pasado, el tiempo lo dir\u00e1.<\/p>\n<p class=\"article-body__text question-answers__question\">Les va a tocar defender a gigantes como Tavares, Moustapha Fall, Papagiannis&#8230;\u00a0<\/p>\n<p class=\"article-body__text question-answers__answer\">Somos mejores que ellos. Es una buena pregunta si vamos a poder defenderlos, pero, \u00bfvan a poder defendernos ellos a nosotros? Esa es una mejor pregunta.<\/p>\n<p class=\"article-body__text question-answers__question\">Los resultados de la pretemporada no han sido muy esperanzadores. \u00bfDeber\u00edan estar preocupados los aficionados?\u00a0<\/p>\n<p class=\"article-body__text question-answers__answer\">No. Creo que hay que tener paciencia, es un nuevo equipo con un nuevo entrenador. Nos han faltado piezas y hemos jugado con canteranos j\u00f3venes. Todav\u00eda no se ha visto nuestra versi\u00f3n definitiva. La temporada es larga, son 70 partidos m\u00e1s las eliminatorias. Esto no es m\u00e1s que el comienzo.<\/p>\n<p class=\"article-body__text question-answers__question\">\u00bfEn qu\u00e9 debe mejorar el equipo de cara al inicio de los partidos oficiales contra el Olympiacos?\u00a0<\/p>\n<p class=\"article-body__text question-answers__answer\">Creo que tenemos que llegar en la mejor forma posible en cuanto a capacidad de correr la pista porque el entrenador quiere que juguemos r\u00e1pido. Para jugar a esa velocidad tenemos que estar en forma y tambi\u00e9n conocernos lo mejor posible los unos a los otros para poder conectar bien sobre el parqu\u00e9.<\/p>\n<p>        \u201cEste curso quiero tirar con m\u00e1s consistencia y mejorar mis porcentajes<br \/>\nen el triple\u201d<\/p>\n<p class=\"article-body__text question-answers__question\">\u00bfSe encuentra c\u00f3modo en ese estilo de juego tan vertical?\u00a0<\/p>\n<p class=\"article-body__text question-answers__answer\">S\u00ed, desde luego. Creo que es un estilo que se adapta a la perfecci\u00f3n a mi juego: jugar r\u00e1pido, correr, ser agresivo, tirar, defender y divertirse.<\/p>\n<p class=\"article-body__text question-answers__question\">Una de las principales diferencias est\u00e1 en el uso de los cambios. Ahora les toca jugar durante periodos m\u00e1s cortos. \u00bfLe est\u00e1 costando adaptarse a ello?<\/p>\n<p class=\"article-body__text question-answers__answer\">No, est\u00e1 siendo f\u00e1cil. Honestamente, pensaba que iba a ser complicado acostumbrarme a ello, pero cuando entras a la cancha y empiezas a jugar a ese ritmo te das cuenta de que es necesario descansar cada poco tiempo. Es muy exigente jugar as\u00ed, sobretodo para un p\u00edvot. Creo que funciona bien su estrategia.<\/p>\n<p class=\"article-body__text question-answers__question\">Repasando su carrera, ha jugado en muchos equipos pese a ser a\u00fan joven. \u00bfPor qu\u00e9 dej\u00f3 el Barcelona en sus inicios para irse al Olimpija?\u00a0<\/p>\n<p class=\"article-body__text question-answers__answer\">Porque quer\u00eda competir en el baloncesto profesional y el Bar\u00e7a es un club muy grande en el que iba a ser m\u00e1s dif\u00edcil contar con minutos. La decisi\u00f3n fue buena porque despu\u00e9s termin\u00e9 en la NBA.<\/p>\n<p class=\"article-body__text question-answers__question\">\u00bfQu\u00e9 aprendi\u00f3 de su paso por los Estados Unidos?\u00a0<\/p>\n<p class=\"article-body__text question-answers__answer\">Much\u00edsimas cosas, es un mundo totalmente diferente. Definitivamente, es la mejor liga del planeta y cuando tienes la posibilidad de enfrentarte a jugadores de tanto nivel aprendes mucho.<\/p>\n<p class=\"article-body__text question-answers__question\">Tras ello, el pasado verano decidi\u00f3 probar suerte en la Euroliga con el Fenerbahce, pero se march\u00f3 sin llegar a debutar. \u00bfQu\u00e9 ocurri\u00f3?\u00a0<\/p>\n<p class=\"article-body__text question-answers__answer\">Nada, fue simplemente un problema familiar privado que tuve que atender y, desafortunadamente, no me qued\u00f3 m\u00e1s remedio que marcharme.<\/p>\n<p class=\"article-body__text question-answers__question\">Al final, tras pasar por el Cibona, aterriz\u00f3 en el Baskonia. \u00bfSiente que ha encontrado al fin su lugar o le gustar\u00eda volver a la NBA?\u00a0<\/p>\n<p class=\"article-body__text question-answers__answer\">El objetivo sigue siendo volver a la NBA en el futuro, pero por ahora estoy muy feliz aqu\u00ed y estoy donde quiero estar. S\u00f3lo pienso en el Baskonia y quiero hacer grandes cosas aqu\u00ed.<\/p>\n","protected":false},"excerpt":{"rendered":"Luka Samanic (Zagreb, 2000) es uno de los seis jugadores que se mantienen en el Baskonia de la&hellip;\n","protected":false},"author":2,"featured_media":145830,"comment_status":"","ping_status":"","sticky":false,"template":"","format":"standard","meta":{"footnotes":""},"categories":[269],"tags":[299,298,4714,168,3141,25,24,833,44878,23,167],"class_list":{"0":"post-145829","1":"post","2":"type-post","3":"status-publish","4":"format-standard","5":"has-post-thumbnail","7":"category-baloncesto","8":"tag-baloncesto","9":"tag-basketball","10":"tag-baskonia","11":"tag-deportes","12":"tag-entrevista","13":"tag-es","14":"tag-espana","15":"tag-euroliga","16":"tag-luka-samanic","17":"tag-spain","18":"tag-sports"},"share_on_mastodon":{"url":"","error":""},"_links":{"self":[{"href":"https:\/\/www.europesays.com\/es\/wp-json\/wp\/v2\/posts\/145829","targetHints":{"allow":["GET"]}}],"collection":[{"href":"https:\/\/www.europesays.com\/es\/wp-json\/wp\/v2\/posts"}],"about":[{"href":"https:\/\/www.europesays.com\/es\/wp-json\/wp\/v2\/types\/post"}],"author":[{"embeddable":true,"href":"https:\/\/www.europesays.com\/es\/wp-json\/wp\/v2\/users\/2"}],"replies":[{"embeddable":true,"href":"https:\/\/www.europesays.com\/es\/wp-json\/wp\/v2\/comments?post=145829"}],"version-history":[{"count":0,"href":"https:\/\/www.europesays.com\/es\/wp-json\/wp\/v2\/posts\/145829\/revisions"}],"wp:featuredmedia":[{"embeddable":true,"href":"https:\/\/www.europesays.com\/es\/wp-json\/wp\/v2\/media\/145830"}],"wp:attachment":[{"href":"https:\/\/www.europesays.com\/es\/wp-json\/wp\/v2\/media?parent=145829"}],"wp:term":[{"taxonomy":"category","embeddable":true,"href":"https:\/\/www.europesays.com\/es\/wp-json\/wp\/v2\/categories?post=145829"},{"taxonomy":"post_tag","embeddable":true,"href":"https:\/\/www.europesays.com\/es\/wp-json\/wp\/v2\/tags?post=145829"}],"curies":[{"name":"wp","href":"https:\/\/api.w.org\/{rel}","templated":true}]}}