{"id":14584,"date":"2025-07-30T18:41:07","date_gmt":"2025-07-30T18:41:07","guid":{"rendered":"https:\/\/www.europesays.com\/es\/14584\/"},"modified":"2025-07-30T18:41:07","modified_gmt":"2025-07-30T18:41:07","slug":"telecinco-belen-rodriguez-abandono-el-plato-de-tardear-para-evitar-un-tema-incomodo-esto-es-una-excusa","status":"publish","type":"post","link":"https:\/\/www.europesays.com\/es\/14584\/","title":{"rendered":"Telecinco: Bel\u00e9n Rodr\u00edguez abandon\u00f3 el plat\u00f3 de &#8216;Tardear&#8217; para evitar un tema inc\u00f3modo: \u00abEsto es una excusa\u00bb"},"content":{"rendered":"<p class=\"article-text\">\n        Lo que promet\u00eda ser una tarde televisiva cargada de pol\u00e9micas y confesiones en <strong>Tardear<\/strong><strong> <\/strong>dio un giro inesperado cuando <strong>Bel\u00e9n Rodr\u00edguez <\/strong>abandon\u00f3 repentinamente el plat\u00f3 justo antes de abordar uno de los temas m\u00e1s delicados del d\u00eda: las duras declaraciones que Sergio Alis, su excompa\u00f1ero en D\u00eda a d\u00eda, lanz\u00f3 contra ella en el programa Fiesta.\n    <\/p>\n<p>    <a href=\"https:\/\/www.eldiario.es\/noticias\/telecinco-amplia-agarrate-al-sillon-semana-especial-deja-continuidad-rafa-castano-aire-promo_1_12502496.html\" data-mrf-recirculation=\"saber-mas\" data-dl-event=\"saber-mas\" rel=\"nofollow noopener\" target=\"_blank\"><\/p>\n<p class=\"know-more__title\">Telecinco ampl\u00eda &#8216;Ag\u00e1rrate al sill\u00f3n&#8217; en una \u00absemana especial\u00bb que deja la continuidad de Rafa Casta\u00f1o en el aire<\/p>\n<p>            <img decoding=\"async\" class=\"lazy\" loading=\"lazy\" data-src=\"https:\/\/static.eldiario.es\/clip\/a721c827-57f5-4b9b-b24a-68a6087b4cdf_16-9-aspect-ratio_default_0.jpg\" src=\"data:image\/svg+xml,%3Csvg xmlns=\" http:=\"\" viewbox=\"0 0 880 495\" alt=\"Telecinco ampl\u00eda 'Ag\u00e1rrate al sill\u00f3n' en una &quot;semana especial&quot; que deja la continuidad de Rafa Casta\u00f1o en el aire\"\/><\/p>\n<p>                        <\/a><\/p>\n<p class=\"article-text\">\n        <strong>Ver\u00f3nica Dulanto<\/strong> se dispon\u00eda a introducir el asunto cuando la colaboradora se levant\u00f3 y se march\u00f3, dejando at\u00f3nitos a los tertulianos a causa de una <strong>urgencia fisiol\u00f3gica<\/strong>. \u201cEl pasado siempre vuelve Bel\u00e9n, digo esto porque <strong>vuelve a nuestras vidas, a tu vida, Sergio Alis<\/strong>\u201d, comenz\u00f3 la presentadora para introducir el tema del que iban a hablar, cuando la tertuliana le cort\u00f3 para marcharse del plat\u00f3. \u201cEspera un momento, no me deis la tarde que lo veo venir. Pero es que yo <strong>me estoy haciendo caca, as\u00ed que me voy y luego vuelvo<\/strong>\u201d, se\u00f1al\u00f3 Bel\u00e9n Rodr\u00edguez.\n    <\/p>\n<p class=\"article-text\">\n        La tensi\u00f3n se apoder\u00f3 del plat\u00f3 del magac\u00edn vespertino de <strong>Telecinco<\/strong> cuando Dulanto intent\u00f3, sin \u00e9xito, retener a la colaboradora antes de su abrupta salida. La presentadora, incr\u00e9dula ante la excusa de una supuesta urgencia fisiol\u00f3gica, le reproch\u00f3 en directo: <strong>\u201cA ver, Bel\u00e9n, esto es una excusa, lo de hacer caca\u201d<\/strong>.\n    <\/p>\n<p class=\"article-text\">\n        La tertuliana insisti\u00f3: <strong>\u201cQue no, que me estoy haciendo caca\u201d<\/strong>, mientras trataba de reforzar su argumento asegurando que hab\u00eda vuelto de <strong>\u00c1msterdam con diarrea<\/strong>. Sin embargo, Dulanto no ced\u00eda: \u201cTe conozco y no es verdad\u201d. En un intento por respaldar su versi\u00f3n, Bel\u00e9n busc\u00f3 el apoyo de otra compa\u00f1era: <strong>\u201cOye, Leti, \u00bfa qu\u00e9 es verdad?\u201d<\/strong>.\n    <\/p>\n<p class=\"article-text\">\n        \u201cFuera de co\u00f1a Bel\u00e9n\u201d, continu\u00f3 insistiendo Ver\u00f3nica Dulanto. \u201cY fuera de co\u00f1a que no, que no, que no quiero hacerte un feo de verdad\u201d, confirm\u00f3 por su parte ella. \u201cSolo quiero que me cuentes la verdad Bel\u00e9n\u201d, le reclam\u00f3 la presentadora. <strong>\u201cQue no, que no te quiero hacer un feo de verdad<\/strong>\u201d, continu\u00f3 la colaboradora.\n    <\/p>\n<p class=\"article-text\">\n        A pesar de los intentos de la presentadora por reconducir la situaci\u00f3n y abordar el conflicto con Sergio Alis, la colaboradora se mostr\u00f3 firme: <strong>\u201cNo quiero hacerte un feo, de verdad porque sabes que te quiero y te tengo mucho cari\u00f1o\u201d<\/strong>, repiti\u00f3 varias veces antes de abandonar definitivamente el plat\u00f3.\n    <\/p>\n<p>            <img decoding=\"async\" class=\"lazy\" loading=\"lazy\" data-src=\"https:\/\/static.eldiario.es\/clip\/9513c476-cc94-45f2-9910-91226babdd45_16-9-discover-aspect-ratio_default_0.jpg\" src=\"data:image\/svg+xml,%3Csvg xmlns=\" http:=\"\" viewbox=\"0 0 1200 675\" alt=\"Ver\u00f3nica Dulanto ve como Bel\u00e9n Rodr\u00edguez abandona el plat\u00f3 de 'Tardear'\"\/><\/p>\n<p>    Bel\u00e9n Rodr\u00edguez abandon\u00f3 el plat\u00f3 y no habl\u00f3 de Sergio Al\u00eds<\/p>\n<p class=\"article-text\">\n        Las c\u00e1maras de Tardear captaron a Bel\u00e9n Rodr\u00edguez saliendo apresurada del plat\u00f3 y dirigi\u00e9ndose a los pasillos de <strong>Mediaset<\/strong> rumbo al ba\u00f1o, mientras se desataba la pol\u00e9mica por las declaraciones de Sergio Alis. El periodista, invitado recientemente al programa Fiesta, no escatim\u00f3 en calificativos contra la colaboradora, a quien acus\u00f3 de ser <strong>\u201ct\u00f3xica\u201d<\/strong> y <strong>\u201cmala persona\u201d<\/strong>.\n    <\/p>\n<p class=\"article-text\">\n        No es la primera vez que Alis arremete contra rostros conocidos de la televisi\u00f3n: a\u00f1os atr\u00e1s, tambi\u00e9n lanz\u00f3 duras cr\u00edticas contra <strong>Terelu Campos <\/strong>y <strong>Carmen Borrego<\/strong>, a quienes calific\u00f3 como <strong>\u201cunas petardas e impresentables\u201d<\/strong>. En esta ocasi\u00f3n, el blanco de sus ataques fue una de las amigas m\u00e1s cercanas a las hijas de Mar\u00eda Teresa Campos.\n    <\/p>\n<p class=\"article-text\">\n        \u201cMe da mucha pena que un periodista como Sergio Alis, que podr\u00eda tener su lugar en cualquiera de los programas que hacemos, solo entre en televisi\u00f3n a hablar mal de compa\u00f1eros. Lo hizo conmigo en su momento y ahora lo hace con Bel\u00e9n. Todo lo que dice de Bel\u00e9n es mentira\u201d, apunt\u00f3 Carmen Borrego, defendiendo a Bel\u00e9n Ro.\n    <\/p>\n<p>    <a href=\"https:\/\/www.eldiario.es\/vertele\/noticias\/netflix-elimina-definitivamente-plan-basico-obliga-usuarios-ver-anuncios-pagar_1_12502192.html\" data-mrf-recirculation=\"saber-mas-abajo\" data-dl-event=\"saber-mas-abajo\" rel=\"nofollow noopener\" target=\"_blank\"><\/p>\n<p class=\"know-more__title\">Netflix elimina definitivamente su Plan B\u00e1sico y obliga a sus usuarios a ver anuncios o pagar m\u00e1s<\/p>\n<p>            <img decoding=\"async\" class=\"lazy\" loading=\"lazy\" data-src=\"https:\/\/static.eldiario.es\/clip\/a4e3fc7a-cb3d-4077-bb51-83351a854fee_16-9-aspect-ratio_default_0.jpg\" src=\"data:image\/svg+xml,%3Csvg xmlns=\" http:=\"\" viewbox=\"0 0 880 495\" alt=\"Netflix elimina definitivamente su Plan B\u00e1sico y obliga a sus usuarios a ver anuncios o pagar m\u00e1s\"\/><\/p>\n<p>                        <\/a><\/p>\n<p class=\"article-text\">\n        Al concluir y dar paso a un nuevo tema, Rodr\u00edguez regres\u00f3 al plat\u00f3 tras su paso por el ba\u00f1o, recibiendo las inevitables bromas de sus compa\u00f1eros. <strong>\u201c\u00bfYa te has vaciado? Te veo m\u00e1s delgada\u201d<\/strong>, solt\u00f3 la presentadora entre risas, marcando un tono distendido tras el momento de tensi\u00f3n vivido minutos antes.\n    <\/p>\n","protected":false},"excerpt":{"rendered":"Lo que promet\u00eda ser una tarde televisiva cargada de pol\u00e9micas y confesiones en Tardear dio un giro inesperado&hellip;\n","protected":false},"author":2,"featured_media":14585,"comment_status":"","ping_status":"","sticky":false,"template":"","format":"standard","meta":{"footnotes":""},"categories":[91],"tags":[9731,3848,146,147,25,24,6971,9734,9733,9721,416,23,3366,9732],"class_list":{"0":"post-14584","1":"post","2":"type-post","3":"status-publish","4":"format-standard","5":"has-post-thumbnail","7":"category-entretenimiento","8":"tag-abandono","9":"tag-belen","10":"tag-entertainment","11":"tag-entretenimiento","12":"tag-es","13":"tag-espana","14":"tag-evitar","15":"tag-excusa","16":"tag-incomodo","17":"tag-plato","18":"tag-rodriguez","19":"tag-spain","20":"tag-tardear","21":"tag-tema"},"share_on_mastodon":{"url":"","error":""},"_links":{"self":[{"href":"https:\/\/www.europesays.com\/es\/wp-json\/wp\/v2\/posts\/14584","targetHints":{"allow":["GET"]}}],"collection":[{"href":"https:\/\/www.europesays.com\/es\/wp-json\/wp\/v2\/posts"}],"about":[{"href":"https:\/\/www.europesays.com\/es\/wp-json\/wp\/v2\/types\/post"}],"author":[{"embeddable":true,"href":"https:\/\/www.europesays.com\/es\/wp-json\/wp\/v2\/users\/2"}],"replies":[{"embeddable":true,"href":"https:\/\/www.europesays.com\/es\/wp-json\/wp\/v2\/comments?post=14584"}],"version-history":[{"count":0,"href":"https:\/\/www.europesays.com\/es\/wp-json\/wp\/v2\/posts\/14584\/revisions"}],"wp:featuredmedia":[{"embeddable":true,"href":"https:\/\/www.europesays.com\/es\/wp-json\/wp\/v2\/media\/14585"}],"wp:attachment":[{"href":"https:\/\/www.europesays.com\/es\/wp-json\/wp\/v2\/media?parent=14584"}],"wp:term":[{"taxonomy":"category","embeddable":true,"href":"https:\/\/www.europesays.com\/es\/wp-json\/wp\/v2\/categories?post=14584"},{"taxonomy":"post_tag","embeddable":true,"href":"https:\/\/www.europesays.com\/es\/wp-json\/wp\/v2\/tags?post=14584"}],"curies":[{"name":"wp","href":"https:\/\/api.w.org\/{rel}","templated":true}]}}