{"id":145843,"date":"2025-09-29T06:43:12","date_gmt":"2025-09-29T06:43:12","guid":{"rendered":"https:\/\/www.europesays.com\/es\/145843\/"},"modified":"2025-09-29T06:43:12","modified_gmt":"2025-09-29T06:43:12","slug":"un-expiloto-de-f1-hace-una-brutal-critica-a-lewis-hamilton-en-ferrari-es-un-nino-mimado","status":"publish","type":"post","link":"https:\/\/www.europesays.com\/es\/145843\/","title":{"rendered":"Un expiloto de F1 hace una brutal cr\u00edtica a Lewis Hamilton en Ferrari: \u201cEs un ni\u00f1o mimado\u201d"},"content":{"rendered":"<p data-journey-content=\"true\" data-node-id=\"3\" class=\"css-6wxqfj emevuu60\"><strong data-node-id=\"3.0\">Lewis Hamilton<\/strong> no lo est\u00e1 teniendo f\u00e1cil en su primer a\u00f1o vestido de rojo. El piloto a\u00fan no ha podido conseguir su primer podio y<strong data-node-id=\"3.2\"> Charles Leclerc <\/strong>ha estado por encima en la gran mayor\u00eda de ocasiones, aunque el monegasco tampoco se siente a gusto con el coche y no ha sumado ninguna victoria en 2025. En unas declaraciones para \u2018Vollgas\u2019, <strong data-node-id=\"3.4\">Surer<\/strong> es muy directo con el brit\u00e1nico: \u201c<strong data-node-id=\"3.6\">Es simplemente un ni\u00f1o mimado<\/strong> que siempre ha conducido los mejores coches. Si el coche le conviene, gana sin problemas. Pero en cuanto no tiene el coche m\u00e1s r\u00e1pido, <strong data-node-id=\"3.8\">se meten en problemas<\/strong>\u201d.<\/p>\n<p>Comparaci\u00f3n con Fernando Alonso<\/p>\n<p data-journey-content=\"true\" data-node-id=\"7\" class=\"body-text css-6wxqfj emevuu60\">El asturiano ha pasado por m\u00e1s escuder\u00edas a lo largo de su carrera. Hamilton ha estado en dos equipos candidatos a ganarlo todo en la mayor\u00eda de ocasiones, especialmente en su etapa gloriosa con <strong data-node-id=\"7.1\">Mercedes<\/strong>. El expiloto se\u00f1ala que el bicampe\u00f3n del mundo le supera en cuanto a resiliencia: \u201c<strong data-node-id=\"7.3\">\u00c9l no es como Alonso<\/strong>, que puede vivir con compromisos <strong data-node-id=\"7.5\">y sacar el m\u00e1ximo provecho<\/strong> de cada coche\u201d.<\/p>\n<p data-journey-content=\"true\" data-node-id=\"9\" class=\"css-6wxqfj emevuu60\">Los a\u00f1os pasan para todo el mundo y cada vez es m\u00e1s complejo mantener el nivel. En ese sentido, Surer destaca que el brit\u00e1nico lleva varias temporadas cuesta abajo: \u201c<strong data-node-id=\"9.1\">No me lo esperaba<\/strong>. Pens\u00e9 que seguir\u00eda brillando en las carreras gracias a su experiencia. Pero eso no est\u00e1 sucediendo. Por otro lado, <strong data-node-id=\"9.3\">ya tuvo dificultades<\/strong> los dos \u00faltimos a\u00f1os junto a <strong data-node-id=\"9.5\">George Russell<\/strong>. En Ferrari, ahora tiene un compa\u00f1ero de equipo rapid\u00edsimo en Charles Leclerc\u201d.<\/p>\n<p data-journey-content=\"true\" data-node-id=\"13\" class=\"css-6wxqfj emevuu60\">En Maranello saben que esta temporada no ha sido la suya. Sin embargo, a\u00fan pueden luchar por la segunda posici\u00f3n de la<strong data-node-id=\"13.1\"> clasificaci\u00f3n de constructores<\/strong> con Mercedes, aunque su verdadero objetivo ya est\u00e1 en el <strong data-node-id=\"13.3\">2026<\/strong>. El piloto tendr\u00e1 que demostrar que est\u00e1 completamente adaptado antes de afrontar un a\u00f1o que podr\u00eda ser determinante.<\/p>\n<p>Momento an\u00edmico muy complicado para Hamilton<\/p>\n<p data-journey-content=\"true\" data-node-id=\"16\" class=\"css-6wxqfj emevuu60\">El brit\u00e1nico ha tenido varios momentos al l\u00edmite con Ferrari. Uno de los m\u00e1s conocidos fue su famoso <a href=\"https:\/\/www.caranddriver.com\/es\/formula-1\/a65908897\/lewis-hamilton-no-eres-un-inutil\/\" target=\"_blank\" data-vars-ga-outbound-link=\"https:\/\/www.caranddriver.com\/es\/formula-1\/a65908897\/lewis-hamilton-no-eres-un-inutil\/\" data-vars-ga-ux-element=\"Hyperlink\" data-vars-ga-call-to-action=\"\u2018soy in\u00fatil\u2019\" data-node-id=\"16.1\" class=\"body-link css-168zq96 emevuu60\" rel=\"nofollow noopener\">\u2018soy in\u00fatil\u2019<\/a>, aunque luego se termin\u00f3 retractando. En esta ocasi\u00f3n, la mayor preocupaci\u00f3n del piloto est\u00e1 centrada en su perro<strong data-node-id=\"16.3\"> \u2018Roscoe\u2019<\/strong>, que <a href=\"https:\/\/www.caranddriver.com\/es\/formula-1\/a68063008\/lewis-hamilton-desesperado-perro-roscoe-han-sido-horas-aterradoras\/\" target=\"_blank\" data-vars-ga-outbound-link=\"https:\/\/www.caranddriver.com\/es\/formula-1\/a68063008\/lewis-hamilton-desesperado-perro-roscoe-han-sido-horas-aterradoras\/\" data-vars-ga-ux-element=\"Hyperlink\" data-vars-ga-call-to-action=\"est\u00e1 siendo atendido\" data-node-id=\"16.5\" class=\"body-link css-168zq96 emevuu60\" rel=\"nofollow noopener\">est\u00e1 siendo atendido<\/a> en estado grave.<\/p>\n<p>Contenidos relacionados<img src=\"https:\/\/www.europesays.com\/es\/wp-content\/uploads\/2025\/09\/1759128192_57_d3baca1e-d34f-44ac-842c-f2c50fb6b579_1737539442.file\" alt=\"Headshot of Alejandro Fern\u00e1ndez Montealegre\" title=\"Headshot of Alejandro Fern\u00e1ndez Montealegre\" width=\"100%\" height=\"100%\" decoding=\"async\" loading=\"lazy\" class=\"css-o0wq4v ev8dhu53\"\/><\/p>\n<p>Amante del mundo del motor en todas sus versiones, desde salir tranquilamente de ruta hasta escuchar a Lobato dej\u00e1ndose las cuerdas vocales en una vuelta importante de F1. Que mi abuelo fuera mec\u00e1nico seguramente influyera en que me llamara la atenci\u00f3n todo este mundo. \u00a0<\/p>\n","protected":false},"excerpt":{"rendered":"Lewis Hamilton no lo est\u00e1 teniendo f\u00e1cil en su primer a\u00f1o vestido de rojo. El piloto a\u00fan no&hellip;\n","protected":false},"author":2,"featured_media":145844,"comment_status":"","ping_status":"","sticky":false,"template":"","format":"standard","meta":{"footnotes":""},"categories":[93],"tags":[168,253,25,24,23,167],"class_list":{"0":"post-145843","1":"post","2":"type-post","3":"status-publish","4":"format-standard","5":"has-post-thumbnail","7":"category-deportes","8":"tag-deportes","9":"tag-discover","10":"tag-es","11":"tag-espana","12":"tag-spain","13":"tag-sports"},"share_on_mastodon":{"url":"","error":""},"_links":{"self":[{"href":"https:\/\/www.europesays.com\/es\/wp-json\/wp\/v2\/posts\/145843","targetHints":{"allow":["GET"]}}],"collection":[{"href":"https:\/\/www.europesays.com\/es\/wp-json\/wp\/v2\/posts"}],"about":[{"href":"https:\/\/www.europesays.com\/es\/wp-json\/wp\/v2\/types\/post"}],"author":[{"embeddable":true,"href":"https:\/\/www.europesays.com\/es\/wp-json\/wp\/v2\/users\/2"}],"replies":[{"embeddable":true,"href":"https:\/\/www.europesays.com\/es\/wp-json\/wp\/v2\/comments?post=145843"}],"version-history":[{"count":0,"href":"https:\/\/www.europesays.com\/es\/wp-json\/wp\/v2\/posts\/145843\/revisions"}],"wp:featuredmedia":[{"embeddable":true,"href":"https:\/\/www.europesays.com\/es\/wp-json\/wp\/v2\/media\/145844"}],"wp:attachment":[{"href":"https:\/\/www.europesays.com\/es\/wp-json\/wp\/v2\/media?parent=145843"}],"wp:term":[{"taxonomy":"category","embeddable":true,"href":"https:\/\/www.europesays.com\/es\/wp-json\/wp\/v2\/categories?post=145843"},{"taxonomy":"post_tag","embeddable":true,"href":"https:\/\/www.europesays.com\/es\/wp-json\/wp\/v2\/tags?post=145843"}],"curies":[{"name":"wp","href":"https:\/\/api.w.org\/{rel}","templated":true}]}}