{"id":145853,"date":"2025-09-29T06:48:07","date_gmt":"2025-09-29T06:48:07","guid":{"rendered":"https:\/\/www.europesays.com\/es\/145853\/"},"modified":"2025-09-29T06:48:07","modified_gmt":"2025-09-29T06:48:07","slug":"ultima-hora-del-conflicto-en-oriente-proximo-en-directo-trump-recibira-en-ee-uu-a-netanyahu-para-tratar-un-acuerdo-de-paz-en-gaza-internacional","status":"publish","type":"post","link":"https:\/\/www.europesays.com\/es\/145853\/","title":{"rendered":"\u00daltima hora del conflicto en Oriente Pr\u00f3ximo, en directo | Trump recibir\u00e1 en EE UU a Netanyahu para tratar un acuerdo de paz en Gaza | Internacional"},"content":{"rendered":"<p class=\"ev-title\">Trump recibir\u00e1 en EE UU a Netanyahu para tratar un acuerdo de paz en Gaza<\/p>\n<p>Buenos d\u00edas. Este lunes Donald Trump recibir\u00e1 al primer ministro israel\u00ed, Benjam\u00edn Netanyahu, en la Casa Blanca para impulsar una\u00a0propuesta de paz para Gaza. Mientras, el primer ministro israel\u00ed\u00a0enfrenta un creciente aislamiento internacional, casi dos a\u00f1os despu\u00e9s del inicio de la guerra contra Ham\u00e1s en la franja de Gaza. La pasada semana,\u00a0una oleada de l\u00edderes occidentales reconoci\u00f3 el Estado palestino en la \u00faltima semana, entre ellos el Reino Unido, Francia, Canad\u00e1 y\u00a0Australia. Netanyahu\u00a0calific\u00f3 este reconocimiento de \u201cdecisi\u00f3n vergonzosa\u201d.<\/p>\n","protected":false},"excerpt":{"rendered":"Trump recibir\u00e1 en EE UU a Netanyahu para tratar un acuerdo de paz en Gaza Buenos d\u00edas. Este&hellip;\n","protected":false},"author":2,"featured_media":145854,"comment_status":"","ping_status":"","sticky":false,"template":"","format":"standard","meta":{"footnotes":""},"categories":[42],"tags":[17,18,68,70,71,72,13,14,73,69,75,11,61,62,63,64,74,19,20,9,10,15,16,77,76,12,21,22,65,66,67],"class_list":{"0":"post-145853","1":"post","2":"type-post","3":"status-publish","4":"format-standard","5":"has-post-thumbnail","7":"category-internacional","8":"tag-breaking-news","9":"tag-breakingnews","10":"tag-conflicto-arabe-israeli","11":"tag-conflictos","12":"tag-conflictos-armados","13":"tag-conflictos-internacionales","14":"tag-featured-news","15":"tag-featurednews","16":"tag-franja-gaza","17":"tag-guerra","18":"tag-hamas","19":"tag-headlines","20":"tag-internacional","21":"tag-international","22":"tag-international-news","23":"tag-internationalnews","24":"tag-israel","25":"tag-latest-news","26":"tag-latestnews","27":"tag-news","28":"tag-noticias","29":"tag-noticias-destacadas","30":"tag-noticiasdestacadas","31":"tag-oriente-proximo","32":"tag-palestina","33":"tag-titulares","34":"tag-ultimas-noticias","35":"tag-ultimasnoticias","36":"tag-world","37":"tag-world-news","38":"tag-worldnews"},"share_on_mastodon":{"url":"","error":""},"_links":{"self":[{"href":"https:\/\/www.europesays.com\/es\/wp-json\/wp\/v2\/posts\/145853","targetHints":{"allow":["GET"]}}],"collection":[{"href":"https:\/\/www.europesays.com\/es\/wp-json\/wp\/v2\/posts"}],"about":[{"href":"https:\/\/www.europesays.com\/es\/wp-json\/wp\/v2\/types\/post"}],"author":[{"embeddable":true,"href":"https:\/\/www.europesays.com\/es\/wp-json\/wp\/v2\/users\/2"}],"replies":[{"embeddable":true,"href":"https:\/\/www.europesays.com\/es\/wp-json\/wp\/v2\/comments?post=145853"}],"version-history":[{"count":0,"href":"https:\/\/www.europesays.com\/es\/wp-json\/wp\/v2\/posts\/145853\/revisions"}],"wp:featuredmedia":[{"embeddable":true,"href":"https:\/\/www.europesays.com\/es\/wp-json\/wp\/v2\/media\/145854"}],"wp:attachment":[{"href":"https:\/\/www.europesays.com\/es\/wp-json\/wp\/v2\/media?parent=145853"}],"wp:term":[{"taxonomy":"category","embeddable":true,"href":"https:\/\/www.europesays.com\/es\/wp-json\/wp\/v2\/categories?post=145853"},{"taxonomy":"post_tag","embeddable":true,"href":"https:\/\/www.europesays.com\/es\/wp-json\/wp\/v2\/tags?post=145853"}],"curies":[{"name":"wp","href":"https:\/\/api.w.org\/{rel}","templated":true}]}}