{"id":145855,"date":"2025-09-29T06:49:08","date_gmt":"2025-09-29T06:49:08","guid":{"rendered":"https:\/\/www.europesays.com\/es\/145855\/"},"modified":"2025-09-29T06:49:08","modified_gmt":"2025-09-29T06:49:08","slug":"espana-prohibe-el-paso-de-armamento-de-ee-uu-para-israel-por-las-bases-de-rota-y-moron","status":"publish","type":"post","link":"https:\/\/www.europesays.com\/es\/145855\/","title":{"rendered":"Espa\u00f1a proh\u00edbe el paso de armamento de EE.UU. para Israel por las bases de Rota y Mor\u00f3n"},"content":{"rendered":"<p>          <img decoding=\"async\" class=\"c-ad__placeholder__logo\" src=\"https:\/\/static.euronews.com\/website\/images\/logos\/logo-euronews-stacked-outlined-72x72-grey-9.svg\" width=\"72\" height=\"72\" alt=\"\" loading=\"lazy\"\/><br \/>\n          PUBLICIDAD<\/p>\n<p>El Gobierno de Pedro S\u00e1nchez sigue tomando medidas para <strong>evitar el env\u00edo de armas a Israel.<\/strong> Si la semana pasada el Ejecutivo confirmaba la <strong>cancelaci\u00f3n de contratos millonarios con el pa\u00eds<\/strong> y el <a href=\"https:\/\/es.euronews.com\/2025\/09\/23\/el-gobierno-de-pedro-sanchez-consolida-el-embargo-de-armas-a-israel\" rel=\"nofollow noopener\" target=\"_blank\">embargo de armas<\/a>, ahora, ha prohibido que Estados Unidos haga uso de sus bases militares en Rota (C\u00e1diz) y Mor\u00f3n (Sevilla) para mandar armamento al Estado israel\u00ed, seg\u00fan ha informado Comit\u00e9 Conjunto Hispano-Norteamericano a &#8216;El Pa\u00eds&#8217;.<\/p>\n<p>Con esta medida, Espa\u00f1a impide el paso \u00abde <strong>aviones o buques de Estados Unidos cargados con armamento, munici\u00f3n o equipos militares<\/strong>\u00ab, dice la publicaci\u00f3n, \u00abtanto los que se dirigen directamente a dicho pa\u00eds como los que lo tienen como destino final tras una escala intermedia\u00bb, indican fuentes del Comit\u00e9 Conjunto Hispano-Norteamericano. <\/p>\n<p>\u00ab<a href=\"https:\/\/es.euronews.com\/2025\/06\/18\/bombarderos-de-eeuu-llegan-a-las-bases-de-moron-y-rota-como-refuerzo-ante-iran\" rel=\"nofollow noopener\" target=\"_blank\">Rota y Mor\u00f3n son bases de soberan\u00eda espa\u00f1ola<\/a>, bajo mando de un militar espa\u00f1ol, y todo lo que all\u00ed sucede debe ser <strong>autorizado por las autoridades espa\u00f1olas<\/strong>\u00ab, a\u00f1aden las fuentes. Sin embargo, hay matices a esta prohibici\u00f3n que Estados Unidos podr\u00eda saltarse: Espa\u00f1a puede autorizar \u00abun vuelo de EE.UU. a una base alemana o italiana y, desde all\u00ed, haga un nuevo viaje a Israel, sin que figurase en su <strong>plan de vuelo original<\/strong>\u00ab. Nuestro pa\u00eds <strong>no inspecciona los aviones<\/strong> de transporte o los buques estadounidenses que hacen escala en las bases espa\u00f1olas. Las fuentes explican que esto ser\u00eda \u00abcontraproducente, pues la <strong>relaci\u00f3n entre aliados se basa en una confianza<\/strong> que se ver\u00eda gravemente da\u00f1ada si se descubriese el enga\u00f1o\u00bb.<\/p>\n<p>Aviones F-35 entregados a trav\u00e9s de Azores<\/p>\n<p>Hace unos meses, <strong>seis aviones F-35<\/strong> entregados a Israel por la <a href=\"https:\/\/es.euronews.com\/2025\/09\/27\/estos-son-los-21-puntos-del-plan-de-trump-para-poner-fin-a-la-guerra-de-gaza\" rel=\"nofollow noopener\" target=\"_blank\">Administraci\u00f3n de Donald Trump<\/a> evitaron pasar por las bases Rota o Mor\u00f3n, en su lugar usaron la base militar estadounidense de Azores (Portugal). \u00abEstos cazas, que ven\u00edan con los <strong>distintivos de la Fuerza A\u00e9rea israel\u00ed ya pintados<\/strong> en el fuselaje, hicieron escala en las Islas Azores, seg\u00fan distintas fuentes, antes de cruzar en vuelo el Estrecho de <strong>Gibraltar<\/strong>\u00ab, expone la noticia.<\/p>\n<p>Para evitar <strong>tensar m\u00e1s las relaciones entre Washington y Madrid<\/strong>, el Gobierno de PSOE y Sumar ha tratado de no incidir en la situaci\u00f3n de las dos bases, en virtud de los Pactos de Madrid de 1953 y el convenio de Defensa del a\u00f1o 1988. Un portavoz del Departamento de Estado afirm\u00f3 el pasado 9 de septiembre que <a href=\"https:\/\/es.euronews.com\/2025\/09\/08\/pedro-sanchez-anuncia-nuevas-medidas-contra-el-genocidio-en-gaza\" rel=\"nofollow noopener\" target=\"_blank\">las nueve medidas anunciadas por el presidente Pedro S\u00e1nchez<\/a> para presionar a Netanyahu  <strong>\u00abprofundamente preocupantes\u00bb,<\/strong> se quej\u00f3 tambi\u00e9n de que estas \u00ablimitan potencialmente las operaciones [militares] estadounidenses\u00bb. Para nadie es desconocida la dif\u00edcil relaci\u00f3n diplom\u00e1tica entre ambos pa\u00edses actualmente, con choques por el <a href=\"https:\/\/es.euronews.com\/2025\/06\/24\/trump-senala-a-espana-como-un-problema-para-la-otan-por-negarse-a-aumentar-el-gasto-en-def\" rel=\"nofollow noopener\" target=\"_blank\">gasto de la OTAN<\/a>, la pol\u00e9mica por los contratos con Huawei, los aranceles, y ahora, Israel.<\/p>\n<p>El art\u00edculo que obliga a pedir autorizaci\u00f3n para los vuelos con \u00abcarga o pasaje controvertidos\u00bb se ha aplicado ya en numerosas ocasiones, contextualiza &#8216;El Pa\u00eds&#8217;. Una de las m\u00e1s pol\u00e9micas fue en junio de 2002, cuando Washington pidi\u00f3 permiso para que hicieran escala en las bases espa\u00f1olas los aviones que transportaban <strong>prisioneros afganos a la c\u00e1rcel ilegal de Guant\u00e1namo<\/strong>. <\/p>\n<p><strong>Prohibido \u00abintroducir armas nucleares en territorio espa\u00f1ol\u00bb<\/strong><\/p>\n<p>\u00abEn el caso de los <strong>buques<\/strong>, el mecanismo es similar al de los aviones, aunque la <strong>autorizaci\u00f3n de escalas debe hacerse con mayor antelaci\u00f3n<\/strong>\u00ab, de un m\u00ednimo de cinco d\u00edas. Espa\u00f1a se ha comprometido <strong>\u00aba no preguntar qu\u00e9 tipo de armas llevan\u00bb.<\/strong>  Las fuentes consultadas afirman que este compromiso \u00abno se refiere a la carga sino al armamento de dotaci\u00f3n y responde al contexto de Guerra Fr\u00eda en que se firm\u00f3 el convenio: se trataba de evitar que la Uni\u00f3n Sovi\u00e9tica supiera qu\u00e9 buques de EE.UU. llevaban armas nucleares a bordo\u00bb. <\/p>\n<p>No obstante, \u00abla paradoja radica en que, desde el <strong>refer\u00e9ndum de la OTAN<\/strong> de 1986, est\u00e1 <strong>prohibido \u00abintroducir armas nucleares en territorio espa\u00f1ol\u00bb<\/strong>. De nuevo prima la confianza entre aliados: Espa\u00f1a no pregunta, pero Washington sabe que no lo puede hacer\u00bb, sentencian los expertos.<\/p>\n","protected":false},"excerpt":{"rendered":"PUBLICIDAD El Gobierno de Pedro S\u00e1nchez sigue tomando medidas para evitar el env\u00edo de armas a Israel. Si&hellip;\n","protected":false},"author":2,"featured_media":145856,"comment_status":"","ping_status":"","sticky":false,"template":"","format":"standard","meta":{"footnotes":""},"categories":[8],"tags":[4512,13241,17,18,10813,352,25,24,13,14,11,74,19,20,9,10,15,16,2959,23,12,21,22],"class_list":{"0":"post-145855","1":"post","2":"type-post","3":"status-publish","4":"format-standard","5":"has-post-thumbnail","7":"category-espana","8":"tag-armas","9":"tag-benjamin-netanyahu","10":"tag-breaking-news","11":"tag-breakingnews","12":"tag-conflicto-palestino-israeli","13":"tag-donald-trump","14":"tag-es","15":"tag-espana","16":"tag-featured-news","17":"tag-featurednews","18":"tag-headlines","19":"tag-israel","20":"tag-latest-news","21":"tag-latestnews","22":"tag-news","23":"tag-noticias","24":"tag-noticias-destacadas","25":"tag-noticiasdestacadas","26":"tag-pedro-sanchez","27":"tag-spain","28":"tag-titulares","29":"tag-ultimas-noticias","30":"tag-ultimasnoticias"},"share_on_mastodon":{"url":"","error":""},"_links":{"self":[{"href":"https:\/\/www.europesays.com\/es\/wp-json\/wp\/v2\/posts\/145855","targetHints":{"allow":["GET"]}}],"collection":[{"href":"https:\/\/www.europesays.com\/es\/wp-json\/wp\/v2\/posts"}],"about":[{"href":"https:\/\/www.europesays.com\/es\/wp-json\/wp\/v2\/types\/post"}],"author":[{"embeddable":true,"href":"https:\/\/www.europesays.com\/es\/wp-json\/wp\/v2\/users\/2"}],"replies":[{"embeddable":true,"href":"https:\/\/www.europesays.com\/es\/wp-json\/wp\/v2\/comments?post=145855"}],"version-history":[{"count":0,"href":"https:\/\/www.europesays.com\/es\/wp-json\/wp\/v2\/posts\/145855\/revisions"}],"wp:featuredmedia":[{"embeddable":true,"href":"https:\/\/www.europesays.com\/es\/wp-json\/wp\/v2\/media\/145856"}],"wp:attachment":[{"href":"https:\/\/www.europesays.com\/es\/wp-json\/wp\/v2\/media?parent=145855"}],"wp:term":[{"taxonomy":"category","embeddable":true,"href":"https:\/\/www.europesays.com\/es\/wp-json\/wp\/v2\/categories?post=145855"},{"taxonomy":"post_tag","embeddable":true,"href":"https:\/\/www.europesays.com\/es\/wp-json\/wp\/v2\/tags?post=145855"}],"curies":[{"name":"wp","href":"https:\/\/api.w.org\/{rel}","templated":true}]}}