{"id":145857,"date":"2025-09-29T06:50:17","date_gmt":"2025-09-29T06:50:17","guid":{"rendered":"https:\/\/www.europesays.com\/es\/145857\/"},"modified":"2025-09-29T06:50:17","modified_gmt":"2025-09-29T06:50:17","slug":"una-acrobata-espanola-de-27-anos-muere-durante-una-funcion-en-un-circo-aleman-tras-caer-de-un-trapecio-noticias-de-actualidad","status":"publish","type":"post","link":"https:\/\/www.europesays.com\/es\/145857\/","title":{"rendered":"Una acr\u00f3bata espa\u00f1ola de 27 a\u00f1os muere durante una funci\u00f3n en un circo alem\u00e1n tras caer de un trapecio | Noticias de actualidad"},"content":{"rendered":"<p class=\"\">Una acr\u00f3bata espa\u00f1ola de 27 a\u00f1os ha fallecido en un accidente durante una actuaci\u00f3n circense en la ciudad alemana de Bautzen, en el estado de Sajonia, en el este del pa\u00eds. La mujer cay\u00f3 desde una altura de unos cinco metros desde su trapecio y muri\u00f3 en el mismo lugar del accidente, seg\u00fan ha informado el portavoz de la polic\u00eda local, Stefan Heiduck, en declaraciones recogidas por Europa Press.<\/p>\n<p class=\"\">El accidente se produjo el s\u00e1bado por la tarde ante unas cien personas que presenciaban la funci\u00f3n en la carpa del Circo Paul Busch, entre ellas muchas familias con ni\u00f1os. \u201cEl equipo de intervenci\u00f3n en crisis se puso inmediatamente en marcha y atendi\u00f3 a los espectadores y al resto de empleados del circo\u201d, ha explicado Heiduck. Tras el accidente, muchas personas abandonaron la carpa del circo y se fueron a casa. <\/p>\n<p class=\"\">El portavoz de la polic\u00eda inst\u00f3 a los testigos a ponerse en contacto con la l\u00ednea de atenci\u00f3n telef\u00f3nica \u201cporque, sobre todo en el caso de los ni\u00f1os, es importante ayudarlos antes de que se genere un trauma\u201d. Seg\u00fan la polic\u00eda, el circo hab\u00eda dado su primera funci\u00f3n el viernes y ten\u00eda previstas otras para d\u00edas posteriores. <\/p>\n<p class=\"\">El presidente de la Asociaci\u00f3n Alemana de Circos, Ralf Huppertz, ha calificado el suceso de tr\u00e1gico accidente. \u201cEs una experiencia terrible, un shock, sobre todo para los visitantes y los ni\u00f1os\u201d, ha declarado Huppertz, quien no recuerda ning\u00fan accidente mortal de una acr\u00f3bata, aunque s\u00ed lesiones graves. La profesi\u00f3n de acr\u00f3bata conlleva ciertos riesgos y, en algunas actuaciones no es posible garantizar una seguridad al 100 por cien, ha argumentado Huppertz. \u201cLos acr\u00f3batas asumen riesgos que ellos mismos calculan y eval\u00faan. Pero tambi\u00e9n son conscientes de ello\u201d, agreg\u00f3.<\/p>\n<p class=\"\">Hasta ahora la polic\u00eda clasifica el accidente como accidente laboral. El alcalde de Bautzen, Karsten Vogt, traslad\u00f3 \u201cen nombre de la ciudad\u201d su p\u00e9same a familiares y allegados.<\/p>\n<p class=\"\">La acr\u00f3bata fallecida era originaria de Mallorca, seg\u00fan <a href=\"https:\/\/www.diariodemallorca.es\/sucesos\/sucesos-mallorca\/2025\/09\/28\/acrobata-mallorquina-muere-trapecio-circo-alemania-122058792.html\" target=\"_self\" rel=\"nofollow noopener\" title=\"https:\/\/www.diariodemallorca.es\/sucesos\/sucesos-mallorca\/2025\/09\/28\/acrobata-mallorquina-muere-trapecio-circo-alemania-122058792.html\">Diario de Mallorca<\/a>.<\/p>\n","protected":false},"excerpt":{"rendered":"Una acr\u00f3bata espa\u00f1ola de 27 a\u00f1os ha fallecido en un accidente durante una actuaci\u00f3n circense en la ciudad&hellip;\n","protected":false},"author":2,"featured_media":145858,"comment_status":"","ping_status":"","sticky":false,"template":"","format":"standard","meta":{"footnotes":""},"categories":[5],"tags":[5960,15691,17,18,27735,25,24,13,14,11,19,20,9,10,15,16,586,23,257,12,21,22],"class_list":{"0":"post-145857","1":"post","2":"type-post","3":"status-publish","4":"format-standard","5":"has-post-thumbnail","7":"category-titulares","8":"tag-accidentes","9":"tag-accidentes-laborales","10":"tag-breaking-news","11":"tag-breakingnews","12":"tag-circo","13":"tag-es","14":"tag-espana","15":"tag-featured-news","16":"tag-featurednews","17":"tag-headlines","18":"tag-latest-news","19":"tag-latestnews","20":"tag-news","21":"tag-noticias","22":"tag-noticias-destacadas","23":"tag-noticiasdestacadas","24":"tag-policia","25":"tag-spain","26":"tag-sucesos","27":"tag-titulares","28":"tag-ultimas-noticias","29":"tag-ultimasnoticias"},"share_on_mastodon":{"url":"","error":""},"_links":{"self":[{"href":"https:\/\/www.europesays.com\/es\/wp-json\/wp\/v2\/posts\/145857","targetHints":{"allow":["GET"]}}],"collection":[{"href":"https:\/\/www.europesays.com\/es\/wp-json\/wp\/v2\/posts"}],"about":[{"href":"https:\/\/www.europesays.com\/es\/wp-json\/wp\/v2\/types\/post"}],"author":[{"embeddable":true,"href":"https:\/\/www.europesays.com\/es\/wp-json\/wp\/v2\/users\/2"}],"replies":[{"embeddable":true,"href":"https:\/\/www.europesays.com\/es\/wp-json\/wp\/v2\/comments?post=145857"}],"version-history":[{"count":0,"href":"https:\/\/www.europesays.com\/es\/wp-json\/wp\/v2\/posts\/145857\/revisions"}],"wp:featuredmedia":[{"embeddable":true,"href":"https:\/\/www.europesays.com\/es\/wp-json\/wp\/v2\/media\/145858"}],"wp:attachment":[{"href":"https:\/\/www.europesays.com\/es\/wp-json\/wp\/v2\/media?parent=145857"}],"wp:term":[{"taxonomy":"category","embeddable":true,"href":"https:\/\/www.europesays.com\/es\/wp-json\/wp\/v2\/categories?post=145857"},{"taxonomy":"post_tag","embeddable":true,"href":"https:\/\/www.europesays.com\/es\/wp-json\/wp\/v2\/tags?post=145857"}],"curies":[{"name":"wp","href":"https:\/\/api.w.org\/{rel}","templated":true}]}}