{"id":145859,"date":"2025-09-29T06:51:24","date_gmt":"2025-09-29T06:51:24","guid":{"rendered":"https:\/\/www.europesays.com\/es\/145859\/"},"modified":"2025-09-29T06:51:24","modified_gmt":"2025-09-29T06:51:24","slug":"apretada-victoria-del-balonmano-ciudad-de-granada-femenino-en-el-derbi-33-31","status":"publish","type":"post","link":"https:\/\/www.europesays.com\/es\/145859\/","title":{"rendered":"Apretada victoria del Balonmano Ciudad de Granada femenino en el derbi, 33-31"},"content":{"rendered":"<p>        CRONICA | Las chicas dirigidas por Pablo Perea derrotaron a Universidad de Granada, en un encuentro donde siempre fueron por delante <\/p>\n<p>\n                     Redacci\u00f3n                     \u00a0|\u00a0  28 de septiembre de 2025<\/p>\n<p>                <a href=\"https:\/\/www.europesays.com\/es\/wp-content\/uploads\/2025\/09\/imagen62139_0_original.jpg\" id=\"single_image\" title=\"BM Ciudad de Granada Femenino (BM CIUDAD DE GRANADA)\"><br \/>\n                    <img decoding=\"async\" src=\"https:\/\/www.europesays.com\/es\/wp-content\/uploads\/2025\/09\/imagen62139_0_original.jpg\" title=\"BM Ciudad de Granada Femenino (BM CIUDAD DE GRANADA)\" alt=\"BM Ciudad de Granada Femenino (BM CIUDAD DE GRANADA)\"\/><br \/>\n                <\/a><\/p>\n<p>BM Ciudad de Granada Femenino (BM CIUDAD DE GRANADA)<\/p>\n<p>El\u00a0<strong>Balonmano Ciudad de Granada<\/strong>\u00a0femenino logr\u00f3 una ajustada\u00a0<strong>victoria<\/strong>\u00a0en un encuentro que nunca pudieron cerrar c\u00f3modamente a pesar de alcanzar amplias diferencias en el\u00a0<strong>marcador<\/strong>.&#13;<br \/>\n&#13;\n<\/p>\n<p>El\u00a0<strong>partido<\/strong>\u00a0empez\u00f3 con un favorable 11-6 al minuto 10 y 13-7 al minuto 20, pero se lleg\u00f3 al descanso con un apretado 17-16.&#13;<br \/>\n&#13;\n<\/p>\n<p>\u00a0El BM Ciudad de Granada not\u00f3 mucho la\u00a0<strong>ausencia<\/strong>\u00a0de\u00a0<strong>jugadoras<\/strong>\u00a0clave como Erika Beltr\u00e1n y Mar\u00eda Fuentes, adem\u00e1s de la\u00a0<strong>lesi\u00f3n<\/strong>\u00a0sufrida por Carmen Jim\u00e9nez al final de la primera mitad.<\/p>\n<p>\u00a0<\/p>\n<p>La corta\u00a0<strong>pretemporada<\/strong>\u00a0tambi\u00e9n pas\u00f3 factura, ya que el cuerpo t\u00e9cnico solo cont\u00f3 con la plantilla completa durante la \u00faltima semana antes del partido.<\/p>\n<p>En la segunda mitad, el marcador estuvo muy igualado a partir del minuto 40, aunque las locales siempre mantuvieron la\u00a0<strong>delantera<\/strong>.<\/p>\n<p>El pr\u00f3ximo encuentro ser\u00e1 en M\u00e1laga frente al\u00a0<strong>Balonmano Mijas<\/strong>, el pr\u00f3ximo domingo en horario matinal.<\/p>\n<p>Las jugadoras m\u00e1s destacadas en ataque fueron Adriana Jim\u00e9nez, con 7\u00a0<strong>goles<\/strong>, junto a Alejandra Hern\u00e1ndez, Eva Hern\u00e1ndez y Luc\u00eda Mart\u00ednez, todas con 5 tantos cada una.<\/p>\n<p>La\u00a0<strong>afici\u00f3n<\/strong>\u00a0respondi\u00f3 con una excelente entrada en el Complejo Deportivo de la Chana, que casi llen\u00f3 el recinto.<\/p>\n<p>\u00a0<\/p>\n<p>\u00a0<\/p>\n<p>                <a href=\"https:\/\/www.granadaenjuego.com\/Polideportivo\/bm-ciudad-de-granada-arranca-la-temporada-con-empate--29-29\" rel=\"nofollow noopener\" target=\"_blank\"><img decoding=\"async\" src=\"https:\/\/www.europesays.com\/es\/wp-content\/uploads\/2025\/09\/imagen62137_0_ppal.jpg\" title=\"Equipo masculino del BM Ciudad de Granada (BM CIUDAD DE GRANADA)\" alt=\"Equipo masculino del BM Ciudad de Granada (BM CIUDAD DE GRANADA)\"\/><\/a>                <\/p>\n<p>28\/09\/2025 | Redacci\u00f3n <\/p>\n<p>CR\u00d3NICA | El conjunto nazar\u00ed empez\u00f3 la liga con igualada ante Sano Antequera BM Torcal<\/p>\n<p>                <a href=\"https:\/\/www.granadaenjuego.com\/Polideportivo\/comienza-la-liga-para-los-equipos-senior-del-balonmano-ciudad-de-granada\" rel=\"nofollow noopener\" target=\"_blank\"><img decoding=\"async\" src=\"https:\/\/www.europesays.com\/es\/wp-content\/uploads\/2025\/09\/1759128684_431_imagen62122_0_ppal.jpg\" title=\"Empieza la temporada para el BM Ciudad de Granada (RICARDO LIRIA)\" alt=\"Empieza la temporada para el BM Ciudad de Granada (RICARDO LIRIA)\"\/><\/a>                <\/p>\n<p>27\/09\/2025 | Redacci\u00f3n <\/p>\n<p>El conjunto masculino militar\u00e1 en Segunda Nacional y el femenino en Primera Nacional <\/p>\n","protected":false},"excerpt":{"rendered":"CRONICA | Las chicas dirigidas por Pablo Perea derrotaron a Universidad de Granada, en un encuentro donde siempre&hellip;\n","protected":false},"author":2,"featured_media":145860,"comment_status":"","ping_status":"","sticky":false,"template":"","format":"standard","meta":{"footnotes":""},"categories":[278],"tags":[376,44385,168,25,24,375,23,167],"class_list":{"0":"post-145859","1":"post","2":"type-post","3":"status-publish","4":"format-standard","5":"has-post-thumbnail","7":"category-balonmano","8":"tag-balonmano","9":"tag-bm-ciudad-de-granada","10":"tag-deportes","11":"tag-es","12":"tag-espana","13":"tag-handball","14":"tag-spain","15":"tag-sports"},"share_on_mastodon":{"url":"","error":""},"_links":{"self":[{"href":"https:\/\/www.europesays.com\/es\/wp-json\/wp\/v2\/posts\/145859","targetHints":{"allow":["GET"]}}],"collection":[{"href":"https:\/\/www.europesays.com\/es\/wp-json\/wp\/v2\/posts"}],"about":[{"href":"https:\/\/www.europesays.com\/es\/wp-json\/wp\/v2\/types\/post"}],"author":[{"embeddable":true,"href":"https:\/\/www.europesays.com\/es\/wp-json\/wp\/v2\/users\/2"}],"replies":[{"embeddable":true,"href":"https:\/\/www.europesays.com\/es\/wp-json\/wp\/v2\/comments?post=145859"}],"version-history":[{"count":0,"href":"https:\/\/www.europesays.com\/es\/wp-json\/wp\/v2\/posts\/145859\/revisions"}],"wp:featuredmedia":[{"embeddable":true,"href":"https:\/\/www.europesays.com\/es\/wp-json\/wp\/v2\/media\/145860"}],"wp:attachment":[{"href":"https:\/\/www.europesays.com\/es\/wp-json\/wp\/v2\/media?parent=145859"}],"wp:term":[{"taxonomy":"category","embeddable":true,"href":"https:\/\/www.europesays.com\/es\/wp-json\/wp\/v2\/categories?post=145859"},{"taxonomy":"post_tag","embeddable":true,"href":"https:\/\/www.europesays.com\/es\/wp-json\/wp\/v2\/tags?post=145859"}],"curies":[{"name":"wp","href":"https:\/\/api.w.org\/{rel}","templated":true}]}}