{"id":145861,"date":"2025-09-29T06:52:22","date_gmt":"2025-09-29T06:52:22","guid":{"rendered":"https:\/\/www.europesays.com\/es\/145861\/"},"modified":"2025-09-29T06:52:22","modified_gmt":"2025-09-29T06:52:22","slug":"un-derroche-de-talento-la-gaceta-de-salamanca","status":"publish","type":"post","link":"https:\/\/www.europesays.com\/es\/145861\/","title":{"rendered":"Un derroche de talento | La Gaceta de Salamanca"},"content":{"rendered":"<p><img fetchpriority=\"high\" class=\"v-a-img\" src=\"https:\/\/www.europesays.com\/es\/wp-content\/uploads\/2025\/09\/toros-kMhB-U201119268168FhE-1200x840@Gaceta Salamanca.jpg\" loading=\"eager\" decoding=\"async\" alt=\"Natural de Daniel Luque a Olvidado, el quinto toro de Garcigrande al que le cort\u00f3 una oreja en La Maestranza.\"  width=\"1200\" height=\"840\"\/><\/p>\n<p>Natural de Daniel Luque a Olvidado, el quinto toro de Garcigrande al que le cort\u00f3 una oreja en La Maestranza.          ARJONA (PAG\u00c9S)        <\/p>\n<p>Luque cort\u00f3 una oreja en La Maestranza a un Garcigrande que encresp\u00f3 los \u00e1nimos y termin\u00f3 rendido al misterio de una poderosa y dulce muleta del torero de Gerena que se llev\u00f3 la tarde de calle y pudo ampliar su sabroso bot\u00edn si no se cruza un absurdo descabello en el segundo<\/p>\n<p><a class=\"v-mdl-ath__fig-a\" href=\"https:\/\/www.lagacetadesalamanca.es\/autor\/javier-lorenzo-5975.html\" title=\"Javier Lorenzo\" rel=\"nofollow noopener\" target=\"_blank\"><br \/>\n<img decoding=\"async\" class=\"v-mdl-ath__img\" src=\"https:\/\/s1.ppllstatics.com\/comun\/img\/2014\/autor\/autor-5975-foto-1.png\" alt=\"Javier Lorenzo\"\/><br \/>\n<\/a><\/p>\n<p class=\"v-mdl-ath__p v-mdl-ath__p--6\">\nS\u00e1bado, 27 de septiembre 2025, 21:51<\/p>\n<ul class=\"v-u\">\n<li class=\"v-u__l\">\n<p class=\"v-p\">\n27\/09\/25<br \/>\nLleno de \u00abno hay billetes\u00bb, en tarde entoldada y de agradable temperatura.\n<\/p>\n<\/li>\n<li class=\"v-u__l\">\n<p class=\"v-p\">\nGANADER\u00cdA<br \/>\n6 toros de Garcigrande, bien presentados y de buenas hechuras. Deslucido el flojo 1\u00ba; emotivo y profundo el 2\u00ba; vibrante y temperamental el 3\u00ba; noble el 4\u00ba; sin celo el noble 5\u00ba, y manejable el 6\u00ba.\n<\/p>\n<\/li>\n<li class=\"v-u__l\">\n<p class=\"v-p\">\nTOROS\n<\/p>\n<\/li>\n<li class=\"v-u__l\">\n<p class=\"v-p\">\nALEJANDRO TALAVANTE (Verde oliva y oro)<br \/>\nGran estocada (silencio); y estocada trasera y tendido (silencio).\n<\/p>\n<\/li>\n<li class=\"v-u__l\">\n<p class=\"v-p\">\nDANIEL LUQUE (azul marino y oro)<br \/>\nEstocada y dos descabellos (ovaci\u00f3n con saludos tras aviso); y estocada casi entera y tendida (oreja).\n<\/p>\n<\/li>\n<li class=\"v-u__l\">\n<p class=\"v-p\">\nBORJA JIM\u00c9NEZ (Tabaco y plata)<br \/>\nEstocada (vuelta al ruedo tras petici\u00f3n); estocada (ovaci\u00f3n de despedida).\n<\/p>\n<\/li>\n<\/ul>\n<p class=\"v-p\">Ni Talavante ni Borja Jim\u00e9nez tienen el misterio de Luque. Ni tampoco la capacidad de su prodigiosa muleta, ni ellos dos y casi ninguno del escalaf\u00f3n. Solo \u00e9l pudo sacarse de la chistera una faena como la que se invent\u00f3 con el quinto y solo \u00e9l es capaz de revertir una faena y sobre todo convencer a quien ya lo daba todo por perdido. Una sorpresa para todos. Incluso Olvidado, ese quinto de Garcigrande, que tampoco confiaba en s\u00ed mismo. Descastado y sin celo, de principio a fin, trat\u00f3 de d\u00e1rselo Luque a base de un pulso exquisito, un aplomo rotundo y un convencimiento llamativo. Cuando la gente ya hab\u00eda desconectado lo meti\u00f3 en la muleta pasado el ecuador de la faena. Luque le dio la vuelta a todo a base de fe. Fue la serie del misterio, en la que el toro embisti\u00f3 noble, al paso y al ralent\u00ed, humillado y entregado, entre las caricias de Luque, que se lo pas\u00f3 prieto, que lo tore\u00f3 con dulzura, que us\u00f3 la pa\u00f1osa con mimo y con la maravillosa suavidad imperceptible de unos vuelos que obraron el milagro. Porfi\u00f3 despu\u00e9s al natural con el tesoro encontrado para disfrutarlo porque solo \u00e9l confi\u00f3. Arranc\u00f3 la m\u00fasica e incluso la mand\u00f3 parar para exprimir aquel chupito que result\u00f3 una delicia. Lo termin\u00f3 paladeando y La Maestranza degustando.<\/p>\n<p class=\"v-p\">No fue el oasis de la vulgaridad de la tarde porque al bravo segundo lo cuaj\u00f3 de f\u00e1bula tambi\u00e9n. Aquello fue un tratado de ciencia, t\u00e9cnica y conocimiento de Luque para navegar con un Brioso que, por encima de todo, tuvo eso: br\u00edo y seria personalidad en su cambiante comportamiento con un pit\u00f3n derecho que lo ense\u00f1\u00f3 muy pronto (antes de coger la muleta) y lo mantuvo; y un izquierdo que pareci\u00f3 mucho en los remates pero que no se confirm\u00f3 cuando se meti\u00f3 en profundidad con \u00e9l. Todo tuvo m\u00e9rito y vibraci\u00f3n. Se atraves\u00f3 un descabello y aquello fue como un cortocircuito para una faena que mereci\u00f3 m\u00e1s que una ovaci\u00f3n.<\/p>\n<p class=\"v-p\">Para cortocircuito el de Borja Jim\u00e9nez con el tercero, un Arrocero geniudo y temperamental con el que empez\u00f3 de manera meritoria, comprometida y explosiva pero aquello tuvo efecto gaseosa porque el torero en vez de meter el toro en la muleta y reducirle la velocidad se contagi\u00f3 de esa rapidez del temperamento de la casta que le cost\u00f3 dominar. Aunque lo matara con determinaci\u00f3n. Con el sexto la tarde ya estaba vencida y rendida; y ya ten\u00eda un claro protagonista en una partida en la que Talavante no jug\u00f3, ni entr\u00f3 siquiera en escena en toda la tarde. En sus filas actu\u00f3 Javier Ambel, en el que pocos repararon que volv\u00eda al escenario en el que recibi\u00f3 una de las cornadas m\u00e1s graves de la temporada hace poco m\u00e1s de cuatro meses que le ha tenido parado hasta hace bien poco. Repiti\u00f3 el mismo vestido, un lirio y azabache, brill\u00f3 con la capa primero pero Borracho \u00f1, despu\u00e9s, no fue el toro m\u00e1s f\u00e1cil para despejar los fantasmas del miedo. Ese toro se aburri\u00f3 de Talavante, con Arrocero no pudo Borja, Brioso fue el toro de nota del encierro y la gran sorpresa fue ese Olvidado con el que Luque dej\u00f3 media docena de naturales de los que quedan para siempre.<\/p>\n<p>Comenta<\/p>\n<p>Reporta un error<\/p>\n","protected":false},"excerpt":{"rendered":"Natural de Daniel Luque a Olvidado, el quinto toro de Garcigrande al que le cort\u00f3 una oreja en&hellip;\n","protected":false},"author":2,"featured_media":145862,"comment_status":"","ping_status":"","sticky":false,"template":"","format":"standard","meta":{"footnotes":""},"categories":[277],"tags":[373,168,44885,25,24,23,167,16578,374],"class_list":{"0":"post-145861","1":"post","2":"type-post","3":"status-publish","4":"format-standard","5":"has-post-thumbnail","7":"category-toreo","8":"tag-bullfighting","9":"tag-deportes","10":"tag-derroche","11":"tag-es","12":"tag-espana","13":"tag-spain","14":"tag-sports","15":"tag-talento","16":"tag-toreo"},"share_on_mastodon":{"url":"","error":""},"_links":{"self":[{"href":"https:\/\/www.europesays.com\/es\/wp-json\/wp\/v2\/posts\/145861","targetHints":{"allow":["GET"]}}],"collection":[{"href":"https:\/\/www.europesays.com\/es\/wp-json\/wp\/v2\/posts"}],"about":[{"href":"https:\/\/www.europesays.com\/es\/wp-json\/wp\/v2\/types\/post"}],"author":[{"embeddable":true,"href":"https:\/\/www.europesays.com\/es\/wp-json\/wp\/v2\/users\/2"}],"replies":[{"embeddable":true,"href":"https:\/\/www.europesays.com\/es\/wp-json\/wp\/v2\/comments?post=145861"}],"version-history":[{"count":0,"href":"https:\/\/www.europesays.com\/es\/wp-json\/wp\/v2\/posts\/145861\/revisions"}],"wp:featuredmedia":[{"embeddable":true,"href":"https:\/\/www.europesays.com\/es\/wp-json\/wp\/v2\/media\/145862"}],"wp:attachment":[{"href":"https:\/\/www.europesays.com\/es\/wp-json\/wp\/v2\/media?parent=145861"}],"wp:term":[{"taxonomy":"category","embeddable":true,"href":"https:\/\/www.europesays.com\/es\/wp-json\/wp\/v2\/categories?post=145861"},{"taxonomy":"post_tag","embeddable":true,"href":"https:\/\/www.europesays.com\/es\/wp-json\/wp\/v2\/tags?post=145861"}],"curies":[{"name":"wp","href":"https:\/\/api.w.org\/{rel}","templated":true}]}}