{"id":145871,"date":"2025-09-29T06:57:10","date_gmt":"2025-09-29T06:57:10","guid":{"rendered":"https:\/\/www.europesays.com\/es\/145871\/"},"modified":"2025-09-29T06:57:10","modified_gmt":"2025-09-29T06:57:10","slug":"horarios-cuando-es-y-donde-ver-la-carrera-de-alonso-y-sainz-en-marina-bay","status":"publish","type":"post","link":"https:\/\/www.europesays.com\/es\/145871\/","title":{"rendered":"horarios, cu\u00e1ndo es y d\u00f3nde ver la carrera de Alonso y Sainz en Marina Bay"},"content":{"rendered":"<p data-mrf-recirculation=\"Links P\u00e1rrafos\" class=\"ue-c-article__paragraph paragraph ue-c-article--first-letter-highlighted\">La <strong>F\u00f3rmula 1<\/strong> est\u00e1 de regreso. Tras el <strong>Gran Premio de Azerbaiy\u00e1n<\/strong>, el &#8216;Gran Circo&#8217; aterriza en <strong>Singapur <\/strong>en el marco de la 18\u00ba jornada del calendario. Esta ser\u00e1 la \u00faltima cita antes de que cada uno de los equipos vuele hasta el otro lado del charco para una serie de cuatro carreras en <strong>Norte y Suram\u00e9rica. El Circuito callejero de Marina Bay<\/strong> ser\u00e1 el encargado, del<strong> 3 al 5 de octubre,<\/strong> de escribir un cap\u00edtulo m\u00e1s en la emocionante pelea por el t\u00edtulo.<\/p>\n<p data-mrf-recirculation=\"Links P\u00e1rrafos\" class=\"ue-c-article__paragraph paragraph\">Las dos \u00faltimas jornadas fueron dominadas por un insaciable <strong>Max Verstappen<\/strong>. El campe\u00f3n del mundo se qued\u00f3 con la pole y victoria en <strong>Italia y Azerbaiy\u00e1n<\/strong>, para as\u00ed amenazar a los <strong>McLaren <\/strong>con una posible remontada en las recta final de la temporada. Sin embargo, a pesar del reciente \u00e9xito del neerland\u00e9s, el trazado de <strong>Marina Bay<\/strong> favorece m\u00e1s a los &#8216;<strong>papaya<\/strong>&#8216;, gracias a las curvas de media y baja velocidad, por lo que <strong>Lando Norris y Oscar Piastri <\/strong>tendr\u00e1n una oportunidad de reivindicarse tras lo ocurrido en <strong>Bak\u00fa<\/strong>.\u00a0\u00a0<\/p>\n<p>Clasificaci\u00f3n de la F1 tras el GP de Azerbaiy\u00e1n<\/p>\n<p data-mrf-recirculation=\"Links P\u00e1rrafos\" class=\"ue-c-article__paragraph paragraph\">La tabla general no sufri\u00f3 cambios al final de la \u00faltima cita. Pese a el retiro del l\u00edder en la primera curva, su compa\u00f1ero de equipo solo pudo rebajarle <strong>6 puntos<\/strong> en la pelea por el t\u00edtulo, tras cruzar la l\u00ednea de meta en la 7\u00ba posici\u00f3n. <strong>&#8216;Mad Max<\/strong>&#8216; abri\u00f3 un poco m\u00e1s la brecha en la pelea por la tercera plaza con<strong> George Russell (2\u00ba),<\/strong> al mismo tiempo que se acerc\u00f3 a <strong>69 puntos<\/strong> de lo m\u00e1s alto de la clasificaci\u00f3n.<\/p>\n<p><img decoding=\"async\" width=\"1080\" height=\"1350\" class=\"ue-c-article__image lazyload\" alt=\"Mundial de pilotos tras el GP de Azerbaiy\u00e1n.\" loading=\"lazy\" src=\"https:\/\/www.europesays.com\/es\/wp-content\/uploads\/2025\/09\/68d907694ef75.jpeg\"\/><\/p>\n<p>Mundial de pilotos tras el GP de Azerbaiy\u00e1n.@F1<\/p>\n<p data-mrf-recirculation=\"Links P\u00e1rrafos\" class=\"ue-c-article__paragraph paragraph\"><strong>Kimi Antonelli (4\u00ba)<\/strong> volvi\u00f3 a recuperar el s\u00e9ptimo escal\u00f3n tras una s\u00f3lida actuaci\u00f3n en las calles de <strong>Bak\u00fa<\/strong>. El italiano super\u00f3 a un <strong>Alex Albon <\/strong>que no pudo llegar a los puntos tras su actuaci\u00f3n en la sesi\u00f3n de clasificaci\u00f3n. <strong>Liam Lawson (5\u00ba) y Yuki Tsunoda (6\u00ba)<\/strong> tambi\u00e9n sumaron puntos cruciales en el <strong>Mundial<\/strong>, despu\u00e9s de registrar el mejor resultado con sus respectivas escuder\u00edas.\u00a0<\/p>\n<p data-mrf-recirculation=\"Links P\u00e1rrafos\" class=\"ue-c-article__paragraph paragraph\">Para los pilotos espa\u00f1oles el \u00faltimo GP se vivi\u00f3 como un &#8216;cara o cruz&#8217;. Por un lado estuvo <strong>Fernando Alonso<\/strong>, quien sufri\u00f3, junto a su &#8216;<strong>AMR25<\/strong>&#8216;, tras cruzar la l\u00ednea de meta en la <strong>15\u00ba plaza. <\/strong>Mientras que <strong>Carlos Sainz<\/strong> protagoniz\u00f3 el \u00abmejor\u00bb podio de su carrera. El madrile\u00f1o escal\u00f3 hasta la <strong>3\u00ba posici\u00f3n<\/strong> para culminar una racha negativa en las citas dominicales.<\/p>\n<p>Horarios del Gran Premio de Singapur de F1 2025<\/p>\n<p data-mrf-recirculation=\"Links P\u00e1rrafos\" class=\"ue-c-article__paragraph paragraph\"><strong>Viernes 3 de octubre<\/strong><\/p>\n<ul class=\"ue-c-article__list ue-c-article__ ue-c-article__list--unordered\">\n<li>Entrenamientos Libres 1 (FP1): 11:30 &#8211; 12:30 horas<\/li>\n<li>Entrenamientos Libres 2 (FP2): 15:00 &#8211; 16:00 horas<\/li>\n<\/ul>\n<p data-mrf-recirculation=\"Links P\u00e1rrafos\" class=\"ue-c-article__paragraph paragraph\"><strong>S\u00e1bado 4 de octubre<\/strong><\/p>\n<ul class=\"ue-c-article__list ue-c-article__ ue-c-article__list--unordered\">\n<li>Entrenamientos Libres 3 (FP3): 11:30 &#8211; 12:30 horas<\/li>\n<li>Clasificaci\u00f3n: 15:00 horas<\/li>\n<\/ul>\n<p data-mrf-recirculation=\"Links P\u00e1rrafos\" class=\"ue-c-article__paragraph paragraph\"><strong>Domingo 5 de octubre<\/strong><\/p>\n<ul class=\"ue-c-article__list ue-c-article__ ue-c-article__list--unordered\">\n<li>Carrera: 14:00 horas (62 vueltas)<\/li>\n<\/ul>\n<p>\u00bfD\u00f3nde ver en TV y online el GP de Singapur de F1 2025?<\/p>\n<p data-mrf-recirculation=\"Links P\u00e1rrafos\" class=\"ue-c-article__paragraph paragraph\"><strong>El Gran Premio de Singapur de F\u00f3rmula 1 2025<\/strong> se podr\u00e1 ver en TV en la plataforma de <strong>DAZN F1 y en Movistar+<\/strong>. Tambi\u00e9n, tienes la opci\u00f3n de seguir todo lo que suceda en el fin de semana en <strong>Marina Bay<\/strong> en directo a trav\u00e9s de <strong>MARCA.com y Radio MARCA.<\/strong><\/p>\n","protected":false},"excerpt":{"rendered":"La F\u00f3rmula 1 est\u00e1 de regreso. Tras el Gran Premio de Azerbaiy\u00e1n, el &#8216;Gran Circo&#8217; aterriza en Singapur&hellip;\n","protected":false},"author":2,"featured_media":145872,"comment_status":"","ping_status":"","sticky":false,"template":"","format":"standard","meta":{"footnotes":""},"categories":[270],"tags":[168,25,24,306,271,272,23,167],"class_list":{"0":"post-145871","1":"post","2":"type-post","3":"status-publish","4":"format-standard","5":"has-post-thumbnail","7":"category-formula-1","8":"tag-deportes","9":"tag-es","10":"tag-espana","11":"tag-f1","12":"tag-formula-1","13":"tag-formula1","14":"tag-spain","15":"tag-sports"},"share_on_mastodon":{"url":"","error":""},"_links":{"self":[{"href":"https:\/\/www.europesays.com\/es\/wp-json\/wp\/v2\/posts\/145871","targetHints":{"allow":["GET"]}}],"collection":[{"href":"https:\/\/www.europesays.com\/es\/wp-json\/wp\/v2\/posts"}],"about":[{"href":"https:\/\/www.europesays.com\/es\/wp-json\/wp\/v2\/types\/post"}],"author":[{"embeddable":true,"href":"https:\/\/www.europesays.com\/es\/wp-json\/wp\/v2\/users\/2"}],"replies":[{"embeddable":true,"href":"https:\/\/www.europesays.com\/es\/wp-json\/wp\/v2\/comments?post=145871"}],"version-history":[{"count":0,"href":"https:\/\/www.europesays.com\/es\/wp-json\/wp\/v2\/posts\/145871\/revisions"}],"wp:featuredmedia":[{"embeddable":true,"href":"https:\/\/www.europesays.com\/es\/wp-json\/wp\/v2\/media\/145872"}],"wp:attachment":[{"href":"https:\/\/www.europesays.com\/es\/wp-json\/wp\/v2\/media?parent=145871"}],"wp:term":[{"taxonomy":"category","embeddable":true,"href":"https:\/\/www.europesays.com\/es\/wp-json\/wp\/v2\/categories?post=145871"},{"taxonomy":"post_tag","embeddable":true,"href":"https:\/\/www.europesays.com\/es\/wp-json\/wp\/v2\/tags?post=145871"}],"curies":[{"name":"wp","href":"https:\/\/api.w.org\/{rel}","templated":true}]}}