{"id":145903,"date":"2025-09-29T07:20:02","date_gmt":"2025-09-29T07:20:02","guid":{"rendered":"https:\/\/www.europesays.com\/es\/145903\/"},"modified":"2025-09-29T07:20:02","modified_gmt":"2025-09-29T07:20:02","slug":"la-llamativa-definicion-de-briatore-sobre-fernando-alonso-es-como-un-rottweiler","status":"publish","type":"post","link":"https:\/\/www.europesays.com\/es\/145903\/","title":{"rendered":"La llamativa definici\u00f3n de Briatore sobre Fernando Alonso: \u00abEs como un Rottweiler\u00bb"},"content":{"rendered":"<p class=\"L6-news-detail__text\">Antes de que la <b>F\u00f3rmula 1<\/b> vuelva a la acci\u00f3n en Singapur, <b>Flavio <\/b><b>Briatore<\/b> ha concedido una entrevista a &#8216;ESPN&#8217; en la que se ha desecho en elogios hacia <b>Fernando Alonso.<\/b><\/p>\n<p class=\"L6-news-detail__text\">El dirigente italiano ha destacado c\u00f3mo cambi\u00f3 la afici\u00f3n por la F1 en Espa\u00f1a a ra\u00edz de la irrupci\u00f3n del ovetense. <\/p>\n<p class=\"L6-news-detail__text\">\u00abFernando lo fue todo all\u00ed. En Espa\u00f1a, hasta entonces, no hab\u00eda habido un gran piloto de F\u00f3rmula 1. Cuando lo fichamos, no televisaban la F\u00f3rmula 1 all\u00ed, <b>s\u00f3lo se retransmit\u00edan las motos, \u00e9l lo cambi\u00f3 todo<\/b>\u00ab, ha explicado.<\/p>\n<p class=\"L6-news-detail__text\">Alonso fue la apuesta personal de un Briatore que lleg\u00f3 a no renovar a<b> Jenson <\/b><b>Button<\/b> para ascender al asturiano.<\/p>\n<p class=\"L6-news-detail__text\">\u00abTan pronto como lo pusimos all\u00ed, en Minardi, fue incre\u00edble. Despu\u00e9s de eso, ten\u00edamos un contrato con Jenson Button. No le renov\u00e9 el contrato a Jenson, puse a Fernando en el coche y <b>toda la prensa brit\u00e1nica se volvi\u00f3 loca.<\/b> Les dije que estuvieran tranquilos, que el tiempo dir\u00eda si he hecho bien o mal\u00bb, ha recordado.<\/p>\n<p class=\"L6-news-detail__text\">Y es que, a pesar de ya haber soplado las 44 velas, Briatore sigue viendo al mismo Fernando que conoci\u00f3 hace casi 25 a\u00f1os. <\/p>\n<p class=\"L6-news-detail__text\">\u00ab<b>Es como un Rottweiler<\/b>, est\u00e1 ah\u00ed todo el tiempo. Vas a un sitio y el Rottweiler <b>te muerde todo el rato<\/b>, \u00e9se es Fernando, as\u00ed es como quiere ganar\u00bb, ha zanjado. <\/p>\n<p class=\"L6-support-news-video__title\">Hist\u00f3rico<\/p>\n<p>            <a href=\"https:\/\/www.lasexta.com\/noticias\/deportes\/motor\/lagrimas-quien-toca-cielo-hundirse-infierno-asi-emociono-marquez-ser-campeon_2025092868d8d03e16355c411dabf84b.html\" class=\"L6-news__link\" rel=\"nofollow noopener\" target=\"_blank\"><br \/>\n                Las l\u00e1grimas de quien toca el cielo tras hundirse en el infierno: as\u00ed se emocion\u00f3 M\u00e1rquez tras ser campe\u00f3n<\/p>\n<p class=\"recirculation-video-desc\">El de Cervera no pudo contener el llanto despu\u00e9s de quedar segundo y conquistar su s\u00e9ptimo t\u00edtulo de MotoGP.<\/p>\n<p>            <\/a><\/p>\n","protected":false},"excerpt":{"rendered":"Antes de que la F\u00f3rmula 1 vuelva a la acci\u00f3n en Singapur, Flavio Briatore ha concedido una entrevista&hellip;\n","protected":false},"author":2,"featured_media":145904,"comment_status":"","ping_status":"","sticky":false,"template":"","format":"standard","meta":{"footnotes":""},"categories":[270],"tags":[168,25,24,306,271,272,23,167],"class_list":{"0":"post-145903","1":"post","2":"type-post","3":"status-publish","4":"format-standard","5":"has-post-thumbnail","7":"category-formula-1","8":"tag-deportes","9":"tag-es","10":"tag-espana","11":"tag-f1","12":"tag-formula-1","13":"tag-formula1","14":"tag-spain","15":"tag-sports"},"share_on_mastodon":{"url":"","error":""},"_links":{"self":[{"href":"https:\/\/www.europesays.com\/es\/wp-json\/wp\/v2\/posts\/145903","targetHints":{"allow":["GET"]}}],"collection":[{"href":"https:\/\/www.europesays.com\/es\/wp-json\/wp\/v2\/posts"}],"about":[{"href":"https:\/\/www.europesays.com\/es\/wp-json\/wp\/v2\/types\/post"}],"author":[{"embeddable":true,"href":"https:\/\/www.europesays.com\/es\/wp-json\/wp\/v2\/users\/2"}],"replies":[{"embeddable":true,"href":"https:\/\/www.europesays.com\/es\/wp-json\/wp\/v2\/comments?post=145903"}],"version-history":[{"count":0,"href":"https:\/\/www.europesays.com\/es\/wp-json\/wp\/v2\/posts\/145903\/revisions"}],"wp:featuredmedia":[{"embeddable":true,"href":"https:\/\/www.europesays.com\/es\/wp-json\/wp\/v2\/media\/145904"}],"wp:attachment":[{"href":"https:\/\/www.europesays.com\/es\/wp-json\/wp\/v2\/media?parent=145903"}],"wp:term":[{"taxonomy":"category","embeddable":true,"href":"https:\/\/www.europesays.com\/es\/wp-json\/wp\/v2\/categories?post=145903"},{"taxonomy":"post_tag","embeddable":true,"href":"https:\/\/www.europesays.com\/es\/wp-json\/wp\/v2\/tags?post=145903"}],"curies":[{"name":"wp","href":"https:\/\/api.w.org\/{rel}","templated":true}]}}