{"id":145905,"date":"2025-09-29T07:21:07","date_gmt":"2025-09-29T07:21:07","guid":{"rendered":"https:\/\/www.europesays.com\/es\/145905\/"},"modified":"2025-09-29T07:21:07","modified_gmt":"2025-09-29T07:21:07","slug":"el-ultimo-test-deja-entrever-varias-carencias","status":"publish","type":"post","link":"https:\/\/www.europesays.com\/es\/145905\/","title":{"rendered":"El \u00faltimo test deja entrever varias carencias"},"content":{"rendered":"<p>Piernas cargadas y poca claridad de ideas para desarrollar el plan previsto para el pr\u00f3ximo curso mostr\u00f3 el Covir\u00e1n en su \u00faltimo compromiso de pretemporada,  &#8230; justo una semana antes de que el Joventut Badalona de Ricky Rubio y Ante Tomic rinda visita al Palacio de los Deportes de Granada.<\/p>\n<p class=\"v-p\">Generaba mucho inter\u00e9s la puesta en escena de este novedoso equipo que apuesta por el frenes\u00ed ofensivo, mucho m\u00e1s tras su \u00faltimo triunfo ante todo un &#8216;coco&#8217; como el Dreamland Gran Canaria. Enfrente, un rival de estirpe similar al insular pero que llegaba a Granada con un importante rejonazo, tras no ser capaz de clasificarse el pasado mi\u00e9rcoles para la Basketball Champions League al perder la final de la fase previa, celebrada en Bulgaria. Un golpe an\u00edmico para un UCAMMurcia tambi\u00e9n fatigado y tocado por la grave lesi\u00f3n de Kaiser Gates, jugador crucial en el plan de la temporada de Sito Alonso, quien adem\u00e1s dej\u00f3 sin convocar por puro descanso a Dylan Ennis y Howard Sant-Roos, dos puntales exteriores del equipo universitario. Eso s\u00ed, debut\u00f3 Zach Hicks, fichado hace apenas 48 horas en reemplazo de Gates, y que demostr\u00f3 estar a\u00fan muy verde para lo que habr\u00e1 de aportar.<\/p>\n<p class=\"v-p\">Aun as\u00ed, el Covir\u00e1n estuvo lejos del UCAM, que ya mostr\u00f3 su superioridad sobre los de Ram\u00f3n D\u00edaz semanas atr\u00e1s, en el que entonces no era sino el primer compromiso de pretemporada de ambos. Esta vez seguramente influy\u00f3 el poco descanso rojinegro tras el duelo ante el &#8216;Granca&#8217;, pero lo cierto es que el p\u00fablico congregado en el Zaid\u00edn se qued\u00f3 un tanto fr\u00edo ante la primera versi\u00f3n ofrecida por los suyos, desde luego lejana al frenes\u00ed que pretende implantar D\u00edaz. <\/p>\n<p class=\"v-p\">El Covir\u00e1n se qued\u00f3 lejos del anhelado 40% en triples que obsesiona a su entrenador como llave del \u00e9xito que le acercar\u00e1 a las victorias en el curso que ya comienza. Se qued\u00f3 en un 30% (6 de 20), pero es que en casi ning\u00fan momento encontr\u00f3 el ritmo necesario para fluir como quiere D\u00edaz y encontrar tiros r\u00e1pidos en los primeros segundos de posesi\u00f3n con la defensa del UCAMa\u00fan sin formar. Para ello, result\u00f3 clave el enorme problema que tuvo el equipo local en el control del rebote en su propio aro: hasta 18 capturas ofensivas firm\u00f3 el equipo murciano. De resultas, los de D\u00edaz apenas pudieron correr en busca de ese man\u00e1 de los ataques r\u00e1pidos. Y en el est\u00e1tico tampoco tuvieron el d\u00eda: la defensa rival, merced sobre todo a un gran Radebaugh, &#8216;sec\u00f3&#8217; a Matt Thomas durante muchos minutos \u2013pese a todo, acab\u00f3 con 16 puntos, tal e su capacidad ofensiva\u2013, mientras ning\u00fan otro referente a priori anduvo fino:Speight y Kljajic se fueron en blanco y a Bozic o Burjanadze les falt\u00f3 &#8216;tacto&#8217; en posiciones cercanas. Con todo, quien m\u00e1s preocupa es Hankins, lejos del nivel que ha de dar a solo una semana del inicio oficial, cuando lleguen Ante Tomic y Simon Birgander. Necesita mejorar ya.<\/p>\n","protected":false},"excerpt":{"rendered":"Piernas cargadas y poca claridad de ideas para desarrollar el plan previsto para el pr\u00f3ximo curso mostr\u00f3 el&hellip;\n","protected":false},"author":2,"featured_media":145906,"comment_status":"","ping_status":"","sticky":false,"template":"","format":"standard","meta":{"footnotes":""},"categories":[269],"tags":[299,298,38876,51,168,44891,25,24,23,167,6313,3667,11304],"class_list":{"0":"post-145905","1":"post","2":"type-post","3":"status-publish","4":"format-standard","5":"has-post-thumbnail","7":"category-baloncesto","8":"tag-baloncesto","9":"tag-basketball","10":"tag-carencias","11":"tag-deja","12":"tag-deportes","13":"tag-entrever","14":"tag-es","15":"tag-espana","16":"tag-spain","17":"tag-sports","18":"tag-test","19":"tag-ultimo","20":"tag-varias"},"share_on_mastodon":{"url":"","error":""},"_links":{"self":[{"href":"https:\/\/www.europesays.com\/es\/wp-json\/wp\/v2\/posts\/145905","targetHints":{"allow":["GET"]}}],"collection":[{"href":"https:\/\/www.europesays.com\/es\/wp-json\/wp\/v2\/posts"}],"about":[{"href":"https:\/\/www.europesays.com\/es\/wp-json\/wp\/v2\/types\/post"}],"author":[{"embeddable":true,"href":"https:\/\/www.europesays.com\/es\/wp-json\/wp\/v2\/users\/2"}],"replies":[{"embeddable":true,"href":"https:\/\/www.europesays.com\/es\/wp-json\/wp\/v2\/comments?post=145905"}],"version-history":[{"count":0,"href":"https:\/\/www.europesays.com\/es\/wp-json\/wp\/v2\/posts\/145905\/revisions"}],"wp:featuredmedia":[{"embeddable":true,"href":"https:\/\/www.europesays.com\/es\/wp-json\/wp\/v2\/media\/145906"}],"wp:attachment":[{"href":"https:\/\/www.europesays.com\/es\/wp-json\/wp\/v2\/media?parent=145905"}],"wp:term":[{"taxonomy":"category","embeddable":true,"href":"https:\/\/www.europesays.com\/es\/wp-json\/wp\/v2\/categories?post=145905"},{"taxonomy":"post_tag","embeddable":true,"href":"https:\/\/www.europesays.com\/es\/wp-json\/wp\/v2\/tags?post=145905"}],"curies":[{"name":"wp","href":"https:\/\/api.w.org\/{rel}","templated":true}]}}