{"id":145910,"date":"2025-09-29T07:24:14","date_gmt":"2025-09-29T07:24:14","guid":{"rendered":"https:\/\/www.europesays.com\/es\/145910\/"},"modified":"2025-09-29T07:24:14","modified_gmt":"2025-09-29T07:24:14","slug":"exposicion-de-la-fotografa-viguesa-pilar-yarza-en-afundacion","status":"publish","type":"post","link":"https:\/\/www.europesays.com\/es\/145910\/","title":{"rendered":"Exposici\u00f3n de la fot\u00f3grafa viguesa Pilar Yarza en Afundaci\u00f3n"},"content":{"rendered":"<p class=\"h3\">Jose Lores<\/p>\n<p>                        Actualizado:<br \/>\n                        29\/09\/2025 05:00<\/p>\n<p>                    <a href=\"https:\/\/www.farodevigo.es\/fotos\/gran-vigo\/2025\/09\/29\/exposicion-fotografa-viguesa-pilar-yarza-122052147.html#foto=1\" class=\"button swiper-button-next\" id=\"swiperButtonNext\" rel=\"nofollow noopener\" target=\"_blank\">Ver galer\u00eda &gt;<\/a><\/p>\n<p class=\"h3\">\n                                            La fot\u00f3grafa viguesa Pilar Yarza, con m\u00e1s de tres d\u00e9cadas de experiencia en la imagen publicitaria y comercial, se estrena en la exhibici\u00f3n art\u00edstica. Las 15 obras de su primera serie, \u00abPiel de sal\u00bb, puede disfrutarse en Afundaci\u00f3n hasta el 11 de octubre.\n                                    <\/p>\n<p><a class=\"swiper-imagen\" href=\"https:\/\/www.farodevigo.es\/fotos\/gran-vigo\/2025\/09\/29\/exposicion-fotografa-viguesa-pilar-yarza-122052147.html#foto=2\" rel=\"nofollow noopener\" target=\"_blank\"><\/p>\n<p>                    <img loading=\"lazy\" decoding=\"async\" class=\"lazy-place\" src=\"data:image\/png;base64,iVBORw0KGgoAAAANSUhEUgAAAAEAAAABCAQAAAC1HAwCAAAAC0lEQVR42mNkYAAAAAYAAjCB0C8AAAAASUVORK5CYII=\" alt=\" \" height=\"1333\" width=\"2000\" style=\" max-height: calc(100vh - 58px); height: 0; padding-top: 67%; \"\/><\/p>\n<p><\/a><br \/>\n                    Pilar Yarza, en la sala de exposiciones II de la sede Afundaci\u00f3n, junto a sus obras<\/p>\n<p class=\"swiper-slide__author\">Jose Lores<\/p>\n<p class=\"swiper-slide__description\">\n                                                                        La fot\u00f3grafa viguesa Pilar Yarza, con m\u00e1s de tres d\u00e9cadas de experiencia en la imagen publicitaria y comercial, se estrena en la exhibici\u00f3n art\u00edstica. Las 15 obras de su primera serie, \u00abPiel de sal\u00bb, puede disfrutarse en Afundaci\u00f3n hasta el 11 de octubre.\n                                            <\/p>\n<p><a class=\"swiper-imagen\" href=\"https:\/\/www.farodevigo.es\/fotos\/gran-vigo\/2025\/09\/29\/exposicion-fotografa-viguesa-pilar-yarza-122052147.html#foto=3\" rel=\"nofollow noopener\" target=\"_blank\"><\/p>\n<p>                    <img loading=\"lazy\" decoding=\"async\" class=\"lazy-place\" src=\"data:image\/png;base64,iVBORw0KGgoAAAANSUhEUgAAAAEAAAABCAQAAAC1HAwCAAAAC0lEQVR42mNkYAAAAAYAAjCB0C8AAAAASUVORK5CYII=\" alt=\" \" height=\"1333\" width=\"2000\" style=\" max-height: calc(100vh - 58px); height: 0; padding-top: 67%; \"\/><\/p>\n<p><\/a><br \/>\n                    Obra que forma parte de su primera serie, \u00abPiel de sal\u00bb<\/p>\n<p class=\"swiper-slide__author\">Jose Lores<\/p>\n<p class=\"swiper-slide__description\">\n                                                                        La fot\u00f3grafa viguesa Pilar Yarza, con m\u00e1s de tres d\u00e9cadas de experiencia en la imagen publicitaria y comercial, se estrena en la exhibici\u00f3n art\u00edstica. Las 15 obras de su primera serie, \u00abPiel de sal\u00bb, puede disfrutarse en Afundaci\u00f3n hasta el 11 de octubre.\n                                            <\/p>\n<p><a class=\"swiper-imagen\" href=\"https:\/\/www.farodevigo.es\/fotos\/gran-vigo\/2025\/09\/29\/exposicion-fotografa-viguesa-pilar-yarza-122052147.html\" rel=\"nofollow noopener\" target=\"_blank\"><\/p>\n<p>                    <img loading=\"lazy\" decoding=\"async\" class=\"lazy-place\" src=\"data:image\/png;base64,iVBORw0KGgoAAAANSUhEUgAAAAEAAAABCAQAAAC1HAwCAAAAC0lEQVR42mNkYAAAAAYAAjCB0C8AAAAASUVORK5CYII=\" alt=\" \" height=\"1333\" width=\"2000\" style=\" max-height: calc(100vh - 58px); height: 0; padding-top: 67%; \"\/><\/p>\n<p><\/a><br \/>\n                    Obra que forma parte de su primera serie, \u00abPiel de sal\u00bb<\/p>\n<p class=\"swiper-slide__author\">Jose Lores<\/p>\n<p class=\"swiper-slide__description\">\n                                                                        La fot\u00f3grafa viguesa Pilar Yarza, con m\u00e1s de tres d\u00e9cadas de experiencia en la imagen publicitaria y comercial, se estrena en la exhibici\u00f3n art\u00edstica. Las 15 obras de su primera serie, \u00abPiel de sal\u00bb, puede disfrutarse en Afundaci\u00f3n hasta el 11 de octubre.\n                                            <\/p>\n","protected":false},"excerpt":{"rendered":"Jose Lores Actualizado: 29\/09\/2025 05:00 Ver galer\u00eda &gt; La fot\u00f3grafa viguesa Pilar Yarza, con m\u00e1s de tres d\u00e9cadas&hellip;\n","protected":false},"author":2,"featured_media":145911,"comment_status":"","ping_status":"","sticky":false,"template":"","format":"standard","meta":{"footnotes":""},"categories":[173],"tags":[44895,229,233,231,230,232,234,146,147,25,24,2003,44892,244,8669,23,44893,44894],"class_list":{"0":"post-145910","1":"post","2":"type-post","3":"status-publish","4":"format-standard","5":"has-post-thumbnail","7":"category-arte-y-diseno","8":"tag-afundacion","9":"tag-arte","10":"tag-arte-y-diseno","11":"tag-arts","12":"tag-arts-and-design","13":"tag-design","14":"tag-diseno","15":"tag-entertainment","16":"tag-entretenimiento","17":"tag-es","18":"tag-espana","19":"tag-exposicion","20":"tag-fotografa","21":"tag-fotografia","22":"tag-pilar","23":"tag-spain","24":"tag-viguesa","25":"tag-yarza"},"share_on_mastodon":{"url":"","error":""},"_links":{"self":[{"href":"https:\/\/www.europesays.com\/es\/wp-json\/wp\/v2\/posts\/145910","targetHints":{"allow":["GET"]}}],"collection":[{"href":"https:\/\/www.europesays.com\/es\/wp-json\/wp\/v2\/posts"}],"about":[{"href":"https:\/\/www.europesays.com\/es\/wp-json\/wp\/v2\/types\/post"}],"author":[{"embeddable":true,"href":"https:\/\/www.europesays.com\/es\/wp-json\/wp\/v2\/users\/2"}],"replies":[{"embeddable":true,"href":"https:\/\/www.europesays.com\/es\/wp-json\/wp\/v2\/comments?post=145910"}],"version-history":[{"count":0,"href":"https:\/\/www.europesays.com\/es\/wp-json\/wp\/v2\/posts\/145910\/revisions"}],"wp:featuredmedia":[{"embeddable":true,"href":"https:\/\/www.europesays.com\/es\/wp-json\/wp\/v2\/media\/145911"}],"wp:attachment":[{"href":"https:\/\/www.europesays.com\/es\/wp-json\/wp\/v2\/media?parent=145910"}],"wp:term":[{"taxonomy":"category","embeddable":true,"href":"https:\/\/www.europesays.com\/es\/wp-json\/wp\/v2\/categories?post=145910"},{"taxonomy":"post_tag","embeddable":true,"href":"https:\/\/www.europesays.com\/es\/wp-json\/wp\/v2\/tags?post=145910"}],"curies":[{"name":"wp","href":"https:\/\/api.w.org\/{rel}","templated":true}]}}