{"id":145912,"date":"2025-09-29T07:25:08","date_gmt":"2025-09-29T07:25:08","guid":{"rendered":"https:\/\/www.europesays.com\/es\/145912\/"},"modified":"2025-09-29T07:25:08","modified_gmt":"2025-09-29T07:25:08","slug":"de-atapuerca-a-gaudi-un-viaje-por-la-historia-de-nuestro-patrimonio-que-debemos-proteger-y-salvar","status":"publish","type":"post","link":"https:\/\/www.europesays.com\/es\/145912\/","title":{"rendered":"De Atapuerca a Gaud\u00ed: un viaje por la historia de nuestro patrimonio (que debemos proteger y salvar)"},"content":{"rendered":"<p><img decoding=\"async\" src=\"https:\/\/www.europesays.com\/es\/wp-content\/uploads\/2025\/09\/1759130708_853_default.jpg\" itemprop=\"image\" width=\"100%\" alt=\"\"\/><\/p>\n<p><b>Eduardo Manzano<\/b><\/p>\n<p><b>Editorial:<\/b> Cr\u00edtica<\/p>\n<p><b>A\u00f1o de publicaci\u00f3n original:<\/b> 2025<\/p>\n<p>Tenemos un problema: hay una cantidad ingente de patrimonio en nuestro pa\u00eds pero&#8230; \u00bfc\u00f3mo se gestiona y se explica? La narrativa del patrimonio nos habla de su historia, pero tambi\u00e9n de su conservaci\u00f3n.<\/p>\n<p><b>Eduardo Manzano<\/b> escribe precisamente sobre esto en Espa\u00f1a Monumental, porque vivimos en un pa\u00eds rico en <b>historia, monumentos y reliquias<\/b> que nos recuerdan las vivencias de nuestros antepasados. Recorre desde los edificios que componen su patrimonio, sin caer en esencias colectivas y atendiendo a las condiciones econ\u00f3micas, sociales y pol\u00edticas, hasta las iglesias, alcazabas, conjuntos megal\u00edticos, claustros y un largu\u00edsimo etc\u00e9tera, cuya conservaci\u00f3n depende no solo de arque\u00f3logos e historiadores, sino de toda la poblaci\u00f3n que los disfruta. Somos herederos de nuestra propia historia.<\/p>\n<p>Expolios hist\u00f3ricos y turistas listillos<\/p>\n<p>Durante la<b> Guerra de Independencia<\/b>, tanto ingleses como franceses nos arrebataban botines repletos de pinturas, esculturas y objetos hist\u00f3ricos. A lo largo de los a\u00f1os, la indiferencia tanto de la poblaci\u00f3n como del Estado permitieron m\u00e1s expolios de los viajeros y coleccionistas extranjeros.<\/p>\n<blockquote><p> A lo largo de los a\u00f1os, la indiferencia de la poblaci\u00f3n y del Estado permitieron los expolios <\/p><\/blockquote>\n<p>Los \u00abrobos\u00bb se comet\u00edan a plena luz del d\u00eda, sin reparo ni verg\u00fcenza, un tipo de vandalismo extendido en la historia a peque\u00f1a y gran escala. En 1875, Charles Davillier presenci\u00f3 en <b>la Alhambra <\/b>c\u00f3mo un turista ingl\u00e9s arranc\u00f3 un azulejo de uno de los muros con un cincel y un martillo. La escena fue dibujada por Gustave Dor\u00e9 y publicada en Voyage en Espagne.<\/p>\n<p>Muchas de esas obras fueron arrancadas o desmontadas y enviadas a Am\u00e9rica, como el patio del <b>palacio de V\u00e9lez Blanco<\/b>, actualmente en Nueva York, o las pinturas de <b>San Baudelio de Berlanga<\/b> en Soria, las cuales est\u00e1n repartidas por los museos del continente americano. Debemos darnos con un canto en los dientes por conocer el lugar donde se encuentran, ya que otras fueron expropiadas y actualmente contin\u00faan desaparecidas.<\/p>\n<p>Ricos en yacimientos<\/p>\n<p>Espa\u00f1a monumental se explaya durante buena parte de sus p\u00e1ginas en remarcar que vivimos en un pa\u00eds rico en <b>yacimientos hist\u00f3ricos<\/b>. Y nos lo demuestra siendo profuso en ejemplos. Tanto es as\u00ed, que s\u00f3lo con los monumentos que todav\u00eda conservamos y que se citan en este libro podr\u00edamos escribir uno de historia.<\/p>\n<p>Empezando por los descubrimientos prehist\u00f3ricos. En la <b>Sierra de la Demanda<\/b>, actual Burgos, viv\u00edan una especie de hom\u00ednidos que gracias a la arqueolog\u00eda hemos catalogado como Homo antecessor, los m\u00e1s antiguos descubiertos en Europa, de hace m\u00e1s de 800.000 a\u00f1os.<\/p>\n<blockquote><p> &#8216;Espa\u00f1a monumental&#8217; se explaya durante buena parte de sus p\u00e1ginas en remarcar que vivimos en un pa\u00eds rico en yacimientos hist\u00f3ricos <\/p><\/blockquote>\n<p>Lo m\u00e1s curioso es su forma de encontrarlos: a finales del siglo XIX iban a construir lo que iba a ser una l\u00ednea de ferrocarril, que termin\u00f3 siendo un fracaso. La trinchera que dejaron despu\u00e9s de las obras, d\u00e9cadas m\u00e1s tarde se convirti\u00f3 en lo que hoy es el <b><a title=\"Sitio Arqueol\u00f3gico de Atapuerca\" href=\"https:\/\/www.lasexta.com\/ahoraqueleo\/libros\/homo-antecessor-historia-yacimiento-atapuerca-que-modifico-toda-humanidad_202311196557586ff6ca72000124dd78.html\" target=\"_blank\" rel=\"nofollow noopener\">Sitio Arqueol\u00f3gico de Atapuerca<\/a><\/b>.<\/p>\n<p>Si avanzamos en el tiempo, llegamos hasta la \u00e9poca de la conquista romana, donde nos sonar\u00e1n algunas herencias como el Acueducto de Segovia, las Murallas de Lugo o el anfiteatro y teatro de M\u00e9rida. Siguiendo con la conquista de los musulmanes dejando Al-\u00c1ndalus y monumentos como la mezquita de C\u00f3rdoba. Y terminando con el siglo XIX, donde dejaron como herencia las<b><a title=\" obras de Gaud\u00ed\" href=\"https:\/\/www.lasexta.com\/ahoraqueleo\/virales\/jesus-bastante-sagrada-familia-gaudi-hizo-catedral-pobres-habria-preferido-mas-pobres-menos-turistas_202505286836faaf7b27927d3db400b5.html\" target=\"_blank\" rel=\"nofollow noopener\"> obras de Gaud\u00ed<\/a><\/b> en Barcelona.<\/p>\n<p>Las herencias de los antepasados<\/p>\n<p><b>Eduardo Manzano<\/b> ha condensado la historia de los monumentos espa\u00f1oles en un libro de 350 p\u00e1ginas. En \u00e9l descubrimos que nuestro pa\u00eds es todo un museo al aire libre. Su forma de combinar informaci\u00f3n hist\u00f3rica, curiosidades e ilustraciones hace que la lectura sea muy amena.<\/p>\n<blockquote><p> Este libro es una llamada de atenci\u00f3n para todos aquellos amantes de la cultura <\/p><\/blockquote>\n<p>Espa\u00f1a Monumental recorre todos los lugares de la pen\u00ednsula, incluyendo las islas, a trav\u00e9s de la mirada de los seres humanos a lo largo de la historia. Explica la construcci\u00f3n de catedrales, mezquitas, palacios y castillos que quedaron olvidados y abandonados, para despu\u00e9s ser reconstruidos y protegidos. Hasta que no termin\u00e9 de leer este libro no me di cuenta del peligro que corren todos estos elementos, tanto por la falta de protecci\u00f3n como por la cantidad de turistas que vamos a admirarlos.<\/p>\n<p>Este libro es una llamada de atenci\u00f3n para todos aquellos amantes de la cultura: debemos proteger y conservar nuestras reliquias ya que son uno de los activos m\u00e1s importantes que nos quedan para recordar nuestro pasado.<\/p>\n<p>Sigue el <b><a title=\"canal de Ahora Qu\u00e9 Leo en WhatsApp\" href=\"https:\/\/whatsapp.com\/channel\/0029VaRsQjkFsn0ZyeLlFd3n\" target=\"_blank\" rel=\"nofollow noopener\">canal de Ahora Qu\u00e9 Leo en WhatsApp<\/a><\/b> para estar al tanto de todas nuestras rese\u00f1as, reportajes y entrevistas.<\/p>\n","protected":false},"excerpt":{"rendered":"Eduardo Manzano Editorial: Cr\u00edtica A\u00f1o de publicaci\u00f3n original: 2025 Tenemos un problema: hay una cantidad ingente de patrimonio&hellip;\n","protected":false},"author":2,"featured_media":145913,"comment_status":"","ping_status":"","sticky":false,"template":"","format":"standard","meta":{"footnotes":""},"categories":[172],"tags":[224,146,147,25,24,225,23],"class_list":{"0":"post-145912","1":"post","2":"type-post","3":"status-publish","4":"format-standard","5":"has-post-thumbnail","7":"category-libros","8":"tag-books","9":"tag-entertainment","10":"tag-entretenimiento","11":"tag-es","12":"tag-espana","13":"tag-libros","14":"tag-spain"},"share_on_mastodon":{"url":"","error":""},"_links":{"self":[{"href":"https:\/\/www.europesays.com\/es\/wp-json\/wp\/v2\/posts\/145912","targetHints":{"allow":["GET"]}}],"collection":[{"href":"https:\/\/www.europesays.com\/es\/wp-json\/wp\/v2\/posts"}],"about":[{"href":"https:\/\/www.europesays.com\/es\/wp-json\/wp\/v2\/types\/post"}],"author":[{"embeddable":true,"href":"https:\/\/www.europesays.com\/es\/wp-json\/wp\/v2\/users\/2"}],"replies":[{"embeddable":true,"href":"https:\/\/www.europesays.com\/es\/wp-json\/wp\/v2\/comments?post=145912"}],"version-history":[{"count":0,"href":"https:\/\/www.europesays.com\/es\/wp-json\/wp\/v2\/posts\/145912\/revisions"}],"wp:featuredmedia":[{"embeddable":true,"href":"https:\/\/www.europesays.com\/es\/wp-json\/wp\/v2\/media\/145913"}],"wp:attachment":[{"href":"https:\/\/www.europesays.com\/es\/wp-json\/wp\/v2\/media?parent=145912"}],"wp:term":[{"taxonomy":"category","embeddable":true,"href":"https:\/\/www.europesays.com\/es\/wp-json\/wp\/v2\/categories?post=145912"},{"taxonomy":"post_tag","embeddable":true,"href":"https:\/\/www.europesays.com\/es\/wp-json\/wp\/v2\/tags?post=145912"}],"curies":[{"name":"wp","href":"https:\/\/api.w.org\/{rel}","templated":true}]}}