{"id":145914,"date":"2025-09-29T07:26:14","date_gmt":"2025-09-29T07:26:14","guid":{"rendered":"https:\/\/www.europesays.com\/es\/145914\/"},"modified":"2025-09-29T07:26:14","modified_gmt":"2025-09-29T07:26:14","slug":"me-dijeron-que-les-pusiera-un-precio","status":"publish","type":"post","link":"https:\/\/www.europesays.com\/es\/145914\/","title":{"rendered":"Me dijeron que les pusiera un precio"},"content":{"rendered":"<p class=\"c-paragraph\">En No somos nadie\u00a0Carlota Corredera, presentadora del formato los viernes, ha desvelado que, antes de escribir sus memorias, <b>a Mar Flores le ofrecieron\u00a0un cheque en blanco\u00a0para hablar de su exmarido en \u00a1De viernes!<\/b> Tras comentar este hecho, la conductora del formato de Ten ha querido saber si <b>Marta Riesco ha recibido alguna vez una propuesta<\/b> de este tipo.\u00a0<\/p>\n<p class=\"c-paragraph\"><b>\u00ab\u00bfHan\u00a0llegado a ofrecerte\u00a0cheques\u00a0en blanco<\/b> tambi\u00e9n por sentarte a hablar en la cadena de enfrente?\u00bb, ha planteado Corredera. Marta Riesco ha confesado que no considera que lo que vivi\u00f3 fuese la oferta de un cheque en blanco, pero s\u00ed que recibi\u00f3 <b>varias\u00a0ofertas muy jugosas para ir a\u00a0<\/b><b>Supervivientes<\/b>\u00a0en\u00a0dos ediciones.\u00a0<\/p>\n<p class=\"c-paragraph\">La reportera ha confesado que la llevaron a un gran despacho con Xelo Montesinos de Unicorn Content, la productora para la que trabajaba entonces.<b> \u00abMe dijeron que les\u00a0pusiera\u00a0un precio\u00bb,<\/b> ha contado Riesco en No somos nadie, a\u00f1adiendo que <b>esa propuesta vino tras tres negativas previas.<\/b> Pero no puso ninguna cifra sobre la mesa porque, una vez m\u00e1s, ella <b>se neg\u00f3 a ir al concurso.\u00a0<\/b><\/p>\n<p class=\"c-paragraph\">La oferta se produjo en un momento en el que <b>Riesco se encontraba en el foco medi\u00e1tico por su relaci\u00f3n con Antonio David Flores<\/b> y, seg\u00fan ha desvelado ella, en la negociaci\u00f3n le aseguraban que era una gran oportunidad.\u00a0<\/p>\n<p class=\"c-paragraph\">\u00abYo\u00a0dije que yo <b>quer\u00eda seguir trabajando en\u00a0El programa de Ana Rosa<\/b>. Y <b>me arrepiento\u00bb<\/b>, ha confesado la reportera del programa de Mar\u00eda Pati\u00f1o. \u00abCuando pasan los a\u00f1os y te das cuenta del peaje que has pagado en muchos sentidos, piensas: <b>me ten\u00eda que haber cogido ese avi\u00f3n<\/b>, haberme ido a Honduras y hasta luego, Mari Carmen\u00bb, ha a\u00f1adido.\u00a0<\/p>\n<p class=\"c-paragraph\">Seg\u00fan la colaboradora, <b>llegaron a hablar de negociar por \u00ab20.000 o 30.000 euros a la semana\u00bb<\/b> que estuviese en Honduras. Todos, incluida Xelo Montesinos, <b>pensaban que deb\u00eda aceptar la propuesta<\/b>. Antonio David Flores, a diferencia del resto, le recomendaba que no concursase.\u00a0<\/p>\n<p class=\"c-paragraph\">Desde Mediaset <b>le hicieron la oferta a Marta Riesco<\/b> <b>en dos ocasiones:<\/b>\u00a0el a\u00f1o que entr\u00f3 Olga Moreno, cuando todav\u00eda no se conoc\u00eda que era pareja de Antonio David, y el a\u00f1o siguiente, cuando su relaci\u00f3n con el exguardiacivil ya era p\u00fablica.\u00a0<\/p>\n","protected":false},"excerpt":{"rendered":"En No somos nadie\u00a0Carlota Corredera, presentadora del formato los viernes, ha desvelado que, antes de escribir sus memorias,&hellip;\n","protected":false},"author":2,"featured_media":145915,"comment_status":"","ping_status":"","sticky":false,"template":"","format":"standard","meta":{"footnotes":""},"categories":[171],"tags":[146,147,25,24,44896,14494,955,6046,2074,23,214],"class_list":{"0":"post-145914","1":"post","2":"type-post","3":"status-publish","4":"format-standard","5":"has-post-thumbnail","7":"category-tv","8":"tag-entertainment","9":"tag-entretenimiento","10":"tag-es","11":"tag-espana","12":"tag-jugosa","13":"tag-marta","14":"tag-mediaset","15":"tag-oferta","16":"tag-que","17":"tag-spain","18":"tag-tv"},"share_on_mastodon":{"url":"","error":""},"_links":{"self":[{"href":"https:\/\/www.europesays.com\/es\/wp-json\/wp\/v2\/posts\/145914","targetHints":{"allow":["GET"]}}],"collection":[{"href":"https:\/\/www.europesays.com\/es\/wp-json\/wp\/v2\/posts"}],"about":[{"href":"https:\/\/www.europesays.com\/es\/wp-json\/wp\/v2\/types\/post"}],"author":[{"embeddable":true,"href":"https:\/\/www.europesays.com\/es\/wp-json\/wp\/v2\/users\/2"}],"replies":[{"embeddable":true,"href":"https:\/\/www.europesays.com\/es\/wp-json\/wp\/v2\/comments?post=145914"}],"version-history":[{"count":0,"href":"https:\/\/www.europesays.com\/es\/wp-json\/wp\/v2\/posts\/145914\/revisions"}],"wp:featuredmedia":[{"embeddable":true,"href":"https:\/\/www.europesays.com\/es\/wp-json\/wp\/v2\/media\/145915"}],"wp:attachment":[{"href":"https:\/\/www.europesays.com\/es\/wp-json\/wp\/v2\/media?parent=145914"}],"wp:term":[{"taxonomy":"category","embeddable":true,"href":"https:\/\/www.europesays.com\/es\/wp-json\/wp\/v2\/categories?post=145914"},{"taxonomy":"post_tag","embeddable":true,"href":"https:\/\/www.europesays.com\/es\/wp-json\/wp\/v2\/tags?post=145914"}],"curies":[{"name":"wp","href":"https:\/\/api.w.org\/{rel}","templated":true}]}}