{"id":145920,"date":"2025-09-29T07:30:11","date_gmt":"2025-09-29T07:30:11","guid":{"rendered":"https:\/\/www.europesays.com\/es\/145920\/"},"modified":"2025-09-29T07:30:11","modified_gmt":"2025-09-29T07:30:11","slug":"el-proyecto-que-ayuda-a-las-personas-con-alzheimer-a-ganar-calidad-de-vida","status":"publish","type":"post","link":"https:\/\/www.europesays.com\/es\/145920\/","title":{"rendered":"el proyecto que ayuda a las personas con alzh\u00e9imer a ganar calidad de vida"},"content":{"rendered":"<p>Bailar es bueno para la salud. Y esto no tiene que ver solo con una mejora del estado de \u00e1nimo general o como herramienta para hacer un poco de cardio, tambi\u00e9n es una alternativa para mejorar el bienestar de personas con enfermedades neurol\u00f3gicas como la demencia o el alzh\u00e9imer.<\/p>\n<p>As\u00ed lo demuestra el proyecto Dit-Dit, organizado por la <a href=\"https:\/\/www.acebarcelona.org\/es\/\" target=\"_blank\" rel=\"nofollow noopener\">Fundaci\u00f3 Ace Alzheimer Center de Barcelona <\/a>y la Fundaci\u00f3n Castell de Peralada, que ha puesto la danza a disposici\u00f3n de los pacientes con demencia o alzh\u00e9imer del centro de d\u00eda de Ace para que tengan un espacio en el que expresarse.<\/p>\n<p>El proyecto arranc\u00f3 en 2023 y hasta ahora se han celebrado tres ediciones, finalizando la \u00faltima el pasado junio. En todas ellas, los profesionales que trabajan con los pacientes han notado avances tangibles como la mejora del equilibrio, pero especialmente en el bienestar emocional de estas personas que, en muchas ocasiones, sienten el peso psicol\u00f3gico de la enfermedad.<\/p>\n<p>Am\u00e8rica Morera, responsable de la Unidad de Atenci\u00f3n Diurna de Ace, cuenta que el proyecto lo arranc\u00f3 la doctora Boada, neur\u00f3loga y cofundadora y directora m\u00e9dica de Ace Alzheimer Center, pens\u00f3 que aplicar esta actividad de baile terap\u00e9utico que ya se hab\u00eda hecho con ni\u00f1os, pod\u00eda ser positivo para los pacientes con demencia.<\/p>\n<p>\u201cHicimos primero un peque\u00f1o proyecto piloto y este a\u00f1o ya ha sido la tercera edici\u00f3n. B\u00e1sicamente la actividad se hace con bailarines y core\u00f3grafos y no se trata de aprender una coreograf\u00eda, sino de expresi\u00f3n corporal. Los usuarios entran en la sala donde se realiza la actividad, los bailarines ponen siempre una canci\u00f3n de bienvenida para conectar y ellos comienzan a hacer esta conexi\u00f3n dedo-dedo, mano-mano, codo-codo&#8230;\u201d, explica Morera.<\/p>\n<p>La pedagoga cuenta que no todos los pacientes reaccionan igual al taller: \u201cHay quien lo hace enseguida y quien aparece al rato. Entre todos se va creando ese v\u00ednculo, la finalidad es no forzar en ning\u00fan movimiento, sino que fluya en el ambiente\u201d. Morera explica que este a\u00f1o se programaron 42 sesiones, distribuidas entre enero y junio dos veces por semana, y destaca que el \u00fanico requisito para participar es ser paciente de la unidad de d\u00eda y tener ganas de formar parte del proyecto.<\/p>\n<p>\u00abEl criterio de inclusi\u00f3n es el mismo que hay en el centro, es que tengan deterioro cognitivo o demencia y que les guste bailar y que quieran hacerlo\u00bb<\/p>\n<p>Am\u00e8rica Morera, responsable de la Unidad de Atenci\u00f3n Diurna de Ace<\/p>\n<p>\u201cLa premisa es que no tengan ninguna incapacidad para poder estar de pie, pero hay personas con el equilibrio bastante mal que han participado. El criterio de inclusi\u00f3n es el mismo que hay en el centro, es que tengan deterioro cognitivo o demencia y que les guste bailar y que quieran hacerlo\u201d, cuenta Morera, que explica que normalmente se hace una sesi\u00f3n de prueba y pueden incorporarse o dejar el proyecto siempre que quieran.<\/p>\n<p>En esta \u00faltima edici\u00f3n, la pedagoga cuenta que han notado c\u00f3mo entre pacientes se animaban y aconsejaban unos a otros la actividad. \u201cNo hab\u00eda pasado antes. Esto es fant\u00e1stico, quiere decir que te gusta tanto como para recomendarlo\u201d, celebra Morera.<\/p>\n<p>Mejora del equilibrio y del bienestar<\/p>\n<p>El doctor Yahveth Cantero, Investigador Asociado de Ace, trabaja para abordar la parte cient\u00edfica del proyecto y c\u00f3mo puede mejorar el d\u00eda a d\u00eda de los pacientes. \u201cEn general hemos incluido pacientes con todo tipo de demencias, porque es un amplio espectro y puede ser demencia frontotemporal, alzh\u00e9imer, demencia vascular&#8230; Lo que quisimos hacer fue ser inclusivos en ese sentido para que la terapia fuera para todos y se pudieran beneficiar\u201d, comenta el m\u00e9dico.<\/p>\n<p>\u201cPrincipalmente, la actividad contribuye a mejorar la calidad de vida y mejorar el equilibrio, y esto directamente implica una mejora en la funcionalidad de los pacientes\u00bb<\/p>\n<p>Yahveth Cantero, Investigador Asociado de Ace<\/p>\n<p>\u201cPrincipalmente, la actividad contribuye a mejorar la calidad de vida y mejorar el equilibrio, y esto directamente implica una mejora en la funcionalidad de los pacientes. Parece poco pero no lo es, porque sabemos hoy en d\u00eda que ralentizar la enfermedad&#8230;\u201d, explica Cantero.<\/p>\n<p>Esa funcionalidad de la que habla Cantero se mide con el test de Berg, que analiza el equilibrio, y en el que se ha visto una mejor\u00eda entre las personas que participan en el proyecto. \u201cComo adultos mayores, simplemente por eso ya tienes un riesgo de ca\u00eddas incrementado. Si adem\u00e1s le sumas que tienes demencia, este riesgo se incrementa mucho m\u00e1s y la dependencia es mucho mayor. Entonces obviamente al mejorar esto pues est\u00e1 mejorando tambi\u00e9n la independencia de las personas, esto es bueno\u201d, valora el m\u00e9dico.<\/p>\n<p>Morera destaca que \u201clas escalas de evaluaci\u00f3n que utilizamos son las mismas que se utilizan por ejemplo para los f\u00e1rmacos o para un ensayo cl\u00ednico\u201d y que est\u00e1n midiendo aspectos como la memoria o el lenguaje ademas de la funcionalidad. \u201cLo que s\u00ed es emp\u00edrico en este caso es la escala de equilibrio, que es donde estamos viendo la mejora porque lo estamos entrenando. Desafortunadamente los deterioros cognitivos no los podemos frenar, ojal\u00e1 el baile les frenara esto, pero podemos hacer que tengan m\u00e1s equilibrio, bienestar y calidad de vida\u201d, relata Morera.<\/p>\n<p>Un espacio en el que sentirse personas y no solo pacientes<\/p>\n<p>\u00abUna parte que no se puede medir con nada es la impresi\u00f3n cl\u00ednica del cambio, si nosotros y las familias vemos mejor a estas personas. Yo que estoy en las sesiones y participo, porque no hay observadores, lo que he visto es que a nivel emocional, surgen emociones preciosas y que te remueven\u00bb, cuenta Morera sobre el bienestar emocional de los pacientes que han acudido a estos talleres.\u00a0<\/p>\n<p>\u00abA nivel emocional, surgen emociones preciosas y que te remueven\u00bb<\/p>\n<p>Am\u00e8rica Morera, responsable de la Unidad de Atenci\u00f3n Diurna de Ace<\/p>\n<p>La pedagoga explica que lo m\u00e1s bonito es \u00abla conexi\u00f3n y el v\u00ednculo entre ellos\u00bb. \u00abLa idea de esta herramienta es mejorar la calidad de vida y que los pacientes se lo pasen bien, que disfruten, que tengan ese momento agradable y divertido durante las sesiones y que en cierta forma esto tambi\u00e9n mejore su experiencia en cuanto al tratamiento, pero de una forma m\u00e1s humana. Muchas veces se pierde eso, se pierde la humanidad\u00bb, lamenta\u00a0Yahveth Cantero.\u00a0<\/p>\n<p>\u00abLa enfermedad tiende a despersonalizar y este tipo de terapias les ponen en contacto con m\u00e1s gente y al final les hace recordar quienes son, que pueden disfrutar, que pueden tener momentos de gozo, que tienen dignidad\u00bb<\/p>\n<p>Yahveth Cantero, Investigador Asociado de Ace<\/p>\n<p>\u00abEs sumamente importante que tengan espacios como este. La enfermedad tiende a despersonalizar y este tipo de terapias les ponen en contacto con m\u00e1s gente y al final les hace recordar quienes son, que pueden disfrutar, que pueden tener momentos de gozo, que tienen dignidad, as\u00ed que es sumamente importante\u00bb, valora el doctor, que pide mantener el trato personal en la medicina. \u00abLo m\u00e1s importante es que siempre desde un sentido humano puede mejorarse todo en la medicina. El deterioro es irreversible y no se cambia, entonces que al menos estas personas puedan mejorar su calidad de vida\u00bb, comenta Cantero.\u00a0<\/p>\n<p>Am\u00e8rica Morera insiste en que lo m\u00e1s importante para todos los que organizan este proyecto es que es \u00abimportante que se sientan personas\u00bb. \u00abQue se sientan en un lugar amable, donde no soy juzgado, donde me puedo expresar. Cuando acaban las sesiones cada uno dice una palabra o una frase sobre c\u00f3mo se siente y c\u00f3mo ha ido la sesi\u00f3n, y es incre\u00edble porque las frases que se repiten son conexi\u00f3n, hogar, felicidad o familia&#8230;\u00bb, comenta la pedagoga. En definitiva, palabras bonitas.<\/p>\n","protected":false},"excerpt":{"rendered":"Bailar es bueno para la salud. Y esto no tiene que ver solo con una mejora del estado&hellip;\n","protected":false},"author":2,"featured_media":145921,"comment_status":"","ping_status":"","sticky":false,"template":"","format":"standard","meta":{"footnotes":""},"categories":[92],"tags":[3350,13776,25,24,165,166,23],"class_list":{"0":"post-145920","1":"post","2":"type-post","3":"status-publish","4":"format-standard","5":"has-post-thumbnail","7":"category-salud","8":"tag-alzheimer","9":"tag-danza","10":"tag-es","11":"tag-espana","12":"tag-health","13":"tag-salud","14":"tag-spain"},"share_on_mastodon":{"url":"","error":""},"_links":{"self":[{"href":"https:\/\/www.europesays.com\/es\/wp-json\/wp\/v2\/posts\/145920","targetHints":{"allow":["GET"]}}],"collection":[{"href":"https:\/\/www.europesays.com\/es\/wp-json\/wp\/v2\/posts"}],"about":[{"href":"https:\/\/www.europesays.com\/es\/wp-json\/wp\/v2\/types\/post"}],"author":[{"embeddable":true,"href":"https:\/\/www.europesays.com\/es\/wp-json\/wp\/v2\/users\/2"}],"replies":[{"embeddable":true,"href":"https:\/\/www.europesays.com\/es\/wp-json\/wp\/v2\/comments?post=145920"}],"version-history":[{"count":0,"href":"https:\/\/www.europesays.com\/es\/wp-json\/wp\/v2\/posts\/145920\/revisions"}],"wp:featuredmedia":[{"embeddable":true,"href":"https:\/\/www.europesays.com\/es\/wp-json\/wp\/v2\/media\/145921"}],"wp:attachment":[{"href":"https:\/\/www.europesays.com\/es\/wp-json\/wp\/v2\/media?parent=145920"}],"wp:term":[{"taxonomy":"category","embeddable":true,"href":"https:\/\/www.europesays.com\/es\/wp-json\/wp\/v2\/categories?post=145920"},{"taxonomy":"post_tag","embeddable":true,"href":"https:\/\/www.europesays.com\/es\/wp-json\/wp\/v2\/tags?post=145920"}],"curies":[{"name":"wp","href":"https:\/\/api.w.org\/{rel}","templated":true}]}}