{"id":145932,"date":"2025-09-29T07:36:08","date_gmt":"2025-09-29T07:36:08","guid":{"rendered":"https:\/\/www.europesays.com\/es\/145932\/"},"modified":"2025-09-29T07:36:08","modified_gmt":"2025-09-29T07:36:08","slug":"el-conectabalear-domina-a-portugal-y-alza-el-vii-trofeu-ciutat-de-manacor","status":"publish","type":"post","link":"https:\/\/www.europesays.com\/es\/145932\/","title":{"rendered":"El ConectaBalear domina a Portugal y alza el VII Trofeu Ciutat de Manacor"},"content":{"rendered":"<p>                            <a id=\"CPContenido_hypImg\" rel=\"prettyPhoto[gallery-1] nofollow noopener\" href=\"http:\/\/www.rfevb.com\/Files\/Noticias\/manacor-imgEs20250929090936.jpg\" target=\"_blank\"><img decoding=\"async\" id=\"CPContenido_imgNoticia\" title=\"El ConectaBalear domina a Portugal y alza el VII Trofeu Ciutat de Manacor\" src=\"https:\/\/www.europesays.com\/es\/wp-content\/uploads\/2025\/09\/hanImgNot.ashx\"\/><\/a><br \/>\n                            <a id=\"CPContenido_hypDescargaImagen\" title=\"Descargar Imagen\" href=\"http:\/\/www.rfevb.com\/hanImgNot.ashx?src=manacor-imgEs20250929090936.jpg&amp;fol=N&amp;post=1&amp;npost=1\" target=\"_blank\" rel=\"nofollow noopener\">&#13;<br \/>\n                                &#13;<br \/>\n                                    &#13;<br \/>\n                                &#13;<br \/>\n                            <\/a><\/p>\n<p class=\"wp-caption-text\">&#13;<br \/>\n                                VII Trofeu Ciutat de Manacor&#13;\n                            <\/p>\n<p style=\"box-sizing: border-box; margin-block: 0px 0.9rem; color: rgb(0, 0, 0); font-family: -apple-system, BlinkMacSystemFont, &quot;Segoe UI&quot;, Roboto, &quot;Helvetica Neue&quot;, Arial, &quot;Noto Sans&quot;, sans-serif, &quot;Apple Color Emoji&quot;, &quot;Segoe UI Emoji&quot;, &quot;Segoe UI Symbol&quot;, &quot;Noto Color Emoji&quot;; font-size: 18px;\">&#13;<br \/>\n\t<strong>El ConectaBalear CV Manacor ha cerrado por todo lo alto en VII Trofeu Ciutat de Manacor venciendo, por la v\u00eda r\u00e1pida, a Portugal 3-0. Los hombres de Alexis Gonz\u00e1lez, que ya ganaron a dicho rival la jornada del s\u00e1bado 27 de septiembre, han vuelto a demostrar su solidez y constancia en pista, con un ataque efectivo sin dar respiro a la recepci\u00f3n portuguesa.\u00a0<\/strong><\/p>\n<p style=\"box-sizing: border-box; margin-block: 0px 0.9rem; color: rgb(0, 0, 0); font-family: -apple-system, BlinkMacSystemFont, &quot;Segoe UI&quot;, Roboto, &quot;Helvetica Neue&quot;, Arial, &quot;Noto Sans&quot;, sans-serif, &quot;Apple Color Emoji&quot;, &quot;Segoe UI Emoji&quot;, &quot;Segoe UI Symbol&quot;, &quot;Noto Color Emoji&quot;; font-size: 18px;\">&#13;<br \/>\n\tEl primer set se inici\u00f3 con ambos equipos parejos hasta el 16-16. Manacor empez\u00f3 a marcar la diferencia con buenas jugadas 19-17, destacando la efectividad en ataque de Fausto D\u00edaz. Por su parte, Portugal fue mostrando ciertos desajustes en recepci\u00f3n que le imposibilitaron girar las tornas del marcador ante unos locales m\u00e1s s\u00f3lidos que cerraron el set 25-23.<\/p>\n<p style=\"box-sizing: border-box; margin-block: 0px 0.9rem; color: rgb(0, 0, 0); font-family: -apple-system, BlinkMacSystemFont, &quot;Segoe UI&quot;, Roboto, &quot;Helvetica Neue&quot;, Arial, &quot;Noto Sans&quot;, sans-serif, &quot;Apple Color Emoji&quot;, &quot;Segoe UI Emoji&quot;, &quot;Segoe UI Symbol&quot;, &quot;Noto Color Emoji&quot;; font-size: 18px;\">&#13;<br \/>\n\tLa buena din\u00e1mica defensiva del Manacor continu\u00f3 en el segundo set, ante un Portugal que no terminaba de acoplarse al ritmo de juego, a pesar de realizar buenas jugadas en bloqueo 15-11. En la recta final, los visitantes se enchufaron en ataque, presionando en la red al Manacor y recortando distancias, pero les falt\u00f3 tiempo, terminando el set 25-23.<\/p>\n<p style=\"box-sizing: border-box; margin-block: 0px 0.9rem; color: rgb(0, 0, 0); font-family: -apple-system, BlinkMacSystemFont, &quot;Segoe UI&quot;, Roboto, &quot;Helvetica Neue&quot;, Arial, &quot;Noto Sans&quot;, sans-serif, &quot;Apple Color Emoji&quot;, &quot;Segoe UI Emoji&quot;, &quot;Segoe UI Symbol&quot;, &quot;Noto Color Emoji&quot;; font-size: 18px;\">&#13;<br \/>\n\tEn el tercer set se pudo observar a un Manacor que sali\u00f3 enchufado, imponiendo un juego r\u00e1pido y efectivo. Portugal no pudo parar el ataque manacor\u00ed, que fue muy efectivo durante todo el set 11-6. El bloqueo local tambi\u00e9n funcion\u00f3, frenando varios intentos ofensivos del rival. La recepci\u00f3n portuguesa no encontr\u00f3 respiro ante la presi\u00f3n manacorina, que cerr\u00f3 el set 25-20.<\/p>\n<p style=\"box-sizing: border-box; margin-block: 0px 0.9rem; color: rgb(0, 0, 0); font-family: -apple-system, BlinkMacSystemFont, &quot;Segoe UI&quot;, Roboto, &quot;Helvetica Neue&quot;, Arial, &quot;Noto Sans&quot;, sans-serif, &quot;Apple Color Emoji&quot;, &quot;Segoe UI Emoji&quot;, &quot;Segoe UI Symbol&quot;, &quot;Noto Color Emoji&quot;; font-size: 18px;\">&#13;<br \/>\n\tFICHA T\u00c9CNICA:<\/p>\n<p style=\"box-sizing: border-box; margin-block: 0px 0.9rem; color: rgb(0, 0, 0); font-family: -apple-system, BlinkMacSystemFont, &quot;Segoe UI&quot;, Roboto, &quot;Helvetica Neue&quot;, Arial, &quot;Noto Sans&quot;, sans-serif, &quot;Apple Color Emoji&quot;, &quot;Segoe UI Emoji&quot;, &quot;Segoe UI Symbol&quot;, &quot;Noto Color Emoji&quot;; font-size: 18px;\">&#13;<br \/>\n\tCONECTABALEAR CV MANACOR \u2013 SPORTING CLUBE DE PORTUGAL: 3-0<\/p>\n<p style=\"box-sizing: border-box; margin-block: 0px 0.9rem; color: rgb(0, 0, 0); font-family: -apple-system, BlinkMacSystemFont, &quot;Segoe UI&quot;, Roboto, &quot;Helvetica Neue&quot;, Arial, &quot;Noto Sans&quot;, sans-serif, &quot;Apple Color Emoji&quot;, &quot;Segoe UI Emoji&quot;, &quot;Segoe UI Symbol&quot;, &quot;Noto Color Emoji&quot;; font-size: 18px;\">&#13;<br \/>\n\tPARCIALES: 1-0 (25-23), 2-0 (25-23), 3-0 (25- 20)<\/p>\n<p style=\"box-sizing: border-box; margin-block: 0px 0.9rem; color: rgb(0, 0, 0); font-family: -apple-system, BlinkMacSystemFont, &quot;Segoe UI&quot;, Roboto, &quot;Helvetica Neue&quot;, Arial, &quot;Noto Sans&quot;, sans-serif, &quot;Apple Color Emoji&quot;, &quot;Segoe UI Emoji&quot;, &quot;Segoe UI Symbol&quot;, &quot;Noto Color Emoji&quot;; font-size: 18px;\">&#13;<br \/>\n\tCONECTABALEAR CV MANACOR: Ribas A., Nieves C., Linares K., Kobzev V., Lorente R., Diaz F., Cair\u00fas R (L).\u00a0<\/p>\n<p style=\"box-sizing: border-box; margin-block: 0px 0.9rem; color: rgb(0, 0, 0); font-family: -apple-system, BlinkMacSystemFont, &quot;Segoe UI&quot;, Roboto, &quot;Helvetica Neue&quot;, Arial, &quot;Noto Sans&quot;, sans-serif, &quot;Apple Color Emoji&quot;, &quot;Segoe UI Emoji&quot;, &quot;Segoe UI Symbol&quot;, &quot;Noto Color Emoji&quot;; font-size: 18px;\">&#13;<br \/>\n\tSPORTING CLUBE DE PORTUGAL: Louren\u00e7o, Velasquez A., Kyed., Pereira T., Barth T., Kelton., Peren N (L). Tambi\u00e9n jugaron: Sousa G (L)., Aguenier.<\/p>\n<p style=\"box-sizing: border-box; margin-block: 0px 0.9rem; color: rgb(0, 0, 0); font-family: -apple-system, BlinkMacSystemFont, &quot;Segoe UI&quot;, Roboto, &quot;Helvetica Neue&quot;, Arial, &quot;Noto Sans&quot;, sans-serif, &quot;Apple Color Emoji&quot;, &quot;Segoe UI Emoji&quot;, &quot;Segoe UI Symbol&quot;, &quot;Noto Color Emoji&quot;; font-size: 18px;\">&#13;<br \/>\n\t\u00a0<\/p>\n<p style=\"box-sizing: border-box; margin-block: 0px 0.9rem; color: rgb(0, 0, 0); font-family: -apple-system, BlinkMacSystemFont, &quot;Segoe UI&quot;, Roboto, &quot;Helvetica Neue&quot;, Arial, &quot;Noto Sans&quot;, sans-serif, &quot;Apple Color Emoji&quot;, &quot;Segoe UI Emoji&quot;, &quot;Segoe UI Symbol&quot;, &quot;Noto Color Emoji&quot;; font-size: 18px;\">&#13;<br \/>\n\tInforma Conectabalear CV Manacor<\/p>\n","protected":false},"excerpt":{"rendered":"&#13; &#13; &#13; &#13; &#13; VII Trofeu Ciutat de Manacor&#13; &#13; El ConectaBalear CV Manacor ha cerrado por&hellip;\n","protected":false},"author":2,"featured_media":145933,"comment_status":"","ping_status":"","sticky":false,"template":"","format":"standard","meta":{"footnotes":""},"categories":[5],"tags":[17,18,25,24,13,14,11,19,20,9,10,15,16,23,12,21,22],"class_list":{"0":"post-145932","1":"post","2":"type-post","3":"status-publish","4":"format-standard","5":"has-post-thumbnail","7":"category-titulares","8":"tag-breaking-news","9":"tag-breakingnews","10":"tag-es","11":"tag-espana","12":"tag-featured-news","13":"tag-featurednews","14":"tag-headlines","15":"tag-latest-news","16":"tag-latestnews","17":"tag-news","18":"tag-noticias","19":"tag-noticias-destacadas","20":"tag-noticiasdestacadas","21":"tag-spain","22":"tag-titulares","23":"tag-ultimas-noticias","24":"tag-ultimasnoticias"},"share_on_mastodon":{"url":"","error":""},"_links":{"self":[{"href":"https:\/\/www.europesays.com\/es\/wp-json\/wp\/v2\/posts\/145932","targetHints":{"allow":["GET"]}}],"collection":[{"href":"https:\/\/www.europesays.com\/es\/wp-json\/wp\/v2\/posts"}],"about":[{"href":"https:\/\/www.europesays.com\/es\/wp-json\/wp\/v2\/types\/post"}],"author":[{"embeddable":true,"href":"https:\/\/www.europesays.com\/es\/wp-json\/wp\/v2\/users\/2"}],"replies":[{"embeddable":true,"href":"https:\/\/www.europesays.com\/es\/wp-json\/wp\/v2\/comments?post=145932"}],"version-history":[{"count":0,"href":"https:\/\/www.europesays.com\/es\/wp-json\/wp\/v2\/posts\/145932\/revisions"}],"wp:featuredmedia":[{"embeddable":true,"href":"https:\/\/www.europesays.com\/es\/wp-json\/wp\/v2\/media\/145933"}],"wp:attachment":[{"href":"https:\/\/www.europesays.com\/es\/wp-json\/wp\/v2\/media?parent=145932"}],"wp:term":[{"taxonomy":"category","embeddable":true,"href":"https:\/\/www.europesays.com\/es\/wp-json\/wp\/v2\/categories?post=145932"},{"taxonomy":"post_tag","embeddable":true,"href":"https:\/\/www.europesays.com\/es\/wp-json\/wp\/v2\/tags?post=145932"}],"curies":[{"name":"wp","href":"https:\/\/api.w.org\/{rel}","templated":true}]}}