{"id":145934,"date":"2025-09-29T07:37:09","date_gmt":"2025-09-29T07:37:09","guid":{"rendered":"https:\/\/www.europesays.com\/es\/145934\/"},"modified":"2025-09-29T07:37:09","modified_gmt":"2025-09-29T07:37:09","slug":"el-barca-se-cita-con-la-historia-en-colonia-para-la-final-four","status":"publish","type":"post","link":"https:\/\/www.europesays.com\/es\/145934\/","title":{"rendered":"El Bar\u00e7a se cita con la historia en Colonia para la Final Four"},"content":{"rendered":"<p>            El equipo azulgrana buscar\u00e1 su 13\u00aa Champions en\u00a0una Final Four marcada por la igualdad, las bajas y el recuerdo amargo del Magdeburgo<\/p>\n<p>Este fin de semana, el <strong>Bar\u00e7a<\/strong>\u00a0vuelve a su escenario favorito: la <strong>Final Four<\/strong> de <strong>Colonia<\/strong>. Una ciudad que ha visto grandes gestas azulgranas y tambi\u00e9n golpes duros, como el vivido el a\u00f1o 2023 frente al <strong>Magdeburgo<\/strong>. Precisamente, el conjunto alem\u00e1n ser\u00e1 el rival en semifinales, una revancha esperada por un grupo que quiere cerrar el curso con el t\u00edtulo m\u00e1s prestigioso del balonmano europeo.<\/p>\n<p><img loading=\"lazy\" decoding=\"async\" class=\"wp-image-25665 size-full lazyload\" src=\"https:\/\/socblaugrana.com\/wp-content\/uploads\/2025\/06\/2025-05-23_FCBHANDBOLvsARANDA_125-scaled.jpg\" alt=\"Aitor Ari\u00f1o\" width=\"2560\" height=\"1707\" data-  \/>Aitor Ari\u00f1o durante su \u00faltima temporada con el Bar\u00e7a. Fuente: FC Barcelona<\/p>\n<p>No hay excusas. As\u00ed lo ha dejado claro <strong>Carlos Ortega<\/strong> en la rueda de prensa previa al viaje. <strong>\u00abSomos el Bar\u00e7a y competiremos\u00bb<\/strong>, ha asegurado el t\u00e9cnico, convencido de que el equipo ha trabajado \u00abmuy duro\u00bb en las \u00faltimas semanas y llega preparado para el desaf\u00edo. La moral est\u00e1 por las nubes tras conquistar la<strong> Copa del Rey<\/strong> y haber dejado atr\u00e1s un mes de abril cargado de dudas.<\/p>\n<p><strong>Un camino lleno de piedras<\/strong><\/p>\n<p><strong>No ha sido una temporada f\u00e1cil.<\/strong> Lesiones, altibajos de rendimiento y un calendario demoledor han puesto a prueba al equipo. <strong>Diez jugadores dejar\u00e1n la plantilla<\/strong> tras la Final Four y ese contexto ha influido en la din\u00e1mica del vestuario. Pero seg\u00fan <strong>Ortega<\/strong>, todo eso ya forma parte del pasado. \u00abAhora la situaci\u00f3n ya est\u00e1 resuelta. El equipo est\u00e1 totalmente metido y concentrado\u00bb.<\/p>\n<p>El Mandeburgo, sin embargo, no es cualquier rival. A pesar de sus problemas f\u00edsicos, especialmente la inc\u00f3gnita de <strong>Gisli Kristjansson<\/strong>, que viaj\u00f3 con el grupo, pero a\u00fan no tiene garantizada su presencia, los alemanes llegan con confianza tras un final de temporada explosivo. Ortega no los considera una bestia negra, aunque reconoce la dificultad de enfrentarse a un bloque tan s\u00f3lido. \u00abSiempre hemos estado igualados. Lo \u00fanico que pas\u00f3 es que perdimos el partido m\u00e1s importante\u00bb.<\/p>\n<p><strong>Colonia, entre cicatrices y sue\u00f1os<\/strong><\/p>\n<p>Desde que se instaur\u00f3 el formato actual de Final Four, el conjunto azulgrana ha estado en 13 de 16 ediciones, una cifra que habla por s\u00ed sola. Ning\u00fan otro club europeo puede presumir de esa regularidad. <strong>\u00abNo se puede normalizar estar cada a\u00f1o aqu\u00ed\u00bb,<\/strong> ha remarcado el entrenador malague\u00f1o, consciente del<strong> m\u00e9rito que supone llegar a estas altura<\/strong>s en un torneo tan exigente.<\/p>\n<p>Este a\u00f1o, sin el cartel de favorito, los azulgranas buscan volver a sorprender. Ni el<strong> F\u00fcchse Berl\u00edn<\/strong> en un gran estado de forma ni el Magdeburgo imponen a un equipo que ya ha demostrado que sabe ganar sin el foco encima. En palabras del entrenador: \u00abEn la Final Four han ca\u00eddo muchos favoritos. Cuando no nos daban por ganadores, nos llevamos el t\u00edtulo\u00bb.<\/p>\n<p><strong>Todo en juego<\/strong><\/p>\n<p>El <strong>s\u00e1bado a las 18:00 h<\/strong>, los aficionados cul\u00e9s mirar\u00e1n hacia Colonia con el coraz\u00f3n encogido. Es una semifinal, s\u00ed, pero tambi\u00e9n una oportunidad para <strong>cerrar con una sonrisa el ciclo<\/strong> de algunos jugadores que han marcado una \u00e9poca, como <strong>Gonzalo P\u00e9rez de Vargas <\/strong>o<strong> Aitor Ari\u00f1o<\/strong>. Una ocasi\u00f3n para transformar la frustraci\u00f3n en gloria y recordarle a<strong> Europa<\/strong> que el Bar\u00e7a nunca se rinde.<\/p>\n<p>&#8211; Publicidad &#8211;<\/p>\n<p><a href=\"https:\/\/1xaff.top\/L?tag=e_4661437m_79161c_&amp;site=4661437&amp;ad=79161\" aria-label=\"074fb14f-d6db-4ca0-a9ce-128845e1a59c\" rel=\"nofollow noopener\" target=\"_blank\"><img loading=\"lazy\" decoding=\"async\" src=\"https:\/\/www.europesays.com\/es\/wp-content\/uploads\/2025\/09\/074fb14f-d6db-4ca0-a9ce-128845e1a59c.jpeg\" alt=\"\" data-   width=\"728\" height=\"90\" style=\"display: inline-block; max-width: 100%; height: auto;\" class=\"lazyload\"\/><\/a>            <\/p>\n","protected":false},"excerpt":{"rendered":"El equipo azulgrana buscar\u00e1 su 13\u00aa Champions en\u00a0una Final Four marcada por la igualdad, las bajas y el&hellip;\n","protected":false},"author":2,"featured_media":145935,"comment_status":"","ping_status":"","sticky":false,"template":"","format":"standard","meta":{"footnotes":""},"categories":[278],"tags":[517,376,44621,168,25,24,881,12000,375,23,167],"class_list":{"0":"post-145934","1":"post","2":"type-post","3":"status-publish","4":"format-standard","5":"has-post-thumbnail","7":"category-balonmano","8":"tag-actualidad","9":"tag-balonmano","10":"tag-barca-balonmano","11":"tag-deportes","12":"tag-es","13":"tag-espana","14":"tag-fc-barcelona","15":"tag-final-four","16":"tag-handball","17":"tag-spain","18":"tag-sports"},"share_on_mastodon":{"url":"","error":""},"_links":{"self":[{"href":"https:\/\/www.europesays.com\/es\/wp-json\/wp\/v2\/posts\/145934","targetHints":{"allow":["GET"]}}],"collection":[{"href":"https:\/\/www.europesays.com\/es\/wp-json\/wp\/v2\/posts"}],"about":[{"href":"https:\/\/www.europesays.com\/es\/wp-json\/wp\/v2\/types\/post"}],"author":[{"embeddable":true,"href":"https:\/\/www.europesays.com\/es\/wp-json\/wp\/v2\/users\/2"}],"replies":[{"embeddable":true,"href":"https:\/\/www.europesays.com\/es\/wp-json\/wp\/v2\/comments?post=145934"}],"version-history":[{"count":0,"href":"https:\/\/www.europesays.com\/es\/wp-json\/wp\/v2\/posts\/145934\/revisions"}],"wp:featuredmedia":[{"embeddable":true,"href":"https:\/\/www.europesays.com\/es\/wp-json\/wp\/v2\/media\/145935"}],"wp:attachment":[{"href":"https:\/\/www.europesays.com\/es\/wp-json\/wp\/v2\/media?parent=145934"}],"wp:term":[{"taxonomy":"category","embeddable":true,"href":"https:\/\/www.europesays.com\/es\/wp-json\/wp\/v2\/categories?post=145934"},{"taxonomy":"post_tag","embeddable":true,"href":"https:\/\/www.europesays.com\/es\/wp-json\/wp\/v2\/tags?post=145934"}],"curies":[{"name":"wp","href":"https:\/\/api.w.org\/{rel}","templated":true}]}}