{"id":145936,"date":"2025-09-29T07:38:09","date_gmt":"2025-09-29T07:38:09","guid":{"rendered":"https:\/\/www.europesays.com\/es\/145936\/"},"modified":"2025-09-29T07:38:09","modified_gmt":"2025-09-29T07:38:09","slug":"el-novillero-pedro-andres-pasea-una-oreja-en-olmedo","status":"publish","type":"post","link":"https:\/\/www.europesays.com\/es\/145936\/","title":{"rendered":"El novillero Pedro Andr\u00e9s pasea una oreja en Olmedo"},"content":{"rendered":"<p>Casi lleno en el coqueto coso olmedano para presenciar el festival mixto sin picadores con motivo de las fiestas patronales de la Ciudad del Caballero. Se lidiaron cuatro novillos del hierro salmantino de Los Requiles y uno, el primero, de la ganader\u00eda palentina de Conchi Quijano. Los erales charros manejables. El de la ganadera de Carri\u00f3n de los Condes result\u00f3 deslucido.<\/p>\n<p><strong>Sergio Dom\u00ednguez<\/strong><\/p>\n<p>Abri\u00f3 festejo el rejoneador riojano Sergio Dom\u00ednguez. Estuvo entonado y con disposici\u00f3n ante el deslucido primero de Conchi Quijano, pero le falt\u00f3 acierto con los aceros y al descordar al animal todo qued\u00f3 en un silencio sepulcral.<\/p>\n<p>Con el que hizo cuarto, un buen eral de Los Requiles que brind\u00f3 a Sim\u00f3n Caminero, hubo m\u00e1s brillantez con un Dom\u00ednguez que ofrece todo un espect\u00e1culo de doma y sabe llegar al p\u00fablico. Tuvo que echar pie a tierra para descabellar y eso impidi\u00f3 cortar trofeos. Dio una vuelta al ruedo.<\/p>\n<p><strong>Pedro Andr\u00e9s<\/strong><\/p>\n<p>El novillero alav\u00e9s vino sustituyendo al anunciado \u00c1lvaro Serrano. T\u00e9cnica y oficio bien desarrollado tiene el espigado diestro que apodera Jorge Manrique. Dio una vuelta al ruedo tras un trasteo interesante y un espadazo en todo lo alto, pero la tardanza en doblar el animal enfri\u00f3 los \u00e1nimos del tendido.<\/p>\n<p>Con el que hizo quinto, un animal bien presentado y con volumen, pero rajado, Pedro Andr\u00e9s estuvo muy digno y con pasajes interesantes hasta que el eral qued\u00f3 mermado de fuerzas tras una vuelta de campana, adem\u00e1s el diestro vitoriano sufri\u00f3 un achuch\u00f3n sin consecuencias en el centro del ruedo. Mat\u00f3 de nuevo de forma magistral y pase\u00f3 una oreja.<\/p>\n<p><strong>Pedro Caminero<\/strong><\/p>\n<p>El tercer eral de Los Requiles, de buen juego en general, fue lidiado y estoqueado por el novillero sin caballos Pedro Caminero, que mantiene una l\u00ednea elegante en sus formas de manejar las telas toreras. Lo hace armoniosamente y con mucha torer\u00eda. Otra historia es la espada. Pero el p\u00fablico lo sac\u00f3 a saludar con una gran ovaci\u00f3n y dio una vuelta al ruedo.<\/p>\n<p><strong>La familia Caminero<\/strong><\/p>\n<p>En el tendido y en el callej\u00f3n estaba toda la familia Caminero, desde el veterano y querido Sim\u00f3n, (con su Mar\u00eda Jes\u00fas de toda la vida) hasta sus nietas Lola y Cayetana, esta novia del diestro salmantino Ismael Mart\u00edn, quien lleva una temporada muy ilusionante; e hija de Asun Caminero, una especialista en medicina taurina que se encontraba en el burladero de m\u00e9dicos del coso atenta a cualquier eventualidad de la lidia. Esta m\u00e9dica taurina palentina cubre m\u00e1s de 100 festejos cada temporada.<\/p>\n<p>Por cierto, algunas asociaciones taurinas de la regi\u00f3n est\u00e1n enviando sugerencias a la Junta para que le sea concedido al bueno de Sim\u00f3n Caminero el Premio Tauromaquia de Castilla y Le\u00f3n 2025. No es mala idea. Sim\u00f3n ha sido empresario, apoderado y ganadero durante toda su vida. Y siempre apoyando a la Tauromaquia en toda la Comunidad desde su feudo de Carri\u00f3n de los Condes.<\/p>\n<p><strong>Novillada en Mayorga<\/strong><\/p>\n<p>Por otro lado, este domingo\u00a0se celebr\u00f3 la primera de las novilladas anunciadas en Mayorga con motivo de sus fiestas patronales en honor de Santo Toribio. Este a\u00f1o los festejos de montera est\u00e1n dedicados a las novilladas sin picadores, donde intervienen alumnos de las distintas escuelas taurinas, regionales y nacionales.<\/p>\n<p>En la de este domingo hicieron el pase\u00edllo cuatro j\u00f3venes novilleros: Alejandro Gonz\u00e1lez (Albacete), \u00c1lvaro Briones y No\u00e9 Garc\u00eda (Salamanca) y el vallisoletano Diego Ortega (Valladolid). Ortega es nieto e hijo de la dinast\u00eda de los taquilleros del coso pucelano durante varios decenios.<\/p>\n<p>Los cuatro rayaron a buena altura y cortaron una oreja cada uno de ellos a una sensacional novillada de la divisa charra de Lorenzo Rodr\u00edguez (Espioja). El viento condicion\u00f3 parte de la lidia en una tarde donde, un a\u00f1o m\u00e1s, el coso desmontable de la Plaza de Espa\u00f1a se llen\u00f3 en casi tres cuartos de su aforo.<\/p>\n<p>Para este lunes se anuncia la segunda de las novilladas y har\u00e1n el pase\u00edllo el rejoneador Adri\u00e1n Venegas y los novilleros sin picadores H\u00e9ctor Mucientes (La Pedraja de Portillo) y Adri\u00e1n Gabella (Benavente). Se lidiar\u00e1n cuatro erales del hierro salmantino de Vellosino.<\/p>\n<p>Adem\u00e1s de los festejos de montera, son numerosos los festejos populares que se celebran en Mayorga y que organiza el Consistorio con Jorge Manrique de gestor y asesor de los mismos.<\/p>\n","protected":false},"excerpt":{"rendered":"Casi lleno en el coqueto coso olmedano para presenciar el festival mixto sin picadores con motivo de las&hellip;\n","protected":false},"author":2,"featured_media":145937,"comment_status":"","ping_status":"","sticky":false,"template":"","format":"standard","meta":{"footnotes":""},"categories":[277],"tags":[2545,13240,373,29320,3590,168,25,24,1949,6443,44897,41662,40634,20962,3614,23,167,625,374,444,1607],"class_list":{"0":"post-145936","1":"post","2":"type-post","3":"status-publish","4":"format-standard","5":"has-post-thumbnail","7":"category-toreo","8":"tag-albacete","9":"tag-briones","10":"tag-bullfighting","11":"tag-carrion-de-los-condes","12":"tag-castilla-y-leon","13":"tag-deportes","14":"tag-es","15":"tag-espana","16":"tag-ganaderia","17":"tag-junta-de-castilla-y-leon","18":"tag-la-pedraja-de-portillo","19":"tag-mayorga","20":"tag-olmedo","21":"tag-plaza-de-espana","22":"tag-salamanca","23":"tag-spain","24":"tag-sports","25":"tag-tauromaquia","26":"tag-toreo","27":"tag-toros","28":"tag-valladolid"},"share_on_mastodon":{"url":"","error":""},"_links":{"self":[{"href":"https:\/\/www.europesays.com\/es\/wp-json\/wp\/v2\/posts\/145936","targetHints":{"allow":["GET"]}}],"collection":[{"href":"https:\/\/www.europesays.com\/es\/wp-json\/wp\/v2\/posts"}],"about":[{"href":"https:\/\/www.europesays.com\/es\/wp-json\/wp\/v2\/types\/post"}],"author":[{"embeddable":true,"href":"https:\/\/www.europesays.com\/es\/wp-json\/wp\/v2\/users\/2"}],"replies":[{"embeddable":true,"href":"https:\/\/www.europesays.com\/es\/wp-json\/wp\/v2\/comments?post=145936"}],"version-history":[{"count":0,"href":"https:\/\/www.europesays.com\/es\/wp-json\/wp\/v2\/posts\/145936\/revisions"}],"wp:featuredmedia":[{"embeddable":true,"href":"https:\/\/www.europesays.com\/es\/wp-json\/wp\/v2\/media\/145937"}],"wp:attachment":[{"href":"https:\/\/www.europesays.com\/es\/wp-json\/wp\/v2\/media?parent=145936"}],"wp:term":[{"taxonomy":"category","embeddable":true,"href":"https:\/\/www.europesays.com\/es\/wp-json\/wp\/v2\/categories?post=145936"},{"taxonomy":"post_tag","embeddable":true,"href":"https:\/\/www.europesays.com\/es\/wp-json\/wp\/v2\/tags?post=145936"}],"curies":[{"name":"wp","href":"https:\/\/api.w.org\/{rel}","templated":true}]}}