{"id":145938,"date":"2025-09-29T07:40:13","date_gmt":"2025-09-29T07:40:13","guid":{"rendered":"https:\/\/www.europesays.com\/es\/145938\/"},"modified":"2025-09-29T07:40:13","modified_gmt":"2025-09-29T07:40:13","slug":"la-ryder-cup-es-todo-para-mi","status":"publish","type":"post","link":"https:\/\/www.europesays.com\/es\/145938\/","title":{"rendered":"\u201cLa Ryder Cup es todo para m\u00ed\u201d"},"content":{"rendered":"<p>\t\t\t\t\t\u201cHe tenido la suerte de vivir cosas incre\u00edbles en este juego, pero estas han sido las dos horas m\u00e1s duras de toda mi vida\u201d, declaraba el irland\u00e9s<br \/>\n<img fetchpriority=\"high\" decoding=\"async\" class=\"size-full wp-image-319566\" src=\"https:\/\/www.europesays.com\/es\/wp-content\/uploads\/2025\/09\/Shane-Lowry-Ryder-Cup-2025-declas-dia-3-650.jpg\" alt=\"Shane Lowry, Declaraciones Shane Lowry, Ryder Cup, Ryder Cup 2025, Bethpage Black, \" width=\"650\" height=\"433\"  \/>Shane Lowry no pod\u00eda articular palabra tras conseguir el medio punto que Europa necesitaba<\/p>\n<p style=\"text-align: justify;\">En el green del 18 de <strong>Bethpage Black<\/strong> se escribi\u00f3 una de esas p\u00e1ginas imborrables de la historia de la <strong>Ryder Cup<\/strong>. Bajo una tensi\u00f3n insoportable, con <strong>Europa<\/strong> contra las cuerdas y necesitada como agua de mayo de medio punto para retener el trofeo, <a style=\"color: #008000;\" href=\"https:\/\/opengolf.es\/circuitos\/el-putt-de-shane-lowry-que-retuvo-la-ryder-cup-un-instante-eterno-en-la-historia-del-golf-europeo\/\" rel=\"nofollow noopener\" target=\"_blank\"><strong>Shane Lowry emboc\u00f3 un putt<\/strong><\/a> que quedar\u00e1 grabado para siempre en la memoria colectiva del golf.<\/p>\n<p style=\"text-align: justify;\">\u201cHe tenido la suerte de vivir cosas incre\u00edbles en este juego, pero estas han sido las dos horas m\u00e1s duras de toda mi vida. No puedo creer que esa bola entrara. Me puse sobre el putt pensando: \u2018Este es el momento\u2019\u201d; confesaba entre l\u00e1grimas el irland\u00e9s en ese mismo green; a\u00fan incr\u00e9dulo tras sellar el empate con <strong>Russell Henley<\/strong> que aseguraba la permanencia de la copa en manos europeas.<\/p>\n<p style=\"text-align: justify;\">El campe\u00f3n del Open en 2019 no dud\u00f3 en situar este instante en la cima de su carrera. \u201cLe dije a Darren (su caddie) en el 18: \u2018Tengo la oportunidad de hacer lo m\u00e1s grande de mi vida aqu\u00ed\u2019. La Ryder Cup significa absolutamente todo para m\u00ed. He ganado un Open en Irlanda, un sue\u00f1o cumplido. Pero la Ryder Cup para m\u00ed lo es todo, y hacerlo hoy, en el 18, delante de todos\u2026 ha sido dur\u00edsimo\u201d.<\/p>\n<p style=\"text-align: justify;\">Lowry no se olvid\u00f3 de reconocer la bravura del rival. \u201cSab\u00edamos que los estadounidenses iban a salir a pelear, y lo hicieron. Hemos retenido (en esos momentos) la copa, pero queremos ganarla tambi\u00e9n\u201d.<\/p>\n<p style=\"text-align: justify;\"><strong>Puede seguir a OpenGolf en <\/strong><a style=\"color: #008000;\" href=\"https:\/\/www.facebook.com\/opengolfes.es\/\" rel=\"nofollow noopener\" target=\"_blank\"><strong>Facebook<\/strong><\/a><strong>; <\/strong><a style=\"color: #008000;\" href=\"https:\/\/twitter.com\/opengolf_news\" rel=\"nofollow noopener\" target=\"_blank\"><strong>Twitter<\/strong><\/a><strong>; <\/strong><a style=\"color: #008000;\" href=\"https:\/\/www.linkedin.com\/in\/fernando-molina-b1455a14\/\" rel=\"nofollow noopener\" target=\"_blank\"><strong>LinkedIn<\/strong><\/a><strong> y suscribi\u00e9ndose a trav\u00e9s de este enlace a nuestra <\/strong><a style=\"color: #008000;\" href=\"https:\/\/opengolf.es\/newsletters.php\" rel=\"nofollow noopener\" target=\"_blank\"><strong>Newsletter Semanal<\/strong><\/a><\/p>\n<p>\t\t\t\t<script async src=\"https:\/\/platform.twitter.com\/widgets.js\" charset=\"utf-8\"><\/script><\/p>\n","protected":false},"excerpt":{"rendered":"\u201cHe tenido la suerte de vivir cosas incre\u00edbles en este juego, pero estas han sido las dos horas&hellip;\n","protected":false},"author":2,"featured_media":145939,"comment_status":"","ping_status":"","sticky":false,"template":"","format":"standard","meta":{"footnotes":""},"categories":[275],"tags":[39987,44898,168,25,24,329,2624,24164,396,23,167],"class_list":{"0":"post-145938","1":"post","2":"type-post","3":"status-publish","4":"format-standard","5":"has-post-thumbnail","7":"category-golf","8":"tag-bethpage-black","9":"tag-declaraciones-shane-lowry","10":"tag-deportes","11":"tag-es","12":"tag-espana","13":"tag-golf","14":"tag-ryder-cup","15":"tag-ryder-cup-2025","16":"tag-shane-lowry","17":"tag-spain","18":"tag-sports"},"share_on_mastodon":{"url":"","error":""},"_links":{"self":[{"href":"https:\/\/www.europesays.com\/es\/wp-json\/wp\/v2\/posts\/145938","targetHints":{"allow":["GET"]}}],"collection":[{"href":"https:\/\/www.europesays.com\/es\/wp-json\/wp\/v2\/posts"}],"about":[{"href":"https:\/\/www.europesays.com\/es\/wp-json\/wp\/v2\/types\/post"}],"author":[{"embeddable":true,"href":"https:\/\/www.europesays.com\/es\/wp-json\/wp\/v2\/users\/2"}],"replies":[{"embeddable":true,"href":"https:\/\/www.europesays.com\/es\/wp-json\/wp\/v2\/comments?post=145938"}],"version-history":[{"count":0,"href":"https:\/\/www.europesays.com\/es\/wp-json\/wp\/v2\/posts\/145938\/revisions"}],"wp:featuredmedia":[{"embeddable":true,"href":"https:\/\/www.europesays.com\/es\/wp-json\/wp\/v2\/media\/145939"}],"wp:attachment":[{"href":"https:\/\/www.europesays.com\/es\/wp-json\/wp\/v2\/media?parent=145938"}],"wp:term":[{"taxonomy":"category","embeddable":true,"href":"https:\/\/www.europesays.com\/es\/wp-json\/wp\/v2\/categories?post=145938"},{"taxonomy":"post_tag","embeddable":true,"href":"https:\/\/www.europesays.com\/es\/wp-json\/wp\/v2\/tags?post=145938"}],"curies":[{"name":"wp","href":"https:\/\/api.w.org\/{rel}","templated":true}]}}