{"id":145942,"date":"2025-09-29T07:45:11","date_gmt":"2025-09-29T07:45:11","guid":{"rendered":"https:\/\/www.europesays.com\/es\/145942\/"},"modified":"2025-09-29T07:45:11","modified_gmt":"2025-09-29T07:45:11","slug":"milan-napoles-en-directo","status":"publish","type":"post","link":"https:\/\/www.europesays.com\/es\/145942\/","title":{"rendered":"Milan &#8211; N\u00e1poles en directo"},"content":{"rendered":"\n<p class=\"ue-c-article__paragraph \"><strong>\u00a1Buenas tardes! \u00bfC\u00f3mo est\u00e1n?<\/strong> Bienvenidos al &#8216;Calcio&#8217;.<strong> Milan y N\u00e1poles<\/strong> se ven las caras en esta quinta jornada de la Serie A.<strong> Luka Modric<\/strong> tratar\u00e1 de sacar tres puntos en casa frente al campe\u00f3n del &#8216;Scudetto&#8217;, liderado por su fichaje estrella,<strong> Kevin De Bruyne.<\/strong><\/p>\n<p class=\"ue-c-article__paragraph \"><strong>Todo un cl\u00e1sico del f\u00fatbol italiano. En los 80, Maradona<\/strong> pon\u00eda en aprietos a los &#8216;rossoneri&#8217;, dirigidos por Arrigo Sacchi. Ahora, las leyendas de Real Madrid y Manchester City siguen peleando por un &#8216;Scudetto&#8217; cada vez m\u00e1s disputado. No est\u00e1n solos. El conjunto partenopeo, que ha sido campe\u00f3 de Liga dos de los \u00faltimos tres a\u00f1os, cuenta con otra estrella forjada en Manchester como <strong>Scott McTominay<\/strong>.<\/p>\n<p class=\"ue-c-article__paragraph \">El escoc\u00e9s fue fundamental para conquistar el campeonato liguero el pasado a\u00f1o. Este curso,<strong> siguen l\u00edderes con pleno de victorias<\/strong> tras vencer al Pisa 3-2 en el Diego Armando Maradona. Tratar\u00e1 de romper este invicto un cuadro lombardo que ha escalado a<strong> puestos de Champions<\/strong>. En la primera jornada,<strong> &#8216;pinch\u00f3&#8217; ante la reci\u00e9n ascendida Cremonese<\/strong>, pero ha vencido todos sus duelos desde aquel encuentro.<\/p>\n<p class=\"ue-c-article__paragraph \">El \u00faltimo, con un contundente 3-0 al Lecce.<strong> Luka Modric es el motor de una m\u00e1quina dirigida por Allegri <\/strong>que, poco a poco, recupera su nivel de gigante en Italia. As\u00ed pues, de nuevo en San Siro, tendr\u00e1 su primera prueba de fuego, ante el campe\u00f3n. El partido a\u00fan no ha arrancado, pero en MARCA comenzamos ya, <strong>\u00a1vamos, que esto empieza!<\/strong><\/p>\n","protected":false},"excerpt":{"rendered":"\u00a1Buenas tardes! \u00bfC\u00f3mo est\u00e1n? Bienvenidos al &#8216;Calcio&#8217;. Milan y N\u00e1poles se ven las caras en esta quinta jornada&hellip;\n","protected":false},"author":2,"featured_media":145943,"comment_status":"","ping_status":"","sticky":false,"template":"","format":"standard","meta":{"footnotes":""},"categories":[268],"tags":[8435,168,25,24,280,282,1698,40257,25718,4523,281,23,167],"class_list":{"0":"post-145942","1":"post","2":"type-post","3":"status-publish","4":"format-standard","5":"has-post-thumbnail","7":"category-futbol","8":"tag-ac-milan","9":"tag-deportes","10":"tag-es","11":"tag-espana","12":"tag-football","13":"tag-futbol","14":"tag-futbol-internacional","15":"tag-kevin-de-bruyne","16":"tag-luka-modric","17":"tag-serie-a","18":"tag-soccer","19":"tag-spain","20":"tag-sports"},"share_on_mastodon":{"url":"","error":""},"_links":{"self":[{"href":"https:\/\/www.europesays.com\/es\/wp-json\/wp\/v2\/posts\/145942","targetHints":{"allow":["GET"]}}],"collection":[{"href":"https:\/\/www.europesays.com\/es\/wp-json\/wp\/v2\/posts"}],"about":[{"href":"https:\/\/www.europesays.com\/es\/wp-json\/wp\/v2\/types\/post"}],"author":[{"embeddable":true,"href":"https:\/\/www.europesays.com\/es\/wp-json\/wp\/v2\/users\/2"}],"replies":[{"embeddable":true,"href":"https:\/\/www.europesays.com\/es\/wp-json\/wp\/v2\/comments?post=145942"}],"version-history":[{"count":0,"href":"https:\/\/www.europesays.com\/es\/wp-json\/wp\/v2\/posts\/145942\/revisions"}],"wp:featuredmedia":[{"embeddable":true,"href":"https:\/\/www.europesays.com\/es\/wp-json\/wp\/v2\/media\/145943"}],"wp:attachment":[{"href":"https:\/\/www.europesays.com\/es\/wp-json\/wp\/v2\/media?parent=145942"}],"wp:term":[{"taxonomy":"category","embeddable":true,"href":"https:\/\/www.europesays.com\/es\/wp-json\/wp\/v2\/categories?post=145942"},{"taxonomy":"post_tag","embeddable":true,"href":"https:\/\/www.europesays.com\/es\/wp-json\/wp\/v2\/tags?post=145942"}],"curies":[{"name":"wp","href":"https:\/\/api.w.org\/{rel}","templated":true}]}}