{"id":145950,"date":"2025-09-29T07:49:06","date_gmt":"2025-09-29T07:49:06","guid":{"rendered":"https:\/\/www.europesays.com\/es\/145950\/"},"modified":"2025-09-29T07:49:06","modified_gmt":"2025-09-29T07:49:06","slug":"el-estreno-en-abierto-de-oppenheimer-13-7-gana-el-oscar-del-prime-time-pese-al-record-de-supervivientes-13-5-eldiario-es","status":"publish","type":"post","link":"https:\/\/www.europesays.com\/es\/145950\/","title":{"rendered":"El estreno en abierto de &#039;Oppenheimer&#039; (13.7%) gana el &#039;Oscar&#039; del prime time pese al r\u00e9cord de &#039;Supervivientes&#039; (13.5%) &#8211; elDiario.es"},"content":{"rendered":"<ol>\n<li><a href=\"https:\/\/news.google.com\/rss\/articles\/CBMi-AFBVV95cUxQZ0xZLURyYllXQWlBU08yMVd0NVFDbkpaWWFwVjNvSW80N0ZHMHg1cTJOUDlLN3JVTWFHcjV3Y0s4eFpBMzROSjRwUWtIXzJLYWw5UFZZTUdPYTBIMVd3T0lGQkhicHVyaFRlOFdpcUtvMU9ZVXNzdjJjWFgxZG9HRGtqU2tYb3ItZDMwZl9zelFtajYzX2pwakVLTDFsSW1ZYXVOc2pIdjh4UVNueGlLaklpbjhzMFl4Z3RkdVppSGV3WmstdXJvSV9aTU85bkJtX0FYVUZIZXNxNVRtcHo0X000ZXpFeDJCZVV0dFpTNFRaZTBZZzA0ctIB_gFBVV95cUxOT3V5Vi1acUR4di11M3Bibnc2Um1uQk1paGFVcVFwamRqcER6S1NZTnYxRl9tbUxEY3ZnM2lGWUVLUlhLQmpTSGtKYkJ0bEJ6LUlUTzJsUzV4VGZmYm9LUzZiSHh5ZE9CN09EWUhlR2llMlNEaFBrSG9yeEo4TDEwT2IwdVR5dmZmd3BuNmtEZGtaREhFRFlaLVRueGRGeGF6WEhpU2JFcXFCSG9BdmNuQWQxUWs1b2Z1ZGNweUFCd2pJVlpZUWZPMENocHNMSkpGeFZ2MjlwQURfMFNMVkR6T3pvWkJqakNLQm42ZEM5QW10aGpJLWZsOS1nbHFnZw?oc=5\" target=\"_blank\" rel=\"nofollow noopener\">El estreno en abierto de &#8216;Oppenheimer&#8217; (13.7%) gana el &#8216;Oscar&#8217; del prime time pese al r\u00e9cord de &#8216;Supervivientes&#8217; (13.5%)<\/a>&nbsp;&nbsp;elDiario.es<\/li>\n<li><a href=\"https:\/\/news.google.com\/rss\/articles\/CBMivAFBVV95cUxNMWE1VFU4Y181YlpTb1Q5by1OVXlWT1BXWEp3dU9TOVpmNGxjdUVmVUlYV3drTVJKbmdpQkwwbWJqZjFSVnhpVXIzYTRidXpHTWFWY0dOWVlySmdvMVJuWWRvU0gxeHNtazR6cXowb3E1dnhfdVRCZjItOFZSUUFwMlN1UXN4TnVWdTh2ZzVRQk1DVGxvdVlNb3Zwc0hrekp6Z3oydUhNek9TMXFlaWFYd1pVZTB3SExzY0lCTtIBwgFBVV95cUxQQ1ZTdmNJTThHNl9vRWdhY1c3a3NRUVdpei1XcHlkZDVOX2MzaG9ZMGRycVdaZTlwdjJ6cXA5dVhJV1R2VC1ycHp1X29OS0d1b0ZqNUF5MlJpbjNhc3pLdTVRTnVaTnlxc3dTcGZ4NUpKTk9GXzUwMHdOTW4zdkxwRGc2NlpiQ3N5US12SWlfQktOd1BHT242T2ZzQkdfRTl2a2h6Mjg4eC1VcnJLRk9HYmdvc1dnOXk4d2tWM0hyMmpiQQ?oc=5\" target=\"_blank\" rel=\"nofollow noopener\">Audiencias TV | La 1 gana a &#8216;Supervivientes All Stars&#8217; con el estreno de &#8216;Oppenheimer&#8217;<\/a>&nbsp;&nbsp;El Confidencial<\/li>\n<li><a href=\"https:\/\/news.google.com\/rss\/articles\/CBMi1AFBVV95cUxPR05hTE90c2ZVTUZNRUZteTZMVlNwTmZ0MzlCX1RpbGtkUFFmSmI0QkNSbWdhRlVkdWtHeXk5a25kbjhiTXlIalM0ZFN5blpmT21Lb3dha2E4ZVNRanBteHQ2MHVTRGpRdU50aTk5QTh2MlRzQTZ6emtBbGx3eXFxS0lNZUgyT2xhSVlWX1o5U1prUTF2NDFiVkNRb1BTQmkyTnY0RzFlZ25xcU5BU09xWFRuazRSLVIwR3dqejE2Ym0xWjI3SXZQRXNiMnNXSXk1OTJJMtIB6AFBVV95cUxNdFU5aWhVanJpNGFYOTlTTDBDbnllUmJsUHJoaEZZWVk4NlNjTW1McVZ2NXZCNklsN3p5QXFSaDdTVXBGaDBzQ1JtaWU2TGlOQ1JmVFNPM3RGaXJsYm5DZnRaM0x4S1Itbmp0TTBCck84S0Ywa2FoQkotaG5WZHZyTUFjWGJRZnp1RWo5cVZsNW1GaGFkQWZKWHFMclZMN19IMS1PSVpMYzlvWjJyRGl2RngzU2d5dkhWLWhFUFoxZEVza1JGalJKUy1GajFNZlZhbTR1X3NCS3haNzQwYUM3QkRsZ3d3YjNQ?oc=5\" target=\"_blank\" rel=\"nofollow noopener\">La pel\u00edcula que hizo historia en los Oscar se estrena esta noche en La 1<\/a>&nbsp;&nbsp;La Raz\u00f3n<\/li>\n<li><a href=\"https:\/\/news.google.com\/rss\/articles\/CBMinAFBVV95cUxNa2dNaEdhVHJFLUpVbFcyd01sdm5Kek8tSEU1dFluLXROME9QcEw2YmRscmJjRjZaNG01N3R6Mm5velM5ZXRnVzVRRVZsczlLZTBVQ010cnhmUXRVaVVyeENUNlpvRm1paVhFdUFJTkY1eERGdU1ULVl2WmxPZW9EY3lUSG1Lck5DREhsM2FtWXdMRDNRSndtQXRWRXDSAaIBQVVfeXFMTjU2cHhWOUd3QnV2bzF2cWYyR0VVdk05Z2NBak52dTF6YVlJdmVhX1V2RWZiWm9HM1AwQkg1dHB5SnFiVU9wOFlQUjhKSUtlV3RaZjdRWS1KcGFZU0JPSWNBdm94eThJd1dtWEJWSkp6NWpaQzRLVE9TTXBFd0dmaktDclZMb0FCN1NsTVBJTE1WalI0NXc5TmN0NkJMRjBYck5n?oc=5\" target=\"_blank\" rel=\"nofollow noopener\">Hoy en TV, la obra definitiva de Christopher Nolan que arras\u00f3 con todo en su momento<\/a>&nbsp;&nbsp;Espinof<\/li>\n<li><a href=\"https:\/\/news.google.com\/rss\/articles\/CBMiogFBVV95cUxNTl9aMC1oSFMwaFM2LTR6RDhGRlZ0YkE4cFNReVp4ZVBFVnNGVExwNVU4cHJkbjZaYVRmWmtidUZFRFF4ZDJsS2dnVkRkb3UtMldBMmRFV0w3clk1c2NZd3dQM2lBX19tRlhxVFg1aWY1dE8yVU5ZM1NaMW5GNEJ0cDhDa1pOMkpYUEZwOFJudXFNTTY2S2lBYlNHZ1dwZFlCbHc?oc=5\" target=\"_blank\" rel=\"nofollow noopener\">La 1 en la TDT y RTVE Play online estrenan ma\u00f1ana una de las pel\u00edculas m\u00e1s importantes de los \u00faltimos a\u00f1os: Oppenheimer<\/a>&nbsp;&nbsp;ADSLZone<\/li>\n<\/ol>\n","protected":false},"excerpt":{"rendered":"El estreno en abierto de &#8216;Oppenheimer&#8217; (13.7%) gana el &#8216;Oscar&#8217; del prime time pese al r\u00e9cord de &#8216;Supervivientes&#8217;&hellip;\n","protected":false},"author":2,"featured_media":144214,"comment_status":"","ping_status":"","sticky":false,"template":"","format":"standard","meta":{"footnotes":""},"categories":[171],"tags":[146,147,25,24,23,214],"class_list":{"0":"post-145950","1":"post","2":"type-post","3":"status-publish","4":"format-standard","5":"has-post-thumbnail","7":"category-tv","8":"tag-entertainment","9":"tag-entretenimiento","10":"tag-es","11":"tag-espana","12":"tag-spain","13":"tag-tv"},"share_on_mastodon":{"url":"","error":""},"_links":{"self":[{"href":"https:\/\/www.europesays.com\/es\/wp-json\/wp\/v2\/posts\/145950","targetHints":{"allow":["GET"]}}],"collection":[{"href":"https:\/\/www.europesays.com\/es\/wp-json\/wp\/v2\/posts"}],"about":[{"href":"https:\/\/www.europesays.com\/es\/wp-json\/wp\/v2\/types\/post"}],"author":[{"embeddable":true,"href":"https:\/\/www.europesays.com\/es\/wp-json\/wp\/v2\/users\/2"}],"replies":[{"embeddable":true,"href":"https:\/\/www.europesays.com\/es\/wp-json\/wp\/v2\/comments?post=145950"}],"version-history":[{"count":0,"href":"https:\/\/www.europesays.com\/es\/wp-json\/wp\/v2\/posts\/145950\/revisions"}],"wp:featuredmedia":[{"embeddable":true,"href":"https:\/\/www.europesays.com\/es\/wp-json\/wp\/v2\/media\/144214"}],"wp:attachment":[{"href":"https:\/\/www.europesays.com\/es\/wp-json\/wp\/v2\/media?parent=145950"}],"wp:term":[{"taxonomy":"category","embeddable":true,"href":"https:\/\/www.europesays.com\/es\/wp-json\/wp\/v2\/categories?post=145950"},{"taxonomy":"post_tag","embeddable":true,"href":"https:\/\/www.europesays.com\/es\/wp-json\/wp\/v2\/tags?post=145950"}],"curies":[{"name":"wp","href":"https:\/\/api.w.org\/{rel}","templated":true}]}}